{"id":22054,"date":"2020-06-02T16:03:00","date_gmt":"2020-06-02T14:03:00","guid":{"rendered":"https:\/\/www.noworudzianin.pl\/WWW\/?p=22054"},"modified":"2020-06-04T16:26:26","modified_gmt":"2020-06-04T14:26:26","slug":"kolejna-zdalna-sesja-rady-miejskiej","status":"publish","type":"post","link":"https:\/\/www.noworudzianin.pl\/WWW\/2020\/06\/02\/kolejna-zdalna-sesja-rady-miejskiej\/","title":{"rendered":"Kolejna zdalna sesja rady miejskiej"},"content":{"rendered":"<p><strong>W \u015brod\u0119 27 maja odby\u0142a si\u0119, przeprowadzona drog\u0105 on-line, XXI sesja Rady Miejskiej w Nowej Rudzie.<\/strong><\/p>\n<p>G\u0142osowania nad uchwa\u0142ami poprzedzi\u0142y formalno\u015bci zwi\u0105zane z zatwierdzeniem protoko\u0142u z poprzedniej sesji i przyj\u0119ciem sprawozdania burmistrza z realizacji uchwa\u0142 oraz prac w okresie mi\u0119dzysesyjnym od 18 kwietnia do 18 maja. Podczas \u015brodowej sesji nawi\u0105zano do rocznicy XXX-lecia samorz\u0105du terytorialnego.<br \/>\nW punkcie dotycz\u0105cym sprawozdania burmistrza z dzia\u0142alno\u015bci mi\u0119dzysesyjnej, pytanie o inwestycj\u0119 zwi\u0105zan\u0105 z przebudow\u0105 basenu przy ul. Fredry, zada\u0142 Jerzy Pulit, wiceprzewodnicz\u0105cy Rady Miejskiej w Nowej Rudzie.<br \/>\n\u2013 Wniosek wykonawcy dotycz\u0105cy przed\u0142o\u017cenia terminu zako\u0144czenia prac by\u0142 oczywi\u015bcie zweryfikowany zar\u00f3wno przez Wydzia\u0142 Infrastruktury i Inwestycji jak i przez in\u017cyniera kontraktu. Nie jest to sytuacja zwi\u0105zana wprost z koronawirusem, cho\u0107 pewne rzeczy r\u00f3wnie\u017c maj\u0105 na to wp\u0142yw. Nie wykluczam kolejny taki wniosek od wykonawcy, ju\u017c stricte zwi\u0105zany z koronawirusem, czy te\u017c przepisami umo\u017cliwiaj\u0105cymi troch\u0119 inn\u0105 realizacj\u0119 kontraktu i um\u00f3w zawieranych w czasie epidemii \u2013 by\u0107 mo\u017ce wniosek b\u0119dzie dalej aneksowany \u2013 m\u00f3wi\u0142 Tomasz Kili\u0144ski. \u2013 Wniosek wykonawcy by\u0142 uzasadniony r\u00f3\u017cnymi elementami, kt\u00f3re w trakcie realizacji inwestycji wyst\u0119powa\u0142y \u2013 doda\u0142 burmistrz.<br \/>\nWed\u0142ug aneksu termin realizacji zadania pn. \u201eRewitalizacja teren\u00f3w rekreacyjnych wraz z zagospodarowaniem przestrzeni po\u0142o\u017conych przy ul. Fredry w mie\u015bcie Nowa Ruda\u201d wyznaczono do dnia 31 lipca 2020 r.<br \/>\nW punkcie dotycz\u0105cym prezentacji projekt\u00f3w uchwa\u0142 znalaz\u0142y si\u0119 dokumenty prawa lokalnego wprowadzaj\u0105ce zmiany w bud\u017cecie Gminy Miejskiej Nowa Ruda na 2020 rok oraz w Wieloletniej Prognozie Finansowej.<br \/>\nPonadto podczas majowej sesji radni przyj\u0119li do realizacji nast\u0119puj\u0105ce uchwa\u0142y:<br \/>\n\u2022 w sprawie zmiany wieloletniej prognozy finansowej miasta Nowa Ruda,<br \/>\n\u2022 w sprawie wprowadzenia zmian w bud\u017cecie miasta na rok 2020,<br \/>\n\u2022 w sprawie wzoru deklaracji o wysoko\u015bci op\u0142aty za gospodarowanie odpadami komunalnymi sk\u0142adanej przez w\u0142a\u015bciciela nieruchomo\u015bci,<br \/>\n\u2022 w sprawie wyra\u017cenia zgody na zawarcie umowy dzier\u017cawy na okres do 10 lat w trybie bezprzetargowym na grunty stanowi\u0105ce w\u0142asno\u015b\u0107 Gminy Miejskiej Nowa Ruda,<br \/>\n\u2022 w sprawie \u201eAktualizacji za\u0142o\u017ce\u0144 do planu zaopatrzenia Miasta Nowa Ruda w ciep\u0142o, energi\u0119 elektryczn\u0105 i paliwa gazowe na lata 2019-2034\u201d,<br \/>\n\u2022 w sprawie zawarcia porozumienia mi\u0119dzygminnego z Gmin\u0105 Nowa Ruda dotycz\u0105cego przewoz\u00f3w uczni\u00f3w niepe\u0142nosprawnych,<br \/>\n\u2022 zmieniaj\u0105ca uchwa\u0142\u0119 w sprawie utworzenia \u017b\u0142obka Miejskiego Nr 1 w Nowej Rudzie i nadania statutu,<br \/>\n\u2022 w sprawie rozpatrzenia skargi na dzia\u0142alno\u015b\u0107 Kierownika Miejskiego O\u015brodka Pomocy Spo\u0142ecznej w Nowej Rudzie.<br \/>\nW punkcie dotycz\u0105cym spraw r\u00f3\u017cnych, radny Janusz Staniocha poprosi\u0142 burmistrza Tomasza Kili\u0144skiego o przedstawienie sytuacji w mie\u015bcie w zwi\u0105zku z pandemi\u0105 koronawirusa.<br \/>\n\u2013 Wed\u0142ug danych z dnia 26 maja na terenie Nowej Rudy mamy 14 os\u00f3b zara\u017conych, a 3 osoby wyzdrowia\u0142y. Trwa etapowe uruchamianie poszczeg\u00f3lnych sfer \u017cycia spo\u0142ecznego i gospodarczego w naszym kraju. Je\u017celi chodzi o dopuszczone do dzia\u0142alno\u015bci przedszkola i \u017c\u0142obek, a tak\u017ce w tym tygodniu zaj\u0119cia wychowawczo-opieku\u0144cze w klasach I-III, na dzie\u0144 dzisiejszy wygl\u0105da to tak, \u017ce najwi\u0119kszym zainteresowaniem mieszka\u0144c\u00f3w cieszy si\u0119 \u017c\u0142obek, gdzie jest 17 dzieci na 42, kt\u00f3re by\u0142y przed stanem epidemii. W dniu dzisiejszym mam oczywi\u015bcie inne zasady i ograniczenia liczby dzieci, kt\u00f3re mog\u0105 znajdowa\u0107 si\u0119 w \u017c\u0142obku w zwi\u0105zku z zasadami, kt\u00f3re musimy przestrzega\u0107, co dotyczy nie tylko \u017c\u0142obka, ale te\u017c przedszkola i szko\u0142y, i w tym okre\u015blonym re\u017cimie sanitarnym niekt\u00f3re jednostki funkcjonuj\u0105. Dzia\u0142a te\u017c Przedszkole nr 3 w Szkole Podstawowej nr 6, funkcjonuje r\u00f3wnie\u017c Szko\u0142a Podstawowa nr 2 \u2013 oczywi\u015bcie w zakresie klas I-III oraz ewentualnie oddzia\u0142 \u201ezerowy\u201d. Ilo\u015bci dzieci w szko\u0142ach s\u0105 naprawd\u0119 niewielkie, jest to 4 dzieci w Szkole Podstawowej nr 2 i chyba mniej ni\u017c 10 dzieci w Szkole Podstawowej nr 6. Nie funkcjonuje Przedszkole nr 1, Przedszkole nr 2, w Szkole Podstawowej nr 7 nie ma dzieci ani w oddzia\u0142ach przedszkolnych, ani w klasach I-III \u2013 wyja\u015bnia\u0142 Tomasz Kili\u0144ski. \u2013 Od pi\u0105tku 22 maja przeprowadzamy testy pracownikom o\u015bwiaty. Na 66 przeprowadzonych w\u015br\u00f3d pracownik\u00f3w o\u015bwiaty test\u00f3w, wszystkie by\u0142y ujemne. Testy przeprowadzono te\u017c w\u015br\u00f3d pracownik\u00f3w Miejskiego O\u015brodka Kultury, pracownik\u00f3w Miejskiego O\u015brodka Pomocy Spo\u0142ecznej, testy przeprowadzane s\u0105 te\u017c pracownikom Miejskiej Biblioteki Publicznej i urz\u0119du miasta, testom poddani zostan\u0105 te\u017c druhowie z Ochotniczych Stra\u017cy Po\u017carnych \u2013 doda\u0142.<br \/>\nUrz\u0105d Miasta w Nowej Rudzie zakupi\u0142 500 sztuk test\u00f3w w cenie 27 z\u0142 za jeden, s\u0105 to takie same testy jakie zastosowa\u0142o przede wszystkim miasto Wa\u0142brzych i miasto \u015awidnica, kt\u00f3re zdecydowa\u0142o si\u0119 na podj\u0119cie podobnych krok\u00f3w.<br \/>\n27 maja obchodzili\u015bmy Dzie\u0144 Samorz\u0105du Terytorialnego, kt\u00f3ry w tym roku mia\u0142 skromn\u0105, ze wzgl\u0119du na epidemi\u0119 koronawirusa, opraw\u0119 \u2013 pierwsze wybory samorz\u0105dowe odby\u0142y si\u0119 27 maja 1990 roku. Z tej okazji przewodnicz\u0105cy Rady Miejskiej w Nowej Rudzie z\u0142o\u017cy\u0142 \u017cyczenia wszystkim samorz\u0105dowcom.<\/p>\n<p>\u201e30 lat temu, 27 maja 1990 roku, przeprowadzono pierwsze po II wojnie \u015bwiatowej prawdziwie wolne i demokratyczne wybory do rad gmin. Prawdziwa demokracja na szczeblu lokalnym sta\u0142a si\u0119 rzeczywisto\u015bci\u0105. Wybierano radnych, kt\u00f3rzy po ukonstytuowaniu si\u0119 wybierali w przypadku Nowej Rudy burmistrza, jego zast\u0119pc\u0119 oraz cz\u0142onk\u00f3w zarz\u0105du miasta. Pocz\u0105tkowo w sk\u0142ad rady miejskiej wchodzi\u0142o 28 radnych. Liczne zmiany kodeksu wyborczego spowodowa\u0142y, i\u017c od wybor\u00f3w samorz\u0105dowych w 2002 roku rada liczy 21 radnych, organem wykonawczym jest burmistrz, wybierany od tamtej pory w bezpo\u015brednich wyborach przez wszystkich uprawnionych mieszka\u0144c\u00f3w.<br \/>\nDalszy rozw\u00f3j prawa samorz\u0105dowego \u0142\u0105cznie z restytucj\u0105 powiat\u00f3w i powo\u0142aniem po raz pierwszy w historii samorz\u0105du polskiego \u2013 samorz\u0105du wojew\u00f3dztwa, by\u0142 w pewnym sensie tylko oczywist\u0105 konsekwencj\u0105 rewolucji ustrojowej roku 1990.<br \/>\nZdecydowane odrzucenie obcego ustrojowo systemu rad narodowych i powr\u00f3cenie do tradycji polskiego samorz\u0105du terytorialnego, by\u0142o jednoznacznym sygna\u0142em dla ca\u0142ej Europy, \u017ce Polska powraca do niej po latach politycznego ograniczenia swobody wyboru ustroju. Sygna\u0142 ten zaowocowa\u0142 nasz\u0105 p\u00f3\u017aniejsz\u0105 akcesj\u0105 do Unii Europejskiej.<br \/>\nPerspektywa 30 lat jest za kr\u00f3tka, aby czyni\u0107 bardziej uzasadnione i rozbudowane analizy oraz oceny Polski samorz\u0105dowej. Jeste\u015bmy w trakcie \u00f3smej kadencji rad gmin, w tym pi\u0105tej kadencji gmin w nowym kszta\u0142cie ustrojowym.<br \/>\nWydaje si\u0119 jednak, \u017ce Polacy znaj\u0105 ducha samorz\u0105dowego, \u017ce dobrze czuj\u0105 si\u0119 w swoich \u201ema\u0142ych ojczyznach\u201d, \u017ce patriotyzm lokalny przestaje by\u0107 synonimem prowincjonalno\u015bci i za\u015bciankowo\u015bci. Dzi\u0119ki wprowadzeniu samorz\u0105d\u00f3w gminnych nast\u0105pi\u0142o pog\u0142\u0119bianie demokratyzacji \u017cycia lokalnego, upodmiotowienie mieszka\u0144c\u00f3w, zapewnienie wi\u0119kszego i bardziej bezpo\u015bredniego dost\u0119pu do w\u0142adzy publicznej. Musz\u0105 temu jednak towarzyszy\u0107 dalsze przemiany, takie jak przebudowa systemu finans\u00f3w publicznych i usamorz\u0105dowienie tych wszystkich zada\u0144 publicznych, kt\u00f3re z oczywistych powod\u00f3w nie powinny by\u0107 wykonywane przez pa\u0144stwo i jego administracj\u0119. Te 30 lat mo\u017ce by\u0107 bez w\u0105tpienia powodem do dumy. Samorz\u0105d terytorialny, moim zdaniem, zda\u0142 egzamin z samodzielno\u015bci i efektywno\u015bci podejmowanych dzia\u0142a\u0144 na rzecz swoich mieszka\u0144c\u00f3w z wynikiem bardzo dobrym. Przy utrzymuj\u0105cej si\u0119 tendencji spadku zaufania do polityki i instytucji publicznych, w\u0142adze samorz\u0105dowe wci\u0105\u017c ciesz\u0105 si\u0119 wysokim poziomem spo\u0142ecznego uznania. Dzi\u015b znajdujemy si\u0119 w nowej sytuacji. Wprowadzone przed wyborami \u00f3smej kadencji zmiany w kodeksie wyborczym wyd\u0142u\u017cy\u0142y wprawdzie radom gmin kadencj\u0119 o rok, ale jednocze\u015bnie ograniczy\u0142y w\u00f3jtom, burmistrzom i prezydentom miast mo\u017cliwo\u015b\u0107 wielokrotnego ubiegania si\u0119 o te stanowiska, co odbierane jest jako ograniczenie mieszka\u0144com gmin mo\u017cliwo\u015bci wyboru tych os\u00f3b, kt\u00f3re w swojej wieloletniej dzia\u0142alno\u015bci da\u0142y si\u0119 pozna\u0107 jako osoby kompetentne i odpowiedzialne. Przepisy te wprowadzi\u0142y r\u00f3wnie\u017c konieczno\u015b\u0107 transmisji obrad sesji oraz powszechno\u015b\u0107 g\u0142osowania imiennego. Nowe wyzwania, jakie stoj\u0105 przed nami to kontynuacja mo\u017cliwo\u015bci pozyskiwania \u015brodk\u00f3w funduszy europejskich w czym ma pom\u00f3c tworzenie Zintegrowanych Inwestycji Terytorialnych czy te\u017c tzw. Aglomeracji, co wymusza konieczno\u015b\u0107 zawierania przez gminy szerokich zwi\u0105zk\u00f3w mi\u0119dzygminnych. Szybki rozw\u00f3j wsp\u00f3\u0142czesnej gospodarki, a tak\u017ce stale rosn\u0105ce wymagania mieszka\u0144c\u00f3w motywuj\u0105 radnych do my\u015blenia niestandardowego, szukania nowych efektywnych metod organizacji i zarz\u0105dzania. Samorz\u0105d, przy ca\u0142ej swojej specyfice, w coraz wi\u0119kszym stopniu staje si\u0119 organizacj\u0105 w kt\u00f3rej potrzebna jest dobrze wykszta\u0142cona i doszkalaj\u0105ca si\u0119 kadra, podobna do wielu innych, zorientowanych na zaspokajanie potrzeb mieszka\u0144c\u00f3w.<br \/>\nSzanowni Pa\u0144stwo!<br \/>\nW ci\u0105gu tych siedmiu kadencji samorz\u0105d miejski Nowej Rudy reprezentowa\u0142o 119 radnych. Wielu z nich pe\u0142ni\u0142o t\u0119 funkcj\u0119 kilka kadencji. Rekordzist\u0105 jest radny i zarazem wieloletni wiceprzewodnicz\u0105cy rady miejskiej pan Bogus\u0142aw Fr\u0105cek, kt\u00f3ry obowi\u0105zki radnego pe\u0142ni bez przerwy od 1994 roku. Niestety rocznicy 30-lecia samorz\u0105du terytorialnego nie doczeka\u0142o wiele naszych kole\u017canek i koleg\u00f3w. Byli to:<br \/>\nRyszard Bednarczyk \u2013 radny I kadencji,<br \/>\nUrszula Bojczuk \u2013 radna I kadencji,<br \/>\nRudolf Kolaczek \u2013 radny I kadencji,<br \/>\nStanis\u0142aw Jazienicki \u2013 radny I kadencji,<br \/>\nEdmund Rozmus \u2013 radny IV kadencji,<br \/>\nZenon Zawada \u2013 radny III kadencji,<br \/>\nRyszard Wo\u015bko \u2013 radny VI kadencji,<br \/>\nHenryk Koniszewski \u2013 radny III kadencji,<br \/>\nKatarzyna Pozna\u0144ska \u2013 radna II i III kadencji<br \/>\nRyszard Rybakowski \u2013 radny III kadencji,<br \/>\nLeszek Szafraniec \u2013 radny III kadencji,<br \/>\nBoles\u0142aw Bandel \u2013 radny II kadencji,<br \/>\nCzes\u0142aw Suszko \u2013 radny III kadencji,<br \/>\nJ\u00f3zef Blechinger \u2013 radny II kadencji,<br \/>\nKrzysztof Wcis\u0142o \u2013 radny IV kadencji,<br \/>\nAndrzej Bu\u0142eczka \u2013 radny i przewodnicz\u0105cy rady II kadencji,<br \/>\nKrzysztof Richter \u2013 radny V kadencji,<br \/>\nAndrzej Panek \u2013 radny VI kadencji.<br \/>\nW trakcie tych 30 lat, przez pierwsze trzy kadencje liczba radnych miejskich w Nowej Rudzie wynosi\u0142a 28, wybieranych w okr\u0119gach jednomandatowych. Na skutek zmian w kodeksie wyborczym dokonanych przez rz\u0105d Leszka Millera, od 2002 roku liczba radnych zmniejszy\u0142a si\u0119 do 21. Wprowadzono te\u017c bezpo\u015brednie wybory na w\u00f3jta, burmistrza czy prezydenta miasta. W Nowej Rudzie wprowadzono 4 okr\u0119gi wielomandatowe. Rz\u0105dy koalicji PO-PSL da\u0142y ponown\u0105 mo\u017cliwo\u015b\u0107 mieszka\u0144com miasta wyboru na si\u00f3dm\u0105 kadencj\u0119 radnych w okr\u0119gach jednomandatowych, obecnie powr\u00f3cono do wybor\u00f3w w okr\u0119gach wielomandatowych.<br \/>\nBurmistrzowie i ich zast\u0119pcy:<br \/>\n1990-1994 \u2013 Stanis\u0142aw \u0141ukasik i Jerzy So\u0142tyszczak<br \/>\n1994-1998 \u2013 Andrzej Cyman i Marek Bawecki<br \/>\n1998-2002 \u2013 Marek Bawecki i Zbigniew Radgowski<br \/>\nOd 2002 roku do chwili obecnej burmistrzem jest Tomasz Kili\u0144ski, zast\u0119pcami byli kr\u00f3tko Daniel Ekiel i Andrzej Fortuna, po nich funkcj\u0119 t\u0119 pe\u0142ni Marzena Woli\u0144ska.<br \/>\nPrzewodnicz\u0105cy i ich zast\u0119pcy:<br \/>\n1990-1994 \u2013 Julian Golak oraz Bronis\u0142aw Geryn i Jan Zawi\u015blak<br \/>\n1994-1998 \u2013 Andrzej Bu\u0142eczka oraz Ryszard Bednarski i Dariusz Niewiarowski<br \/>\n1998-2002 \u2013 Janina Grysiewicz oraz Henryk Koniszewski i Grzegorz Kuzak<br \/>\n2002-2006 \u2013 Bo\u017cena Bejnarowicz oraz Piotr Wr\u00f3bel i Zbigniew Grochowski<br \/>\n2006-2010 \u2013 Andrzej Behan oraz Krzysztof Richter i Bogus\u0142aw Fr\u0105cek<br \/>\n2010-2018 \u2013 Andrzej Behan oraz Halina Gajcy i Bogus\u0142aw Fr\u0105cek<br \/>\nOd 2018 r. \u2013 Andrzej Behan oraz Jerzy Pulit i Bogus\u0142aw Fr\u0105cek<\/p>\n<p>30 rocznica samorz\u0105du to tak\u017ce okazja do z\u0142o\u017cenia sobie podzi\u0119kowa\u0144 za trud w\u0142o\u017cony w rozw\u00f3j naszej \u201ema\u0142ej ojczyzny\u201d. Dzi\u0119kuj\u0119 wi\u0119c wszystkim radnym oraz burmistrzom i wszystkim pracuj\u0105cym w naszym ratuszu pracownikom samorz\u0105dowym, kt\u00f3rych zaanga\u017cowanie pomog\u0142o w realizacji wielu cel\u00f3w oraz zada\u0144. Dzi\u0119kuj\u0119 te\u017c mieszka\u0144com Nowej Rudy na ch\u0119\u0107 uczestniczenia w wyborach i budowaniu swojej \u201ema\u0142ej ojczyzny\u201d. Chc\u0119 podkre\u015bli\u0107, i\u017c w trakcie tych 30 lat nasze miasto reprezentowa\u0142y osoby wielu r\u00f3\u017cnych opcji politycznych, nie mniej chwa\u0142a im za to, \u017ce w poszczeg\u00f3lnych wa\u017cnych dla miasta strategicznych zadaniach, nie patrz\u0105c na poprzednika, realizowali tzw. ci\u0105g\u0142o\u015b\u0107 prac, co pozwoli\u0142o na stopniowy a jednocze\u015bnie stabilny i realny rozw\u00f3j Nowej Rudy. Czego i sobie \u017cyczmy na dalsze lata naszej pracy\u201d.<\/p>\n<p>Do \u017cycze\u0144 z okazji 30-lecia samorz\u0105du przy\u0142\u0105czy\u0142 si\u0119 r\u00f3wnie\u017c burmistrz Tomasz Kili\u0144ski.<\/p>\n<p align=\"center\"><span style=\"color: #0000ff;\">Str. 3 w numerze 431 tygodnika \u201eNoworudzianin\u201d dost\u0119pnym <\/span> <a href=\"https:\/\/www.noworudzianin.pl\/WWW\/wp-content\/uploads\/2020\/06\/Noworudzianin-Nr-431a.pdf\" target=\"_blank\" rel=\"noopener noreferrer\">tutaj<\/a>.<\/p>\n<p><script language=\"JavaScript\">\n<!--\nfunction FP_swapImg() {\/\/v1.0\n var doc=document,args=arguments,elm,n; doc.$imgSwaps=new Array(); for(n=2; n<args.length;\n n+=2) { elm=FP_getObjectByID(args[n]); if(elm) { doc.$imgSwaps[doc.$imgSwaps.length]=elm;\n elm.$src=elm.src; elm.src=args[n+1]; } }\n}\nfunction FP_preloadImgs() {\/\/v1.0\n var d=document,a=arguments; if(!d.FP_imgs) d.FP_imgs=new Array();\n for(var i=0; i<a.length; i++) { d.FP_imgs[i]=new Image; d.FP_imgs[i].src=a[i]; }\n}\nfunction FP_getObjectByID(id,o) {\/\/v1.0\n var c,el,els,f,m,n; if(!o)o=document; if(o.getElementById) el=o.getElementById(id);\n else if(o.layers) c=o.layers; else if(o.all) el=o.all[id]; if(el) return el;\n if(o.id==id || o.name==id) return o; if(o.childNodes) c=o.childNodes; if(c)\n for(n=0; n<c.length; n++) { el=FP_getObjectByID(id,c[n]); if(el) return el; }\n f=o.forms; if(f) for(n=0; n<f.length; n++) { els=f[n].elements;\n for(m=0; m<els.length; m++){ el=FP_getObjectByID(id,els[n]); if(el) return el; } }\n return null;\n}\n\/\/ -->\n<\/script><\/p>\n<p align=\"center\">\n\t\t\t<a target=\"_blank\" href=\"https:\/\/www.noworudzianin.pl\/WWW\/wp-content\/uploads\/2020\/06\/Noworudzianin-Nr-431a.pdf\" rel=\"noopener noreferrer\"><br \/>\n\t\t\t<img loading=\"lazy\" decoding=\"async\" border=\"1\" src=\"http:\/\/www.noworudzianin.pl\/WWW\/images\/431_b_small.jpg\" width=\"221\" height=\"300\"><\/a><br \/>\n\t\t\t<font face=\"Verdana\">Numer 431<br \/>\n\t\t\t<font size=\"2\">5-11 czerwca 2020 r. <\/font><\/font><br \/><center><br \/>\n<body onload=\"FP_preloadImgs(\/*url*\/'https:\/\/www.noworudzianin.pl\/WWW\/images\/button3.gif', \/*url*\/'https:\/\/www.noworudzianin.pl\/WWW\/images\/button4.gif')\"><\/p>\n<p><a target=\"_blank\" href=\"https:\/\/www.noworudzianin.pl\/WWW\/wp-content\/uploads\/2020\/06\/Noworudzianin-Nr-431a.pdf\" rel=\"noopener noreferrer\"><br \/>\n<img loading=\"lazy\" decoding=\"async\" border=\"0\" id=\"img1\" src=\"https:\/\/www.noworudzianin.pl\/WWW\/images\/button2a.gif\" height=\"50\" width=\"250\" alt=\"POBIERZ ZA DARMO TUTAJ\" fp-style=\"fp-btn: Metal Capsule 2; fp-font-size: 14; fp-transparent: 1\" fp-title=\"POBIERZ ZA DARMO TUTAJ\" onmouseover=\"FP_swapImg(1,0,\/*id*\/'img1',\/*url*\/'https:\/\/www.noworudzianin.pl\/WWW\/images\/button3a.gif')\" onmouseout=\"FP_swapImg(0,0,\/*id*\/'img1',\/*url*\/'https:\/\/www.noworudzianin.pl\/WWW\/images\/button2a.gif')\" onmousedown=\"FP_swapImg(1,0,\/*id*\/'img1',\/*url*\/'https:\/\/www.noworudzianin.pl\/WWW\/images\/button4a.gif')\" onmouseup=\"FP_swapImg(0,0,\/*id*\/'img1',\/*url*\/'https:\/\/www.noworudzianin.pl\/WWW\/images\/button3a.gif')\"><\/a><\/p>\n<p><\/center><\/p>\n","protected":false},"excerpt":{"rendered":"<p>W \u015brod\u0119 27 maja odby\u0142a si\u0119, przeprowadzona drog\u0105 on-line, XXI sesja Rady Miejskiej w Nowej Rudzie. G\u0142osowania nad uchwa\u0142ami poprzedzi\u0142y<\/p>\n","protected":false},"author":6,"featured_media":22056,"comment_status":"open","ping_status":"closed","sticky":false,"template":"","format":"standard","meta":{"om_disable_all_campaigns":false,"_monsterinsights_skip_tracking":false,"_monsterinsights_sitenote_active":false,"_monsterinsights_sitenote_note":"","_monsterinsights_sitenote_category":0,"_uf_show_specific_survey":0,"_uf_disable_surveys":false,"footnotes":""},"categories":[2,6],"tags":[2038,5535,20,5,5536,462],"aioseo_notices":[],"amp_enabled":true,"_links":{"self":[{"href":"https:\/\/www.noworudzianin.pl\/WWW\/wp-json\/wp\/v2\/posts\/22054"}],"collection":[{"href":"https:\/\/www.noworudzianin.pl\/WWW\/wp-json\/wp\/v2\/posts"}],"about":[{"href":"https:\/\/www.noworudzianin.pl\/WWW\/wp-json\/wp\/v2\/types\/post"}],"author":[{"embeddable":true,"href":"https:\/\/www.noworudzianin.pl\/WWW\/wp-json\/wp\/v2\/users\/6"}],"replies":[{"embeddable":true,"href":"https:\/\/www.noworudzianin.pl\/WWW\/wp-json\/wp\/v2\/comments?post=22054"}],"version-history":[{"count":6,"href":"https:\/\/www.noworudzianin.pl\/WWW\/wp-json\/wp\/v2\/posts\/22054\/revisions"}],"predecessor-version":[{"id":22095,"href":"https:\/\/www.noworudzianin.pl\/WWW\/wp-json\/wp\/v2\/posts\/22054\/revisions\/22095"}],"wp:featuredmedia":[{"embeddable":true,"href":"https:\/\/www.noworudzianin.pl\/WWW\/wp-json\/wp\/v2\/media\/22056"}],"wp:attachment":[{"href":"https:\/\/www.noworudzianin.pl\/WWW\/wp-json\/wp\/v2\/media?parent=22054"}],"wp:term":[{"taxonomy":"category","embeddable":true,"href":"https:\/\/www.noworudzianin.pl\/WWW\/wp-json\/wp\/v2\/categories?post=22054"},{"taxonomy":"post_tag","embeddable":true,"href":"https:\/\/www.noworudzianin.pl\/WWW\/wp-json\/wp\/v2\/tags?post=22054"}],"curies":[{"name":"wp","href":"https:\/\/api.w.org\/{rel}","templated":true}]}}