{"id":22060,"date":"2020-06-03T19:15:59","date_gmt":"2020-06-03T17:15:59","guid":{"rendered":"https:\/\/www.noworudzianin.pl\/WWW\/?p=22060"},"modified":"2020-06-04T16:20:11","modified_gmt":"2020-06-04T14:20:11","slug":"znamy-date-wyborow-prezydenckich","status":"publish","type":"post","link":"https:\/\/www.noworudzianin.pl\/WWW\/2020\/06\/03\/znamy-date-wyborow-prezydenckich\/","title":{"rendered":"Znamy dat\u0119 wybor\u00f3w prezydenckich"},"content":{"rendered":"<p><strong>El\u017cbieta Witek, marsza\u0142ek Sejmu RP, og\u0142osi\u0142a dzisiaj (\u015broda 3 czerwca) termin wybor\u00f3w prezydenckich<!--more--> \u2013 odb\u0119d\u0105 si\u0119 w niedziel\u0119 28 czerwca 2020 r. Tym samym rozpocz\u0119\u0142a si\u0119 kampania wyborcza. Je\u017celi wybory nie rozstrzygn\u0105 si\u0119 w pierwszej turze, to druga tura wybor\u00f3w odb\u0119dzie si\u0119 w niedziel\u0119 12 lipca. Lokale wyborcze b\u0119d\u0105 czynne od godz. 7.00 do 21.00<\/strong><\/p>\n<p>Prezydent Andrzej Duda podpisa\u0142 we wtorek ustaw\u0119 o szczeg\u00f3lnych zasadach organizacji wybor\u00f3w powszechnych na Prezydenta Rzeczypospolitej Polskiej zarz\u0105dzonych w 2020 r. Ustawa przewiduje, \u017ce g\u0142osowanie odb\u0119dzie si\u0119 metod\u0105 mieszan\u0105: w lokalach wyborczych oraz dla ch\u0119tnych \u2013 korespondencyjnie.<br \/>\n\u2022 W pi\u0105tek 5 czerwca minie termin na zawiadamianie PKW o utworzeniu komitet\u00f3w wyborczych kandydat\u00f3w na prezydenta, a tak\u017ce o uczestnictwie w wyborach przez komitety wyborcze zaakceptowane przez PKW w zwi\u0105zku z wyborami prezydenta zarz\u0105dzonymi na 10 maja.<br \/>\n\u2022 Do 10 czerwca komitety nowych kandydat\u00f3w b\u0119d\u0105 musia\u0142y z\u0142o\u017cy\u0107 wymagane podpisy poparcia (100 tys.).<br \/>\n\u2022 Do 12 czerwca pe\u0142nomocnicy wyborczy b\u0119d\u0105 mogli zg\u0142asza\u0107 kandydat\u00f3w na cz\u0142onk\u00f3w obwodowych komisji wyborczych, za\u015b obwodowe komisje wyborcze zostan\u0105 powo\u0142ane przez komisarzy wyborczych do 15 czerwca.<br \/>\n\u2022 13 czerwca minie termin na zg\u0142aszanie konsulom zamiaru g\u0142osowania korespondencyjnego za granic\u0105, a 16 czerwca na zg\u0142aszanie komisarzowi wyborczemu za po\u015brednictwem urz\u0119du gminy zamiaru g\u0142osowania korespondencyjnego w kraju.<br \/>\n\u2022 Do 21 czerwca b\u0119dzie mo\u017cliwe wydanie przez Pa\u0144stwow\u0105 Komisj\u0119 Wyborcz\u0105 na wniosek ministra zdrowia uchwa\u0142y, w kt\u00f3rej zarz\u0105dza si\u0119 wy\u0142\u0105czne g\u0142osowanie korespondencyjne na terenie co najmniej gminy lub jej cz\u0119\u015bci, je\u015bli na tym terenie nast\u0105pi\u0142o nag\u0142e i znacz\u0105ce pogorszenie sytuacji epidemicznej.<br \/>\n\u2022 Do 26 czerwca jest czas na zg\u0142oszenie zamiaru g\u0142osowania korespondencyjnego przez wyborc\u00f3w podlegaj\u0105cych w dniu g\u0142osowania obowi\u0105zkowej kwarantannie, izolacji lub izolacji w warunkach domowych, kt\u00f3rzy rozpocz\u0119li podleganie obowi\u0105zkowej kwarantannie, izolacji lub izolacji w warunkach domowych po 5 dniu przed dniem wybor\u00f3w.<br \/>\n\u2022 Do 26 czerwca wyborcy g\u0142osuj\u0105cy korespondencyjnie w kraju b\u0119d\u0105 mieli czas na wrzucenie kopert zwrotnych do nadawczych skrzynek pocztowych.<br \/>\n\u2022 28 czerwca od godz. 7.00 do godz. 21.00 odb\u0119dzie si\u0119 g\u0142osowanie w lokalach wyborczych. Wtedy te\u017c mo\u017cliwe b\u0119dzie dostarczenie kopert zwrotnych (od g\u0142osuj\u0105cych korespondencyjnie) przez Poczt\u0119 Polsk\u0105 oraz urz\u0119dy gmin do w\u0142a\u015bciwych obwodowych komisji wyborczych, mo\u017cliwe b\u0119dzie tak\u017ce dostarczenie kopert zwrotnych przez wyborc\u00f3w osobi\u015bcie lub za po\u015brednictwem innych os\u00f3b do w\u0142a\u015bciwych obwodowych komisji wyborczych.<\/p>\n<p align=\"center\"><span style=\"color: #0000ff;\">Str. 2 w numerze 431 tygodnika \u201eNoworudzianin\u201d dost\u0119pnym <\/span> <a href=\"https:\/\/www.noworudzianin.pl\/WWW\/wp-content\/uploads\/2020\/06\/Noworudzianin-Nr-431a.pdf\" target=\"_blank\" rel=\"noopener noreferrer\">tutaj<\/a>.<\/p>\n<p><script language=\"JavaScript\">\n<!--\nfunction FP_swapImg() {\/\/v1.0\n var doc=document,args=arguments,elm,n; doc.$imgSwaps=new Array(); for(n=2; n<args.length;\n n+=2) { elm=FP_getObjectByID(args[n]); if(elm) { doc.$imgSwaps[doc.$imgSwaps.length]=elm;\n elm.$src=elm.src; elm.src=args[n+1]; } }\n}\nfunction FP_preloadImgs() {\/\/v1.0\n var d=document,a=arguments; if(!d.FP_imgs) d.FP_imgs=new Array();\n for(var i=0; i<a.length; i++) { d.FP_imgs[i]=new Image; d.FP_imgs[i].src=a[i]; }\n}\nfunction FP_getObjectByID(id,o) {\/\/v1.0\n var c,el,els,f,m,n; if(!o)o=document; if(o.getElementById) el=o.getElementById(id);\n else if(o.layers) c=o.layers; else if(o.all) el=o.all[id]; if(el) return el;\n if(o.id==id || o.name==id) return o; if(o.childNodes) c=o.childNodes; if(c)\n for(n=0; n<c.length; n++) { el=FP_getObjectByID(id,c[n]); if(el) return el; }\n f=o.forms; if(f) for(n=0; n<f.length; n++) { els=f[n].elements;\n for(m=0; m<els.length; m++){ el=FP_getObjectByID(id,els[n]); if(el) return el; } }\n return null;\n}\n\/\/ -->\n<\/script><\/p>\n<p align=\"center\">\n\t\t\t<a target=\"_blank\" href=\"https:\/\/www.noworudzianin.pl\/WWW\/wp-content\/uploads\/2020\/06\/Noworudzianin-Nr-431a.pdf\" rel=\"noopener noreferrer\"><br \/>\n\t\t\t<img loading=\"lazy\" decoding=\"async\" border=\"1\" src=\"http:\/\/www.noworudzianin.pl\/WWW\/images\/431_b_small.jpg\" width=\"221\" height=\"300\"><\/a><br \/>\n\t\t\t<font face=\"Verdana\">Numer 431<br \/>\n\t\t\t<font size=\"2\">5-11 czerwca 2020 r. <\/font><\/font><br \/><center><br \/>\n<body onload=\"FP_preloadImgs(\/*url*\/'https:\/\/www.noworudzianin.pl\/WWW\/images\/button3.gif', \/*url*\/'https:\/\/www.noworudzianin.pl\/WWW\/images\/button4.gif')\"><\/p>\n<p><a target=\"_blank\" href=\"https:\/\/www.noworudzianin.pl\/WWW\/wp-content\/uploads\/2020\/06\/Noworudzianin-Nr-431a.pdf\" rel=\"noopener noreferrer\"><br \/>\n<img loading=\"lazy\" decoding=\"async\" border=\"0\" id=\"img1\" src=\"https:\/\/www.noworudzianin.pl\/WWW\/images\/button2a.gif\" height=\"50\" width=\"250\" alt=\"POBIERZ ZA DARMO TUTAJ\" fp-style=\"fp-btn: Metal Capsule 2; fp-font-size: 14; fp-transparent: 1\" fp-title=\"POBIERZ ZA DARMO TUTAJ\" onmouseover=\"FP_swapImg(1,0,\/*id*\/'img1',\/*url*\/'https:\/\/www.noworudzianin.pl\/WWW\/images\/button3a.gif')\" onmouseout=\"FP_swapImg(0,0,\/*id*\/'img1',\/*url*\/'https:\/\/www.noworudzianin.pl\/WWW\/images\/button2a.gif')\" onmousedown=\"FP_swapImg(1,0,\/*id*\/'img1',\/*url*\/'https:\/\/www.noworudzianin.pl\/WWW\/images\/button4a.gif')\" onmouseup=\"FP_swapImg(0,0,\/*id*\/'img1',\/*url*\/'https:\/\/www.noworudzianin.pl\/WWW\/images\/button3a.gif')\"><\/a><\/p>\n<p><\/center><\/p>\n","protected":false},"excerpt":{"rendered":"<p>El\u017cbieta Witek, marsza\u0142ek Sejmu RP, og\u0142osi\u0142a dzisiaj (\u015broda 3 czerwca) termin wybor\u00f3w prezydenckich<\/p>\n","protected":false},"author":6,"featured_media":22061,"comment_status":"open","ping_status":"closed","sticky":false,"template":"","format":"standard","meta":{"om_disable_all_campaigns":false,"_monsterinsights_skip_tracking":false,"_monsterinsights_sitenote_active":false,"_monsterinsights_sitenote_note":"","_monsterinsights_sitenote_category":0,"_uf_show_specific_survey":0,"_uf_disable_surveys":false,"footnotes":""},"categories":[2],"tags":[5543,4410,5538,20,5,5536,5539,5537],"aioseo_notices":[],"amp_enabled":true,"_links":{"self":[{"href":"https:\/\/www.noworudzianin.pl\/WWW\/wp-json\/wp\/v2\/posts\/22060"}],"collection":[{"href":"https:\/\/www.noworudzianin.pl\/WWW\/wp-json\/wp\/v2\/posts"}],"about":[{"href":"https:\/\/www.noworudzianin.pl\/WWW\/wp-json\/wp\/v2\/types\/post"}],"author":[{"embeddable":true,"href":"https:\/\/www.noworudzianin.pl\/WWW\/wp-json\/wp\/v2\/users\/6"}],"replies":[{"embeddable":true,"href":"https:\/\/www.noworudzianin.pl\/WWW\/wp-json\/wp\/v2\/comments?post=22060"}],"version-history":[{"count":4,"href":"https:\/\/www.noworudzianin.pl\/WWW\/wp-json\/wp\/v2\/posts\/22060\/revisions"}],"predecessor-version":[{"id":22086,"href":"https:\/\/www.noworudzianin.pl\/WWW\/wp-json\/wp\/v2\/posts\/22060\/revisions\/22086"}],"wp:featuredmedia":[{"embeddable":true,"href":"https:\/\/www.noworudzianin.pl\/WWW\/wp-json\/wp\/v2\/media\/22061"}],"wp:attachment":[{"href":"https:\/\/www.noworudzianin.pl\/WWW\/wp-json\/wp\/v2\/media?parent=22060"}],"wp:term":[{"taxonomy":"category","embeddable":true,"href":"https:\/\/www.noworudzianin.pl\/WWW\/wp-json\/wp\/v2\/categories?post=22060"},{"taxonomy":"post_tag","embeddable":true,"href":"https:\/\/www.noworudzianin.pl\/WWW\/wp-json\/wp\/v2\/tags?post=22060"}],"curies":[{"name":"wp","href":"https:\/\/api.w.org\/{rel}","templated":true}]}}