{"id":22108,"date":"2020-06-04T17:21:57","date_gmt":"2020-06-04T15:21:57","guid":{"rendered":"https:\/\/www.noworudzianin.pl\/WWW\/?p=22108"},"modified":"2020-06-04T17:23:15","modified_gmt":"2020-06-04T15:23:15","slug":"kradl-prad","status":"publish","type":"post","link":"https:\/\/www.noworudzianin.pl\/WWW\/2020\/06\/04\/kradl-prad\/","title":{"rendered":"Krad\u0142 pr\u0105d"},"content":{"rendered":"<p><strong>We wtorek 26 maja przy ul. Kolejowej w Nowej Rudzie, policjanci ujawnili przypadek kradzie\u017cy energii elektrycznej<\/strong><!--more--> i zatrzymali 35-letniego m\u0119\u017cczyzn\u0119, kt\u00f3ry poprzez pod\u0142\u0105czenie przed\u0142u\u017caczem do o\u015bwietlenia klatki schodowej, dokonywa\u0142 nielegalnego poboru energii elektrycznej, dzia\u0142aj\u0105c na szkod\u0119 NTBS Nowa Ruda. Powsta\u0142e straty na chwil\u0119 obecn\u0105 nie zosta\u0142y oszacowane.<br \/>\nPo wykonanych czynno\u015bciach zatrzymanego zwolniono, pod\u0142\u0105czenie zosta\u0142o roz\u0142\u0105czone. Czynno\u015bci prowadz\u0105 policjanci z KP w Nowej Rudzie.<br \/>\nSprawy kradzie\u017cy najcz\u0119\u015bciej ko\u0144cz\u0105 si\u0119 sporz\u0105dzeniem aktu oskar\u017cenia przeciwko osobie, kt\u00f3ra \u201ena lewo\u201d pobiera\u0142a pr\u0105d. Za nielegalne przy\u0142\u0105cze, sprawcy grozi kara do 5 lat pozbawienia wolno\u015bci, a tak\u017ce obowi\u0105zek uiszczenie op\u0142aty za nielegalny pob\u00f3r, kt\u00f3rej wysoko\u015b\u0107 mo\u017ce wynie\u015b\u0107 od kilku do kilkunastu tysi\u0119cy z\u0142otych.<\/p>\n<p align=\"center\"><span style=\"color: #0000ff;\">Str. 8 w numerze 431 tygodnika \u201eNoworudzianin\u201d dost\u0119pnym <\/span> <a href=\"https:\/\/www.noworudzianin.pl\/WWW\/wp-content\/uploads\/2020\/06\/Noworudzianin-Nr-431a.pdf\" target=\"_blank\" rel=\"noopener noreferrer\">tutaj<\/a>.<\/p>\n<p><script language=\"JavaScript\">\n<!--\nfunction FP_swapImg() {\/\/v1.0\n var doc=document,args=arguments,elm,n; doc.$imgSwaps=new Array(); for(n=2; n<args.length;\n n+=2) { elm=FP_getObjectByID(args[n]); if(elm) { doc.$imgSwaps[doc.$imgSwaps.length]=elm;\n elm.$src=elm.src; elm.src=args[n+1]; } }\n}\nfunction FP_preloadImgs() {\/\/v1.0\n var d=document,a=arguments; if(!d.FP_imgs) d.FP_imgs=new Array();\n for(var i=0; i<a.length; i++) { d.FP_imgs[i]=new Image; d.FP_imgs[i].src=a[i]; }\n}\nfunction FP_getObjectByID(id,o) {\/\/v1.0\n var c,el,els,f,m,n; if(!o)o=document; if(o.getElementById) el=o.getElementById(id);\n else if(o.layers) c=o.layers; else if(o.all) el=o.all[id]; if(el) return el;\n if(o.id==id || o.name==id) return o; if(o.childNodes) c=o.childNodes; if(c)\n for(n=0; n<c.length; n++) { el=FP_getObjectByID(id,c[n]); if(el) return el; }\n f=o.forms; if(f) for(n=0; n<f.length; n++) { els=f[n].elements;\n for(m=0; m<els.length; m++){ el=FP_getObjectByID(id,els[n]); if(el) return el; } }\n return null;\n}\n\/\/ -->\n<\/script><\/p>\n<p align=\"center\">\n\t\t\t<a target=\"_blank\" href=\"https:\/\/www.noworudzianin.pl\/WWW\/wp-content\/uploads\/2020\/06\/Noworudzianin-Nr-431a.pdf\" rel=\"noopener noreferrer\"><br \/>\n\t\t\t<img loading=\"lazy\" decoding=\"async\" border=\"1\" src=\"http:\/\/www.noworudzianin.pl\/WWW\/images\/431_b_small.jpg\" width=\"221\" height=\"300\"><\/a><br \/>\n\t\t\t<font face=\"Verdana\">Numer 431<br \/>\n\t\t\t<font size=\"2\">5-11 czerwca 2020 r. <\/font><\/font><br \/><center><br \/>\n<body onload=\"FP_preloadImgs(\/*url*\/'https:\/\/www.noworudzianin.pl\/WWW\/images\/button3.gif', \/*url*\/'https:\/\/www.noworudzianin.pl\/WWW\/images\/button4.gif')\"><\/p>\n<p><a target=\"_blank\" href=\"https:\/\/www.noworudzianin.pl\/WWW\/wp-content\/uploads\/2020\/06\/Noworudzianin-Nr-431a.pdf\" rel=\"noopener noreferrer\"><br \/>\n<img loading=\"lazy\" decoding=\"async\" border=\"0\" id=\"img1\" src=\"https:\/\/www.noworudzianin.pl\/WWW\/images\/button2a.gif\" height=\"50\" width=\"250\" alt=\"POBIERZ ZA DARMO TUTAJ\" fp-style=\"fp-btn: Metal Capsule 2; fp-font-size: 14; fp-transparent: 1\" fp-title=\"POBIERZ ZA DARMO TUTAJ\" onmouseover=\"FP_swapImg(1,0,\/*id*\/'img1',\/*url*\/'https:\/\/www.noworudzianin.pl\/WWW\/images\/button3a.gif')\" onmouseout=\"FP_swapImg(0,0,\/*id*\/'img1',\/*url*\/'https:\/\/www.noworudzianin.pl\/WWW\/images\/button2a.gif')\" onmousedown=\"FP_swapImg(1,0,\/*id*\/'img1',\/*url*\/'https:\/\/www.noworudzianin.pl\/WWW\/images\/button4a.gif')\" onmouseup=\"FP_swapImg(0,0,\/*id*\/'img1',\/*url*\/'https:\/\/www.noworudzianin.pl\/WWW\/images\/button3a.gif')\"><\/a><\/p>\n<p><\/center><\/p>\n","protected":false},"excerpt":{"rendered":"<p>We wtorek 26 maja przy ul. Kolejowej w Nowej Rudzie, policjanci ujawnili przypadek kradzie\u017cy energii elektrycznej<\/p>\n","protected":false},"author":6,"featured_media":22109,"comment_status":"open","ping_status":"closed","sticky":false,"template":"","format":"standard","meta":{"om_disable_all_campaigns":false,"_monsterinsights_skip_tracking":false,"_monsterinsights_sitenote_active":false,"_monsterinsights_sitenote_note":"","_monsterinsights_sitenote_category":0,"_uf_show_specific_survey":0,"_uf_disable_surveys":false,"footnotes":""},"categories":[2,376],"tags":[5547,20,5,5536,517],"aioseo_notices":[],"amp_enabled":true,"_links":{"self":[{"href":"https:\/\/www.noworudzianin.pl\/WWW\/wp-json\/wp\/v2\/posts\/22108"}],"collection":[{"href":"https:\/\/www.noworudzianin.pl\/WWW\/wp-json\/wp\/v2\/posts"}],"about":[{"href":"https:\/\/www.noworudzianin.pl\/WWW\/wp-json\/wp\/v2\/types\/post"}],"author":[{"embeddable":true,"href":"https:\/\/www.noworudzianin.pl\/WWW\/wp-json\/wp\/v2\/users\/6"}],"replies":[{"embeddable":true,"href":"https:\/\/www.noworudzianin.pl\/WWW\/wp-json\/wp\/v2\/comments?post=22108"}],"version-history":[{"count":2,"href":"https:\/\/www.noworudzianin.pl\/WWW\/wp-json\/wp\/v2\/posts\/22108\/revisions"}],"predecessor-version":[{"id":22111,"href":"https:\/\/www.noworudzianin.pl\/WWW\/wp-json\/wp\/v2\/posts\/22108\/revisions\/22111"}],"wp:featuredmedia":[{"embeddable":true,"href":"https:\/\/www.noworudzianin.pl\/WWW\/wp-json\/wp\/v2\/media\/22109"}],"wp:attachment":[{"href":"https:\/\/www.noworudzianin.pl\/WWW\/wp-json\/wp\/v2\/media?parent=22108"}],"wp:term":[{"taxonomy":"category","embeddable":true,"href":"https:\/\/www.noworudzianin.pl\/WWW\/wp-json\/wp\/v2\/categories?post=22108"},{"taxonomy":"post_tag","embeddable":true,"href":"https:\/\/www.noworudzianin.pl\/WWW\/wp-json\/wp\/v2\/tags?post=22108"}],"curies":[{"name":"wp","href":"https:\/\/api.w.org\/{rel}","templated":true}]}}