{"id":22186,"date":"2020-06-15T08:00:22","date_gmt":"2020-06-15T06:00:22","guid":{"rendered":"https:\/\/www.noworudzianin.pl\/WWW\/?p=22186"},"modified":"2020-06-13T15:45:02","modified_gmt":"2020-06-13T13:45:02","slug":"dziwna-sprawa-z-mostem","status":"publish","type":"post","link":"https:\/\/www.noworudzianin.pl\/WWW\/2020\/06\/15\/dziwna-sprawa-z-mostem\/","title":{"rendered":"Dziwna sprawa z mostem"},"content":{"rendered":"<p><strong>Wielokrotnie pisali\u015bmy o ewentualnym remoncie mostu na ul. Pi\u0142sudskiego w Nowej Rudzie. <!--more-->Kilka tygodni temu, informowali\u015bmy, \u017ce zarz\u0105dca drogi \u2013 Dolno\u015bl\u0105ska S\u0142u\u017cba Dr\u00f3g i Kolei we Wroc\u0142awiu, pod koniec maja ma rozstrzygn\u0105\u0107 przetarg na remont. Tak si\u0119 nie sta\u0142o<\/strong><\/p>\n<p>Kilka tygodni wstecz, informowali\u015bmy o og\u0142oszonym przez DSDiK przetargu na remont tego mostu. Byli\u015bmy bardzo zdziwieni uzyskuj\u0105c nowe informacje od Leszka Locha, dyrektora Dolno\u015bl\u0105skiej S\u0142u\u017cby Dr\u00f3g i Kolei we Wroc\u0142awiu.<br \/>\n\u2013 3 czerwca 2020 r. Dolno\u015bl\u0105ska S\u0142u\u017cba Dr\u00f3g i Kolei we Wroc\u0142awiu zmuszona by\u0142a uniewa\u017cni\u0107 wszcz\u0119te post\u0119powanie przetargowe. Droga wojew\u00f3dzka nr 380, w ci\u0105gu kt\u00f3rej znajduje si\u0119 most w Nowej Rudzie, zosta\u0142a bowiem pozbawiona kategorii dr\u00f3g wojew\u00f3dzkich i w konsekwencji przekazana samorz\u0105dowi powiatu k\u0142odzkiego. Uchwa\u0142a Sejmiku Wojew\u00f3dztwa Dolno\u015bl\u0105skiego w tej sprawie wesz\u0142a w \u017cycie 25 maja br. Do chwili jej uprawomocnienia byli\u015bmy zobowi\u0105zani do kontynuowania rozpocz\u0119tych procedur \u2013 m\u00f3wi dyrektor DSDiK. \u2013 W tej chwili przygotowujemy projekt porozumienia dotycz\u0105cego dalszej wsp\u00f3\u0142pracy z nowym zarz\u0105dc\u0105 obiektu i przekazania mu \u015brodk\u00f3w na remont mostu \u2013 dodaje.<br \/>\nZapytali\u015bmy o spraw\u0119 Tomasza Kili\u0144skiego, burmistrza Nowej Rudy.<br \/>\n\u2013 Droga wojew\u00f3dzka 380 zosta\u0142a przekazana powiatowi k\u0142odzkiemu. Powiat k\u0142odzki w tym momencie nie mia\u0142 nic do powiedzenia. Samorz\u0105d wojew\u00f3dztwa, DSDiK zastosowa\u0142o do\u015b\u0107 dziwne prawo, obni\u017caj\u0105c t\u0119 drog\u0119 do ni\u017cszej kategorii, pomimo tego, \u017ce z Gmin\u0105 Miejsk\u0105 Nowa Ruda ma zawarte porozumienie dotycz\u0105ce sposob\u00f3w utrzymania i przekazywania w przysz\u0142o\u015bci drogi. Przypomn\u0119, \u017ce to mia\u0142o si\u0119 sta\u0107 do 2023 roku. Zrobiono co\u015b dziwnego. Przerwano trwaj\u0105c\u0105 procedur\u0119 przetargu na remont mostu. Pan dyrektor DSDiK Leszek Loch jednocze\u015bnie zaproponowa\u0142 w imieniu samorz\u0105du wojew\u00f3dzkiego panu wicestaro\u015bcie powiatu k\u0142odzkiego Piotrowi Marchewce, \u017ce z bud\u017cetu wojew\u00f3dzkiego przeka\u017c\u0105 \u015brodki na realizacj\u0119 zadania zwi\u0105zanego z remontem mostu \u2013 m\u00f3wi Tomasz Kili\u0144ski. \u2013 Obecnie rozmawiamy z w\u0142adzami powiatu k\u0142odzkiego, \u017ceby to, o czym m\u00f3wi\u0142 pan dyrektor Loch, sta\u0142o si\u0119 rzeczywisto\u015bci\u0105. To, \u017ce miasto ma t\u0119 drog\u0119 ma przej\u0105\u0107, to jest rzecz oczywista, aczkolwiek jednym z powa\u017cniejszych problem\u00f3w stoj\u0105cych naprzeciw tego, jest remont tego mostu. Mam skromn\u0105 nadziej\u0119, \u017ce s\u0142owa pana dyrektora, nie b\u0119d\u0105 tylko s\u0142owami, cho\u0107 mo\u017ce by\u0107 r\u00f3\u017cnie. My, wsp\u00f3lnie z powiatem k\u0142odzkim, wyst\u0119pujemy do w\u0142adz wojew\u00f3dztwa dolno\u015bl\u0105skiego o przekazanie tej dotacji powiatowi, kt\u00f3ry na tej podstawie m\u00f3g\u0142by wykona\u0107 \u2013 na istniej\u0105cej ju\u017c dokumentacji \u2013 remont tego obiektu \u2013 dodaje.<br \/>\nZar\u00f3wno Maciej Awi\u017ce\u0144, starosta powiatu k\u0142odzkiego, jak i jego zast\u0119pca Piotr Marchewka, ca\u0142\u0105 zaistnia\u0142\u0105 sytuacj\u0105 s\u0105 zdziwieni.<br \/>\n\u2013 Niczego jeszcze nie przej\u0119li\u015bmy. Umowa mi\u0119dzy nami z urz\u0119dem marsza\u0142kowskim by\u0142a taka, \u017ce owszem, my przejmiemy t\u0119 drog\u0119, o ile oni najpierw wyremontuj\u0105 ten most. Je\u017celi tak si\u0119 nie stanie, nie ma mowy o przej\u0119ciu drogi. Oczywi\u015bcie, oni mog\u0105 nas do tego przymusza\u0107, ale wcze\u015bniej zgodzili si\u0119 na to, \u017ce najpierw wyremontuj\u0105 most i dopiero nam drog\u0119 przeka\u017c\u0105, a w tej chwili zaczynaj\u0105 si\u0119 z tego wycofywa\u0107 \u2013 powiedzia\u0142 Maciej Awi\u017ce\u0144. \u2013 Jest tak zwana uchwa\u0142a kaskadowa i oni nam t\u0119 drog\u0119 mog\u0105 przekaza\u0107. Umowa by\u0142a zupe\u0142nie inna. Mowa by\u0142a, \u017ce oni przekazuj\u0105 to Gminie Miejskiej Nowa Ruda, ale s\u0142owa nie dotrzymali, zw\u0142aszcza w kwestii remont\u00f3w drogi. My\u015bl\u0105, \u017ce przeka\u017c\u0105 to powiatowi i my to b\u0119dziemy robili. Szczerze, mamy dwie mo\u017cliwo\u015bci: najprawdopodobniej b\u0119dziemy to zaskar\u017ca\u0107, bo przekazanie tej drogi uchwa\u0142\u0105 kaskadow\u0105 jest \u2013 delikatnie m\u00f3wi\u0105c \u2013 bardzo niefajne \u2013 argumentuje starosta.<br \/>\nO zdanie w tym temacie poprosili\u015bmy r\u00f3wnie\u017c wicestarost\u0119 Piotra Marchewk\u0119.<br \/>\n\u2013 Sejmik Wojew\u00f3dztwa Dolno\u015bl\u0105skiego przyj\u0105\u0142 tzw. uchwa\u0142\u0105 kaskadow\u0105 \u2013 uchwa\u0142\u0119, dzi\u0119ki czemu przekaza\u0142 drog\u0119 powiatowi k\u0142odzkiemu. Od pocz\u0105tku czerwca nasz powiat jest zarz\u0105dc\u0105 tej drogi. Swojego czasu urz\u0105d marsza\u0142kowski podpisa\u0142 porozumienie zar\u00f3wno z Gmin\u0105 Wiejsk\u0105 Nowa Ruda, jak i z Gmin\u0105 Miejsk\u0105 Nowa Ruda, \u017ce gminy przejm\u0105 t\u0119 drog\u0119, ale od 1 stycznia 2022 roku. DSDiK mia\u0142o si\u0119 wywi\u0105za\u0107 z pewnych zobowi\u0105za\u0144 dotycz\u0105cych m.in. remontu mostu w ci\u0105gi ul. Pi\u0142sudskiego w Nowej Rudzie. Nie wywi\u0105zali si\u0119 z tego i z tego co wiem, zaproponowali zainteresowanym gminom podpisanie jakiego\u015b aneksu do tego porozumienia \u2013 wyja\u015bnia Piotr Marchewka.<\/p>\n<p align=\"center\"><span style=\"color: #0000ff;\">Str. 7 w numerze 432 tygodnika \u201eNoworudzianin\u201d dost\u0119pnym <\/span> <a href=\"https:\/\/www.noworudzianin.pl\/WWW\/wp-content\/uploads\/2020\/06\/Noworudzianin-Nr-432a.pdf\" target=\"_blank\" rel=\"noopener noreferrer\">tutaj<\/a>.<\/p>\n<p><script language=\"JavaScript\">\n<!--\nfunction FP_swapImg() {\/\/v1.0\n var doc=document,args=arguments,elm,n; doc.$imgSwaps=new Array(); for(n=2; n<args.length;\n n+=2) { elm=FP_getObjectByID(args[n]); if(elm) { doc.$imgSwaps[doc.$imgSwaps.length]=elm;\n elm.$src=elm.src; elm.src=args[n+1]; } }\n}\nfunction FP_preloadImgs() {\/\/v1.0\n var d=document,a=arguments; if(!d.FP_imgs) d.FP_imgs=new Array();\n for(var i=0; i<a.length; i++) { d.FP_imgs[i]=new Image; d.FP_imgs[i].src=a[i]; }\n}\nfunction FP_getObjectByID(id,o) {\/\/v1.0\n var c,el,els,f,m,n; if(!o)o=document; if(o.getElementById) el=o.getElementById(id);\n else if(o.layers) c=o.layers; else if(o.all) el=o.all[id]; if(el) return el;\n if(o.id==id || o.name==id) return o; if(o.childNodes) c=o.childNodes; if(c)\n for(n=0; n<c.length; n++) { el=FP_getObjectByID(id,c[n]); if(el) return el; }\n f=o.forms; if(f) for(n=0; n<f.length; n++) { els=f[n].elements;\n for(m=0; m<els.length; m++){ el=FP_getObjectByID(id,els[n]); if(el) return el; } }\n return null;\n}\n\/\/ -->\n<\/script><\/p>\n<p align=\"center\">\n\t\t\t<a target=\"_blank\" href=\"https:\/\/www.noworudzianin.pl\/WWW\/wp-content\/uploads\/2020\/06\/Noworudzianin-Nr-432a.pdf\" rel=\"noopener noreferrer\"><br \/>\n\t\t\t<img loading=\"lazy\" decoding=\"async\" border=\"1\" src=\"http:\/\/www.noworudzianin.pl\/WWW\/images\/432_b_small.jpg\" width=\"221\" height=\"300\"><\/a><br \/>\n\t\t\t<font face=\"Verdana\">Numer 432<br \/>\n\t\t\t<font size=\"2\">12-18 czerwca 2020 r. <\/font><\/font><br \/><center><br \/>\n<body onload=\"FP_preloadImgs(\/*url*\/'https:\/\/www.noworudzianin.pl\/WWW\/images\/button3.gif', \/*url*\/'https:\/\/www.noworudzianin.pl\/WWW\/images\/button4.gif')\"><\/p>\n<p><a target=\"_blank\" href=\"https:\/\/www.noworudzianin.pl\/WWW\/wp-content\/uploads\/2020\/06\/Noworudzianin-Nr-432a.pdf\" rel=\"noopener noreferrer\"><br \/>\n<img loading=\"lazy\" decoding=\"async\" border=\"0\" id=\"img1\" src=\"https:\/\/www.noworudzianin.pl\/WWW\/images\/button2a.gif\" height=\"50\" width=\"250\" alt=\"POBIERZ ZA DARMO TUTAJ\" fp-style=\"fp-btn: Metal Capsule 2; fp-font-size: 14; fp-transparent: 1\" fp-title=\"POBIERZ ZA DARMO TUTAJ\" onmouseover=\"FP_swapImg(1,0,\/*id*\/'img1',\/*url*\/'https:\/\/www.noworudzianin.pl\/WWW\/images\/button3a.gif')\" onmouseout=\"FP_swapImg(0,0,\/*id*\/'img1',\/*url*\/'https:\/\/www.noworudzianin.pl\/WWW\/images\/button2a.gif')\" onmousedown=\"FP_swapImg(1,0,\/*id*\/'img1',\/*url*\/'https:\/\/www.noworudzianin.pl\/WWW\/images\/button4a.gif')\" onmouseup=\"FP_swapImg(0,0,\/*id*\/'img1',\/*url*\/'https:\/\/www.noworudzianin.pl\/WWW\/images\/button3a.gif')\"><\/a><\/p>\n<p><\/center><\/p>\n","protected":false},"excerpt":{"rendered":"<p>Wielokrotnie pisali\u015bmy o ewentualnym remoncie mostu na ul. Pi\u0142sudskiego w Nowej Rudzie.<\/p>\n","protected":false},"author":6,"featured_media":11084,"comment_status":"open","ping_status":"closed","sticky":false,"template":"","format":"standard","meta":{"om_disable_all_campaigns":false,"_monsterinsights_skip_tracking":false,"_monsterinsights_sitenote_active":false,"_monsterinsights_sitenote_note":"","_monsterinsights_sitenote_category":0,"_uf_show_specific_survey":0,"_uf_disable_surveys":false,"footnotes":""},"categories":[2,6,2076,1858],"tags":[5568,5567,5569,1017,5566,20,5,5560,1018,462],"aioseo_notices":[],"amp_enabled":true,"_links":{"self":[{"href":"https:\/\/www.noworudzianin.pl\/WWW\/wp-json\/wp\/v2\/posts\/22186"}],"collection":[{"href":"https:\/\/www.noworudzianin.pl\/WWW\/wp-json\/wp\/v2\/posts"}],"about":[{"href":"https:\/\/www.noworudzianin.pl\/WWW\/wp-json\/wp\/v2\/types\/post"}],"author":[{"embeddable":true,"href":"https:\/\/www.noworudzianin.pl\/WWW\/wp-json\/wp\/v2\/users\/6"}],"replies":[{"embeddable":true,"href":"https:\/\/www.noworudzianin.pl\/WWW\/wp-json\/wp\/v2\/comments?post=22186"}],"version-history":[{"count":1,"href":"https:\/\/www.noworudzianin.pl\/WWW\/wp-json\/wp\/v2\/posts\/22186\/revisions"}],"predecessor-version":[{"id":22187,"href":"https:\/\/www.noworudzianin.pl\/WWW\/wp-json\/wp\/v2\/posts\/22186\/revisions\/22187"}],"wp:featuredmedia":[{"embeddable":true,"href":"https:\/\/www.noworudzianin.pl\/WWW\/wp-json\/wp\/v2\/media\/11084"}],"wp:attachment":[{"href":"https:\/\/www.noworudzianin.pl\/WWW\/wp-json\/wp\/v2\/media?parent=22186"}],"wp:term":[{"taxonomy":"category","embeddable":true,"href":"https:\/\/www.noworudzianin.pl\/WWW\/wp-json\/wp\/v2\/categories?post=22186"},{"taxonomy":"post_tag","embeddable":true,"href":"https:\/\/www.noworudzianin.pl\/WWW\/wp-json\/wp\/v2\/tags?post=22186"}],"curies":[{"name":"wp","href":"https:\/\/api.w.org\/{rel}","templated":true}]}}