{"id":22277,"date":"2020-06-23T16:07:37","date_gmt":"2020-06-23T14:07:37","guid":{"rendered":"http:\/\/www.noworudzianin.pl\/WWW\/?p=22277"},"modified":"2020-06-25T20:30:27","modified_gmt":"2020-06-25T18:30:27","slug":"juz-w-niedziele-wybory","status":"publish","type":"post","link":"https:\/\/www.noworudzianin.pl\/WWW\/2020\/06\/23\/juz-w-niedziele-wybory\/","title":{"rendered":"Ju\u017c w niedziel\u0119 wybory"},"content":{"rendered":"<p><strong>W najbli\u017csz\u0105 niedziel\u0119 Polacy zdecyduj\u0105, kto przez najbli\u017csze pi\u0119\u0107 lat b\u0119dzie sprawowa\u0142 urz\u0105d prezydenta Rzeczypospolitej Polskiej. <!--more-->W mie\u015bcie Nowa Ruda i gminie Nowa Ruda uprawnionych do g\u0142osowanie jest blisko 27,5 tys. os\u00f3b. Lokale wyborcze czynne b\u0119d\u0105 od godz. 7.00-21.00<\/strong><\/p>\n<p>Na terenie Nowej Rudy powo\u0142ano 14 Obwodowych Komisji Wyborczych \u2013 uprawnionych do g\u0142osowania jest 18 017 os\u00f3b. Na terenie gminy Nowa Ruda powo\u0142anych jest 16 Obwodowych Komisji Wyborczych, a uprawnionych do g\u0142osowania jest 9 366 os\u00f3b.<br \/>\nW wyborach prezydenckich 28 czerwca b\u0119dziemy mogli wybra\u0107 spo\u015br\u00f3d 11 kandydat\u00f3w: Robert Biedro\u0144, Krzysztof Bosak, Andrzej Duda, Szymon Ho\u0142ownia, Marek Jakubiak, W\u0142adys\u0142aw Kosiniak-Kamysz, Miros\u0142aw Piotrowski, Pawe\u0142 Tanajno, Rafa\u0142 Trzaskowski, Waldemar Witkowski i Stanis\u0142aw \u017b\u00f3\u0142tek.<\/p>\n<p><strong>Jak g\u0142osowa\u0107<\/strong><br \/>\nNajpierw powinni\u015bmy odnale\u017a\u0107 \u201enasz\u201d lokal wyborczy. Informacje nt. granic obwodowych komisji wyborczych znajdziemy na stronie internetowej Pa\u0144stwowej Komisji Wyborczej, w miejskim Biuletynie Informacji Publicznej, na tablicach og\u0142osze\u0144 i s\u0142upach informacyjnych.<br \/>\n\u2022 Znajd\u017a kandydata, na kt\u00f3rego chcesz g\u0142osowa\u0107.<br \/>\n\u2022 Postaw znak \u201eX\u201d w kratce wy\u0142\u0105cznie przy nazwisku tego kandydata.<br \/>\n\u2022 Je\u017celi postawisz znak \u201eX\u201d przy nazwisku wi\u0119cej ni\u017c jednego kandydata, Tw\u00f3j g\u0142os b\u0119dzie niewa\u017cny.<br \/>\n\u2022 Znak \u201eX\u201d, to co najmniej dwie linie przecinaj\u0105ce si\u0119 wewn\u0105trz kratki.<\/p>\n<p><strong>Lokale wyborcze ze specjalnymi \u015brodkami bezpiecze\u0144stwa<\/strong><br \/>\nZ racji panuj\u0105cej pandemii, podczas oddawania g\u0142os\u00f3w powinni\u015bmy zachowa\u0107 szczeg\u00f3lne \u015brodki ostro\u017cno\u015bci.<br \/>\nW samym lokalu nale\u017cy pami\u0119ta\u0107 o nale\u017cytych \u015brodkach ostro\u017cno\u015bci:<br \/>\n\u2022 zachowaniu 1,5 metra odst\u0119pu od innych os\u00f3b,<br \/>\n\u2022 zakryciu ust i nosa,<br \/>\n\u2022 stosowaniu si\u0119 do pozosta\u0142ych wytycznych ministerstwa zdrowia.<br \/>\nPodczas pobierania kart do g\u0142osowania, zostaniemy poproszeni przez cz\u0142onk\u00f3w Obwodowej Komisji Wyborczej o okazanie dokumentu ze zdj\u0119ciem (dow\u00f3d osobisty lub paszport) oraz o zdj\u0119cie maseczki i ods\u0142oni\u0119cie twarzy w celu identyfikacji. Odbi\u00f3r kart po\u015bwiadcza si\u0119 podpisem.<br \/>\nZ kolei cz\u0142onkowie Obwodowych Komisji Wyborczych zostan\u0105 wyposa\u017ceni w odpowiedni\u0105 ilo\u015b\u0107:<br \/>\n\u2022 jednorazowych r\u0119kawic ochronnych,<br \/>\n\u2022 p\u0142ynu do dezynfekcji r\u0105k,<br \/>\n\u2022 maseczek medycznych,<br \/>\n\u2022 przy\u0142bic.<br \/>\nW przypadku, je\u015bli cz\u0142onek obwodowej komisji wyborczej nie ma bezpo\u015bredniej styczno\u015bci z wyborcami, w\u00f3wczas nie musi nosi\u0107 maseczki, a tylko przy\u0142bic\u0119.<\/p>\n<p><strong>Lokale wyborcze<\/strong><br \/>\n\u2022 przed wej\u015bciem dost\u0119pne b\u0119d\u0105 dozowniki z p\u0142ynem do dezynfekcji r\u0105k,<br \/>\n\u2022 w tym samym czasie w lokalu mo\u017ce przebywa\u0107 nie wi\u0119cej ni\u017c jedna osoba na 4 metry kwadratowe og\u00f3lnodost\u0119pnej powierzchni (z wy\u0142\u0105czeniem cz\u0142onk\u00f3w obwodowej komisji wyborczej, m\u0119\u017c\u00f3w zaufania, obserwator\u00f3w spo\u0142ecznych i mi\u0119dzynarodowych),<br \/>\n\u2022 co najmniej raz na godzin\u0119 i przez co najmniej 10 minut pomieszczenie powinno by\u0107 wietrzone (bez przerywania pracy lokalu),<br \/>\n\u2022 stanowiska cz\u0142onk\u00f3w obwodowych komisji wyborczych zostan\u0105 zorganizowane tak, by by\u0142y od siebie oddalone o 1,5 metra,<br \/>\n\u2022 sto\u0142y komisji nie b\u0119d\u0105 pokryte suknem, ani \u017cadnym innym materia\u0142em.<\/p>\n<p>Ponadto nie cz\u0119\u015bciej ni\u017c co godzin\u0119, ale co najmniej 6 razy w ci\u0105gu dnia wyborczego (pocz\u0105wszy od momentu otwarcia lokali wyborczych), powierzchnie klamek, urn wyborczych, blat\u00f3w sto\u0142\u00f3w, uchwyt\u00f3w, w\u0142\u0105cznik\u00f3w \u015bwiat\u0142a i innych przedmiot\u00f3w oraz powierzchnie, kt\u00f3re mog\u0105 by\u0107 dotykane przez osoby przebywaj\u0105ce w lokalu wyborczym, maj\u0105 by\u0107 przemywane p\u0142ynem do dezynfekcji.<br \/>\nJe\u015bli \u017caden z kandydat\u00f3w w wyborach 28 czerwca nie zdob\u0119dzie wi\u0119cej ni\u017c 50 proc. g\u0142os\u00f3w, dwa tygodnie p\u00f3\u017aniej, w niedziel\u0119 12 lipca, odb\u0119dzie si\u0119 druga tura wybor\u00f3w prezydenckich 2020. We\u017amie w niej udzia\u0142 dw\u00f3ch kandydat\u00f3w z najwy\u017cszym poparciem po pierwszej turze.<\/p>\n<p align=\"center\"><span style=\"color: #0000ff;\">Str. 7 w numerze 434 tygodnika \u201eNoworudzianin\u201d dost\u0119pnym <\/span> <a href=\"https:\/\/www.noworudzianin.pl\/WWW\/wp-content\/uploads\/2020\/06\/Noworudzianin-Nr-434a.pdf\" target=\"_blank\" rel=\"noopener noreferrer\">tutaj<\/a>.<\/p>\n<p><script language=\"JavaScript\">\n<!--\nfunction FP_swapImg() {\/\/v1.0\n var doc=document,args=arguments,elm,n; doc.$imgSwaps=new Array(); for(n=2; n<args.length;\n n+=2) { elm=FP_getObjectByID(args[n]); if(elm) { doc.$imgSwaps[doc.$imgSwaps.length]=elm;\n elm.$src=elm.src; elm.src=args[n+1]; } }\n}\nfunction FP_preloadImgs() {\/\/v1.0\n var d=document,a=arguments; if(!d.FP_imgs) d.FP_imgs=new Array();\n for(var i=0; i<a.length; i++) { d.FP_imgs[i]=new Image; d.FP_imgs[i].src=a[i]; }\n}\nfunction FP_getObjectByID(id,o) {\/\/v1.0\n var c,el,els,f,m,n; if(!o)o=document; if(o.getElementById) el=o.getElementById(id);\n else if(o.layers) c=o.layers; else if(o.all) el=o.all[id]; if(el) return el;\n if(o.id==id || o.name==id) return o; if(o.childNodes) c=o.childNodes; if(c)\n for(n=0; n<c.length; n++) { el=FP_getObjectByID(id,c[n]); if(el) return el; }\n f=o.forms; if(f) for(n=0; n<f.length; n++) { els=f[n].elements;\n for(m=0; m<els.length; m++){ el=FP_getObjectByID(id,els[n]); if(el) return el; } }\n return null;\n}\n\/\/ -->\n<\/script><\/p>\n<p align=\"center\">\n\t\t\t<a target=\"_blank\" href=\"https:\/\/www.noworudzianin.pl\/WWW\/wp-content\/uploads\/2020\/06\/Noworudzianin-Nr-434a.pdf\" rel=\"noopener noreferrer\"><br \/>\n\t\t\t<img loading=\"lazy\" decoding=\"async\" border=\"1\" src=\"http:\/\/www.noworudzianin.pl\/WWW\/images\/434_b_small.jpg\" width=\"221\" height=\"300\"><\/a><br \/>\n\t\t\t<font face=\"Verdana\">Numer 434<br \/>\n\t\t\t<font size=\"2\">26 czerwca \u2013 2 lipca 2020 r. <\/font><\/font><br \/><center><br \/>\n<body onload=\"FP_preloadImgs(\/*url*\/'https:\/\/www.noworudzianin.pl\/WWW\/images\/button3.gif', \/*url*\/'https:\/\/www.noworudzianin.pl\/WWW\/images\/button4.gif')\"><\/p>\n<p><a target=\"_blank\" href=\"https:\/\/www.noworudzianin.pl\/WWW\/wp-content\/uploads\/2020\/06\/Noworudzianin-Nr-434a.pdf\" rel=\"noopener noreferrer\"><br \/>\n<img loading=\"lazy\" decoding=\"async\" border=\"0\" id=\"img1\" src=\"https:\/\/www.noworudzianin.pl\/WWW\/images\/button2a.gif\" height=\"50\" width=\"250\" alt=\"POBIERZ ZA DARMO TUTAJ\" fp-style=\"fp-btn: Metal Capsule 2; fp-font-size: 14; fp-transparent: 1\" fp-title=\"POBIERZ ZA DARMO TUTAJ\" onmouseover=\"FP_swapImg(1,0,\/*id*\/'img1',\/*url*\/'https:\/\/www.noworudzianin.pl\/WWW\/images\/button3a.gif')\" onmouseout=\"FP_swapImg(0,0,\/*id*\/'img1',\/*url*\/'https:\/\/www.noworudzianin.pl\/WWW\/images\/button2a.gif')\" onmousedown=\"FP_swapImg(1,0,\/*id*\/'img1',\/*url*\/'https:\/\/www.noworudzianin.pl\/WWW\/images\/button4a.gif')\" onmouseup=\"FP_swapImg(0,0,\/*id*\/'img1',\/*url*\/'https:\/\/www.noworudzianin.pl\/WWW\/images\/button3a.gif')\"><\/a><\/p>\n<p><\/center><\/p>\n","protected":false},"excerpt":{"rendered":"<p>W najbli\u017csz\u0105 niedziel\u0119 Polacy zdecyduj\u0105, kto przez najbli\u017csze pi\u0119\u0107 lat b\u0119dzie sprawowa\u0142 urz\u0105d prezydenta Rzeczypospolitej Polskiej.<\/p>\n","protected":false},"author":6,"featured_media":22278,"comment_status":"open","ping_status":"closed","sticky":false,"template":"","format":"standard","meta":{"om_disable_all_campaigns":false,"_monsterinsights_skip_tracking":false,"_monsterinsights_sitenote_active":false,"_monsterinsights_sitenote_note":"","_monsterinsights_sitenote_category":0,"_uf_show_specific_survey":0,"_uf_disable_surveys":false,"footnotes":""},"categories":[2,2974],"tags":[5591,5589,20,5,5590,5539,1321],"aioseo_notices":[],"amp_enabled":true,"_links":{"self":[{"href":"https:\/\/www.noworudzianin.pl\/WWW\/wp-json\/wp\/v2\/posts\/22277"}],"collection":[{"href":"https:\/\/www.noworudzianin.pl\/WWW\/wp-json\/wp\/v2\/posts"}],"about":[{"href":"https:\/\/www.noworudzianin.pl\/WWW\/wp-json\/wp\/v2\/types\/post"}],"author":[{"embeddable":true,"href":"https:\/\/www.noworudzianin.pl\/WWW\/wp-json\/wp\/v2\/users\/6"}],"replies":[{"embeddable":true,"href":"https:\/\/www.noworudzianin.pl\/WWW\/wp-json\/wp\/v2\/comments?post=22277"}],"version-history":[{"count":4,"href":"https:\/\/www.noworudzianin.pl\/WWW\/wp-json\/wp\/v2\/posts\/22277\/revisions"}],"predecessor-version":[{"id":22343,"href":"https:\/\/www.noworudzianin.pl\/WWW\/wp-json\/wp\/v2\/posts\/22277\/revisions\/22343"}],"wp:featuredmedia":[{"embeddable":true,"href":"https:\/\/www.noworudzianin.pl\/WWW\/wp-json\/wp\/v2\/media\/22278"}],"wp:attachment":[{"href":"https:\/\/www.noworudzianin.pl\/WWW\/wp-json\/wp\/v2\/media?parent=22277"}],"wp:term":[{"taxonomy":"category","embeddable":true,"href":"https:\/\/www.noworudzianin.pl\/WWW\/wp-json\/wp\/v2\/categories?post=22277"},{"taxonomy":"post_tag","embeddable":true,"href":"https:\/\/www.noworudzianin.pl\/WWW\/wp-json\/wp\/v2\/tags?post=22277"}],"curies":[{"name":"wp","href":"https:\/\/api.w.org\/{rel}","templated":true}]}}