{"id":22298,"date":"2020-06-25T14:53:49","date_gmt":"2020-06-25T12:53:49","guid":{"rendered":"http:\/\/www.noworudzianin.pl\/WWW\/?p=22298"},"modified":"2020-06-25T20:28:14","modified_gmt":"2020-06-25T18:28:14","slug":"tarmac-masters-rally-ireco-motorsport-nowa-ruda","status":"publish","type":"post","link":"https:\/\/www.noworudzianin.pl\/WWW\/2020\/06\/25\/tarmac-masters-rally-ireco-motorsport-nowa-ruda\/","title":{"rendered":"TARMAC MASTERS Rally Ireco Motorsport \u2013 Nowa Ruda"},"content":{"rendered":"<p><strong>W\u00a0ubieg\u0142y weekend w\u00a0okolicach Nowej Rudy odby\u0142 si\u0119 Rajd Okr\u0119gowy Rally Ireco Motorsport. <!--more-->Ze wzgl\u0119du na pandemi\u0119 koronawirusa, wszystkie zaplanowane wcze\u015bniej rundy rajdowe zosta\u0142y odwo\u0142ane lub prze\u0142o\u017cone. Rajd Ireco by\u0142 pierwszym krokiem \u201eodmra\u017cania\u201d rajd\u00f3w, dlatego po\u00a0tak d\u0142ugim oczekiwaniu na rozpocz\u0119cie sezonu, mo\u017cna\u00a0by\u0142o spodziewa\u0107 si\u0119 du\u017cej frekwencji w\u015br\u00f3d kibic\u00f3w, jak\u00a0i\u00a0startuj\u0105cych za\u0142\u00f3g<\/strong><\/p>\n<p>Na starcie rajdu zameldowa\u0142a si\u0119 czo\u0142\u00f3wka krajowego czempionatu z\u00a0Sylwestrem P\u0142achytk\u0105, Tomaszem Kasperczykiem, Marcinem S\u0142obodzianem, Kacprem \u00ad\u00adWr\u00f3blewskim, \u0141ukaszem Kotarb\u0105 \u2013 to mi\u0119dzy tymi zawodnikami mia\u0142a rozegra\u0107 si\u0119 walka o\u00a0\u00adwygran\u0105. Nie wszystko posz\u0142o po my\u015bli organizator\u00f3w, pocz\u0105wszy od wypadku z\u00a0udzia\u0142em kibic\u00f3w, odwo\u0142anego odcinka specjalnego, na stanie parku serwisowego ko\u0144cz\u0105c.<br \/>\nNajszybsz\u0105 za\u0142og\u0105 okaza\u0142 si\u0119 duet Kacper Wr\u00f3blewski i\u00a0Jakub Wr\u00f3bel.<\/p>\n<p><img loading=\"lazy\" decoding=\"async\" src=\"http:\/\/www.noworudzianin.pl\/WWW\/wp-content\/uploads\/2020\/06\/WWW-Rajd-630x350.jpg\" alt=\"\" width=\"630\" height=\"350\" class=\"alignnone size-large wp-image-22299\" srcset=\"https:\/\/www.noworudzianin.pl\/WWW\/wp-content\/uploads\/2020\/06\/WWW-Rajd-630x350.jpg 630w, https:\/\/www.noworudzianin.pl\/WWW\/wp-content\/uploads\/2020\/06\/WWW-Rajd-300x167.jpg 300w, https:\/\/www.noworudzianin.pl\/WWW\/wp-content\/uploads\/2020\/06\/WWW-Rajd-768x427.jpg 768w, https:\/\/www.noworudzianin.pl\/WWW\/wp-content\/uploads\/2020\/06\/WWW-Rajd.jpg 800w\" sizes=\"(max-width: 630px) 100vw, 630px\" \/><br \/>\n<em>Kacper Wr\u00f3blewski \/\u00a0Jakub Wr\u00f3bel<\/em><\/p>\n<p>Kacper Wr\u00f3blewski w\u00a0debiucie za kierownic\u0105 VW Polo R5 pokona\u0142 Tomka Kasperczyka i\u00a0Damiana Sytego, dla kt\u00f3rych to r\u00f3wnie\u017c by\u0142 pierwszy rajd w\u00a0Polo R5 \u2013 o\u00a08,5 s. <\/p>\n<p><img loading=\"lazy\" decoding=\"async\" src=\"http:\/\/www.noworudzianin.pl\/WWW\/wp-content\/uploads\/2020\/06\/nr2-Kasperczyk-630x420.jpg\" alt=\"\" width=\"630\" height=\"420\" class=\"alignnone size-large wp-image-22301\" srcset=\"https:\/\/www.noworudzianin.pl\/WWW\/wp-content\/uploads\/2020\/06\/nr2-Kasperczyk-630x420.jpg 630w, https:\/\/www.noworudzianin.pl\/WWW\/wp-content\/uploads\/2020\/06\/nr2-Kasperczyk-300x200.jpg 300w, https:\/\/www.noworudzianin.pl\/WWW\/wp-content\/uploads\/2020\/06\/nr2-Kasperczyk-768x512.jpg 768w, https:\/\/www.noworudzianin.pl\/WWW\/wp-content\/uploads\/2020\/06\/nr2-Kasperczyk-1536x1024.jpg 1536w, https:\/\/www.noworudzianin.pl\/WWW\/wp-content\/uploads\/2020\/06\/nr2-Kasperczyk-2048x1365.jpg 2048w\" sizes=\"(max-width: 630px) 100vw, 630px\" \/><br \/>\n<em>Tomasz Kasperczyk \/\u00a0Damian Syty<\/em><\/p>\n<p>Taki sam czas na koniec rajdu zanotowali Marcin S\u0142obodzian i\u00a0Robert Hundla. Dla za\u0142ogi APR Motorsport by\u0142 to r\u00f3wnie\u017c debiut w\u00a0nowej rajd\u00f3wce \u2013 w\u00a0ich przypadku w\u00a0Hyundaiu i20 R5.<\/p>\n<p><img loading=\"lazy\" decoding=\"async\" src=\"http:\/\/www.noworudzianin.pl\/WWW\/wp-content\/uploads\/2020\/06\/nr3-S\u0142obodzian-630x420.jpg\" alt=\"\" width=\"630\" height=\"420\" class=\"alignnone size-large wp-image-22302\" srcset=\"https:\/\/www.noworudzianin.pl\/WWW\/wp-content\/uploads\/2020\/06\/nr3-S\u0142obodzian-630x420.jpg 630w, https:\/\/www.noworudzianin.pl\/WWW\/wp-content\/uploads\/2020\/06\/nr3-S\u0142obodzian-300x200.jpg 300w, https:\/\/www.noworudzianin.pl\/WWW\/wp-content\/uploads\/2020\/06\/nr3-S\u0142obodzian-768x512.jpg 768w, https:\/\/www.noworudzianin.pl\/WWW\/wp-content\/uploads\/2020\/06\/nr3-S\u0142obodzian-1536x1024.jpg 1536w, https:\/\/www.noworudzianin.pl\/WWW\/wp-content\/uploads\/2020\/06\/nr3-S\u0142obodzian-2048x1365.jpg 2048w\" sizes=\"(max-width: 630px) 100vw, 630px\" \/><br \/>\nMarcin S\u0142obodzian \/\u00a0Robert Hundla<\/p>\n<p>Sylwester P\u0142achytka, pierwszy raz pilotowany przez Daniela Dymurskiego, by\u0142 czwarty (+21 s).<\/p>\n<p><img loading=\"lazy\" decoding=\"async\" src=\"http:\/\/www.noworudzianin.pl\/WWW\/wp-content\/uploads\/2020\/06\/nr4-P\u0142achytka-630x414.jpg\" alt=\"\" width=\"630\" height=\"414\" class=\"alignnone size-large wp-image-22303\" srcset=\"https:\/\/www.noworudzianin.pl\/WWW\/wp-content\/uploads\/2020\/06\/nr4-P\u0142achytka-630x414.jpg 630w, https:\/\/www.noworudzianin.pl\/WWW\/wp-content\/uploads\/2020\/06\/nr4-P\u0142achytka-300x197.jpg 300w, https:\/\/www.noworudzianin.pl\/WWW\/wp-content\/uploads\/2020\/06\/nr4-P\u0142achytka-768x505.jpg 768w, https:\/\/www.noworudzianin.pl\/WWW\/wp-content\/uploads\/2020\/06\/nr4-P\u0142achytka-1536x1009.jpg 1536w, https:\/\/www.noworudzianin.pl\/WWW\/wp-content\/uploads\/2020\/06\/nr4-P\u0142achytka-2048x1346.jpg 2048w\" sizes=\"(max-width: 630px) 100vw, 630px\" \/><br \/>\n<em>Sylwester P\u0142achytka \/ Daniel Dymurski<\/em><\/p>\n<p>Adrian Chwietczuk i\u00a0Marcin Hinz, kt\u00f3rzy szykuj\u0105 si\u0119 do debiutu w\u00a0RSMP, zaj\u0119li pi\u0105te miejsce (+34,9 s).<br \/>\nJacek Jurecki i\u00a0Marcin Szeja, sz\u00f3sta za\u0142oga w\u00a0nieoficjalnej generalce, wygrali klas\u0119 Pro 1, w\u00a0kt\u00f3rej pokonali Darka Polo\u0144skiego i\u00a0\u0141ukasza Sitka o\u00a012,3 s.<br \/>\nArkadiusz Lechorzest i\u00a0Jacek Spentany zaj\u0119li \u00f3sme miejsce. Trzecia za\u0142oga w\u00a0Pro 1 \u2013 Arkadiusz Terlecki i\u00a0Bartosz Za\u0142u\u017cny by\u0142a dziewi\u0105ta w\u00a0rajdzie (+1:19.3). Dziesi\u0105tk\u0119 zamkn\u0119li Tadeusz Terlikowski i\u00a0Dariusz Burkat (+1:25.8).<br \/>\nW\u00a0Pro 2 triumfowali Igor Barto\u0142d oraz Krzysztof Mazur. Maciej Lubiak i\u00a0Tomasz Borko po ostatnim oesie awansowali na drugie miejsce (+6,7 s). Na trzecim stopniu podium stan\u0119li Patryk Zywer oraz Bartosz Siod\u0142a (+6,9 s). \u0141ukasz Lewandowski i\u00a0Piotr Bia\u0142ow\u0105s ostatecznie zaj\u0119li czwarte miejsce w\u00a0klasie (+10.2 s).<br \/>\nAdam Sroka i\u00a0Krystian Wo\u017aniak, jedenasta za\u0142oga w\u00a0nieoficjalnej klasyfikacji generalnej, wygra\u0142a klas\u0119 Pro 3. Rados\u0142aw Osiak i\u00a0Pawe\u0142 Pochro\u0144 stracili do nich 32,8 s. Trzecie miejsce zaj\u0119li Grzegorz Ciombor i\u00a0Marcin Borycki (+40,2 s).<br \/>\nOstatniego oesu dla rajdu okr\u0119gowego nie pokona\u0142y ju\u017c za\u0142ogi SKJS. Pierwsz\u0105 tr\u00f3jk\u0119 rajdu i\u00a0klasy TM1 utworzyli: Artur R\u00f3wniatka \/ Marcin Cygan, Tomasz Guctwa \/ Marcin Ma\u0142ek (+34,8 s), Artur Ma\u0142yszewicz \/ Anna W\u00f3dkiewicz (+38,8 s). W\u00a0TM3 wygrali Kajetan \u015awider \/ Krzysztof Janik, w\u00a0TM2 Piotr Kordos \/ Tomasz Ryznar, w\u00a0TM4 Mateusz Kryniecki \/ Marcin \u00adHerba.<br \/>\nW\u015br\u00f3d go\u015bci najszybsi byli Micha\u0142 Walkowski \/ Grzegorz Cyganik, a\u00a0w\u00a0C2 Mariusz Skwark \/ Micha\u0142 Ma\u0107kowski.<\/p>\n<p><img loading=\"lazy\" decoding=\"async\" src=\"http:\/\/www.noworudzianin.pl\/WWW\/wp-content\/uploads\/2020\/06\/nr5-Kotarba-630x420.jpg\" alt=\"\" width=\"630\" height=\"420\" class=\"alignnone size-large wp-image-22304\" srcset=\"https:\/\/www.noworudzianin.pl\/WWW\/wp-content\/uploads\/2020\/06\/nr5-Kotarba-630x420.jpg 630w, https:\/\/www.noworudzianin.pl\/WWW\/wp-content\/uploads\/2020\/06\/nr5-Kotarba-300x200.jpg 300w, https:\/\/www.noworudzianin.pl\/WWW\/wp-content\/uploads\/2020\/06\/nr5-Kotarba-768x512.jpg 768w, https:\/\/www.noworudzianin.pl\/WWW\/wp-content\/uploads\/2020\/06\/nr5-Kotarba-1536x1024.jpg 1536w, https:\/\/www.noworudzianin.pl\/WWW\/wp-content\/uploads\/2020\/06\/nr5-Kotarba-2048x1365.jpg 2048w\" sizes=\"(max-width: 630px) 100vw, 630px\" \/><br \/>\n<em>\u0141ukasz Kotarba \/ Tomasz Kotarba<\/em><\/p>\n<p>Organizator i\u00a0dyrektor inauguracyjnej rundy cyklu Tarmac Masters \u2013 Marcin Jankiewicz wyda\u0142 o\u015bwiadczenie odnosz\u0105ce si\u0119 do niedzielnych wydarze\u0144:<br \/>\n\u201eTo nie by\u0142 weekend o\u00a0jakim marzy\u0142em przez ostatnie miesi\u0105ce. Ka\u017cdy z\u00a0zawodnik\u00f3w, kt\u00f3ry wystartowa\u0142 w\u00a01. rundzie Tarmac Masters 2020 mo\u017ce czu\u0107 si\u0119 rozczarowany. Stanem strefy serwisowej z\u00a0ogromn\u0105 ilo\u015bci\u0105 b\u0142ota, finalnie jej rozwi\u0105zaniem dla SKJS oraz zmian\u0105 harmonogramu. Obs\u0142ug\u0105 na punktach i\u00a0dojazd\u00f3wkach. Obs\u0142ug\u0105 przez s\u0119dzi\u00f3w zabezpieczenia tak ogromnej liczby os\u00f3b przy trasie. Ogromnymi op\u00f3\u017anieniami. Odwo\u0142anymi odcinkami.<br \/>\nWiele element\u00f3w zawiod\u0142o i\u00a0za wszystkie przepraszam zawodnik\u00f3w, kt\u00f3rym nie dostarczy\u0142em zawod\u00f3w na poziomie, jakiego si\u0119 spodziewali.<br \/>\nB\u0119d\u0119 pracowa\u0107 nad popraw\u0105 wszystkich tych element\u00f3w, aby w\u00a0przysz\u0142o\u015bci by\u0142o tylko lepiej.<br \/>\nOrganizator\/Dyrektor rajdu<br \/>\nMarcin Jankiewicz\u201d<br \/>\ntekst i fot. \u0141ukasz W\u0105sik<\/p>\n<p><strong>APEL DO KIBIC\u00d3W!!!<\/strong><br \/>\nRedakcja tygodnika \u201eNoworudzianin\u201d pragnie zaapelowa\u0107 do wszystkich kibic\u00f3w, widz\u00f3w, ca\u0142ej publiczno\u015bci, o\u00a0zachowanie zdrowego rozs\u0105dku i\u00a0wyobra\u017ani podczas wybierania miejsc do ogl\u0105dania rajd\u00f3w samochodowych, kt\u00f3re s\u0105 niezwykle widowiskowe, ale zarazem bardzo niebezpieczne i\u00a0ciesz\u0105 si\u0119 bardzo du\u017c\u0105 popularno\u015bci\u0105 na naszym terenie. Prosimy nie stawa\u0107 blisko drogi, nie pr\u00f3bowa\u0107 dotyka\u0107 p\u0119dz\u0105cych samochod\u00f3w, NIE STA\u0106 w\u00a0tzw. KOPERTACH, s\u0142ucha\u0107 os\u00f3b zabezpieczaj\u0105cych rajd! Nie st\u00f3jmy w\u00a0miejscach, w\u00a0kt\u00f3rych jest tabliczka informuj\u0105ca, \u017ce to jest NIEDOZWOLONE. Wybierajmy miejsca tak, aby nie niszczy\u0107 upraw rolnych, zabierajmy ze sob\u0105 odpady \u2013 nie zostawiajmy ich w\u00a0lasach, na \u0142\u0105kach \u2013 bo to od nas zale\u017cy, czy w\u00a0przysz\u0142o\u015bci odb\u0119dzie si\u0119 kolejny rajd.<\/p>\n<p><a href=\"https:\/\/youtu.be\/_MZRiuEkOZA\"><strong>Niech to nagranie b\u0119dzie przestrog\u0105 dla wszystkich<\/strong><\/a><br \/>\n<a href=\"https:\/\/youtu.be\/_MZRiuEkOZA\"><img loading=\"lazy\" decoding=\"async\" src=\"http:\/\/www.noworudzianin.pl\/WWW\/wp-content\/uploads\/2020\/06\/Grzyb-film.jpg\" alt=\"\" width=\"315\" height=\"145\" class=\"alignnone size-full wp-image-22307\" srcset=\"https:\/\/www.noworudzianin.pl\/WWW\/wp-content\/uploads\/2020\/06\/Grzyb-film.jpg 315w, https:\/\/www.noworudzianin.pl\/WWW\/wp-content\/uploads\/2020\/06\/Grzyb-film-300x138.jpg 300w\" sizes=\"(max-width: 315px) 100vw, 315px\" \/><\/a><\/p>\n<p align=\"center\"><span style=\"color: #0000ff;\">Str. 23 w numerze 434 tygodnika \u201eNoworudzianin\u201d dost\u0119pnym <\/span> <a href=\"https:\/\/www.noworudzianin.pl\/WWW\/wp-content\/uploads\/2020\/06\/Noworudzianin-Nr-434a.pdf\" target=\"_blank\" rel=\"noopener noreferrer\">tutaj<\/a>.<\/p>\n<p><script language=\"JavaScript\">\n<!--\nfunction FP_swapImg() {\/\/v1.0\n var doc=document,args=arguments,elm,n; doc.$imgSwaps=new Array(); for(n=2; n<args.length;\n n+=2) { elm=FP_getObjectByID(args[n]); if(elm) { doc.$imgSwaps[doc.$imgSwaps.length]=elm;\n elm.$src=elm.src; elm.src=args[n+1]; } }\n}\nfunction FP_preloadImgs() {\/\/v1.0\n var d=document,a=arguments; if(!d.FP_imgs) d.FP_imgs=new Array();\n for(var i=0; i<a.length; i++) { d.FP_imgs[i]=new Image; d.FP_imgs[i].src=a[i]; }\n}\nfunction FP_getObjectByID(id,o) {\/\/v1.0\n var c,el,els,f,m,n; if(!o)o=document; if(o.getElementById) el=o.getElementById(id);\n else if(o.layers) c=o.layers; else if(o.all) el=o.all[id]; if(el) return el;\n if(o.id==id || o.name==id) return o; if(o.childNodes) c=o.childNodes; if(c)\n for(n=0; n<c.length; n++) { el=FP_getObjectByID(id,c[n]); if(el) return el; }\n f=o.forms; if(f) for(n=0; n<f.length; n++) { els=f[n].elements;\n for(m=0; m<els.length; m++){ el=FP_getObjectByID(id,els[n]); if(el) return el; } }\n return null;\n}\n\/\/ -->\n<\/script><\/p>\n<p align=\"center\">\n\t\t\t<a target=\"_blank\" href=\"https:\/\/www.noworudzianin.pl\/WWW\/wp-content\/uploads\/2020\/06\/Noworudzianin-Nr-434a.pdf\" rel=\"noopener noreferrer\"><br \/>\n\t\t\t<img loading=\"lazy\" decoding=\"async\" border=\"1\" src=\"http:\/\/www.noworudzianin.pl\/WWW\/images\/434_b_small.jpg\" width=\"221\" height=\"300\"><\/a><br \/>\n\t\t\t<font face=\"Verdana\">Numer 434<br \/>\n\t\t\t<font size=\"2\">26 czerwca \u2013 2 lipca 2020 r. <\/font><\/font><br \/><center><br \/>\n<body onload=\"FP_preloadImgs(\/*url*\/'https:\/\/www.noworudzianin.pl\/WWW\/images\/button3.gif', \/*url*\/'https:\/\/www.noworudzianin.pl\/WWW\/images\/button4.gif')\"><\/p>\n<p><a target=\"_blank\" href=\"https:\/\/www.noworudzianin.pl\/WWW\/wp-content\/uploads\/2020\/06\/Noworudzianin-Nr-434a.pdf\" rel=\"noopener noreferrer\"><br \/>\n<img loading=\"lazy\" decoding=\"async\" border=\"0\" id=\"img1\" src=\"https:\/\/www.noworudzianin.pl\/WWW\/images\/button2a.gif\" height=\"50\" width=\"250\" alt=\"POBIERZ ZA DARMO TUTAJ\" fp-style=\"fp-btn: Metal Capsule 2; fp-font-size: 14; fp-transparent: 1\" fp-title=\"POBIERZ ZA DARMO TUTAJ\" onmouseover=\"FP_swapImg(1,0,\/*id*\/'img1',\/*url*\/'https:\/\/www.noworudzianin.pl\/WWW\/images\/button3a.gif')\" onmouseout=\"FP_swapImg(0,0,\/*id*\/'img1',\/*url*\/'https:\/\/www.noworudzianin.pl\/WWW\/images\/button2a.gif')\" onmousedown=\"FP_swapImg(1,0,\/*id*\/'img1',\/*url*\/'https:\/\/www.noworudzianin.pl\/WWW\/images\/button4a.gif')\" onmouseup=\"FP_swapImg(0,0,\/*id*\/'img1',\/*url*\/'https:\/\/www.noworudzianin.pl\/WWW\/images\/button3a.gif')\"><\/a><\/p>\n<p><\/center><\/p>\n","protected":false},"excerpt":{"rendered":"<p>W\u00a0ubieg\u0142y weekend w\u00a0okolicach Nowej Rudy odby\u0142 si\u0119 Rajd Okr\u0119gowy Rally Ireco Motorsport.<\/p>\n","protected":false},"author":6,"featured_media":22299,"comment_status":"open","ping_status":"closed","sticky":false,"template":"","format":"standard","meta":{"om_disable_all_campaigns":false,"_monsterinsights_skip_tracking":false,"_monsterinsights_sitenote_active":false,"_monsterinsights_sitenote_note":"","_monsterinsights_sitenote_category":0,"_uf_show_specific_survey":0,"_uf_disable_surveys":false,"footnotes":""},"categories":[2],"tags":[5591,5602,5606,5600,5599,5607,5603,20,5,5590,1530,5604,5605,5598,5601,5608],"aioseo_notices":[],"amp_enabled":true,"_links":{"self":[{"href":"https:\/\/www.noworudzianin.pl\/WWW\/wp-json\/wp\/v2\/posts\/22298"}],"collection":[{"href":"https:\/\/www.noworudzianin.pl\/WWW\/wp-json\/wp\/v2\/posts"}],"about":[{"href":"https:\/\/www.noworudzianin.pl\/WWW\/wp-json\/wp\/v2\/types\/post"}],"author":[{"embeddable":true,"href":"https:\/\/www.noworudzianin.pl\/WWW\/wp-json\/wp\/v2\/users\/6"}],"replies":[{"embeddable":true,"href":"https:\/\/www.noworudzianin.pl\/WWW\/wp-json\/wp\/v2\/comments?post=22298"}],"version-history":[{"count":5,"href":"https:\/\/www.noworudzianin.pl\/WWW\/wp-json\/wp\/v2\/posts\/22298\/revisions"}],"predecessor-version":[{"id":22342,"href":"https:\/\/www.noworudzianin.pl\/WWW\/wp-json\/wp\/v2\/posts\/22298\/revisions\/22342"}],"wp:featuredmedia":[{"embeddable":true,"href":"https:\/\/www.noworudzianin.pl\/WWW\/wp-json\/wp\/v2\/media\/22299"}],"wp:attachment":[{"href":"https:\/\/www.noworudzianin.pl\/WWW\/wp-json\/wp\/v2\/media?parent=22298"}],"wp:term":[{"taxonomy":"category","embeddable":true,"href":"https:\/\/www.noworudzianin.pl\/WWW\/wp-json\/wp\/v2\/categories?post=22298"},{"taxonomy":"post_tag","embeddable":true,"href":"https:\/\/www.noworudzianin.pl\/WWW\/wp-json\/wp\/v2\/tags?post=22298"}],"curies":[{"name":"wp","href":"https:\/\/api.w.org\/{rel}","templated":true}]}}