{"id":22751,"date":"2020-08-07T09:38:21","date_gmt":"2020-08-07T07:38:21","guid":{"rendered":"http:\/\/www.noworudzianin.pl\/WWW\/?p=22751"},"modified":"2020-08-07T09:38:21","modified_gmt":"2020-08-07T07:38:21","slug":"a-jednak-1-wrzesnia-do-szkoly","status":"publish","type":"post","link":"https:\/\/www.noworudzianin.pl\/WWW\/2020\/08\/07\/a-jednak-1-wrzesnia-do-szkoly\/","title":{"rendered":"A jednak \u2013 1 wrze\u015bnia do szko\u0142y"},"content":{"rendered":"<p><strong>Elastyczne modele kszta\u0142cenia, uprawnienia dyrektor\u00f3w w sytuacji zagro\u017cenia zara\u017cenia COVID-19 w szko\u0142ach i plac\u00f3wkach, wytyczne sanepidu dla szk\u00f3\u0142 i plac\u00f3wek, kalendarz dzia\u0142a\u0144 legislacyjnych i informacyjnych ministerstwa edukacji \u2013 to najwa\u017cniejsze tematy prezentowane podczas konferencji zapowiadaj\u0105cej nowy rok szkolny w sytuacji pandemii<\/strong><\/p>\n<p>Dariusz Piontkowski, minister edukacji narodowej, przestawi\u0142 w \u015brod\u0119 5 sierpnia dzia\u0142ania ministerstwa podejmowane w ramach organizacji roku szkolnego 2020\/2021. Wytyczne GIS i przepisy MEN pozwalaj\u0105ce na elastyczne formy nauczania \u2013 to najwa\u017cniejsze z dzia\u0142a\u0144, kt\u00f3re pozwol\u0105 na bezpieczn\u0105 nauk\u0119 w szko\u0142ach.<br \/>\n\u2013 1 wrze\u015bnia uczniowie wracaj\u0105 do szk\u00f3\u0142. A my robimy wszystko, by uczyli si\u0119 w bezpiecznych warunkach. Przygotowujemy rozwi\u0105zania \u2013 wytyczne sanitarne i rozwi\u0105zania prawne, kt\u00f3re pozwol\u0105 odpowiednio zareagowa\u0107 i podj\u0105\u0107 w\u0142a\u015bciwe decyzje gdy pojawi si\u0119 ognisko zaka\u017cenia \u2013 powiedzia\u0142 minister Dariusz Piontkowski podczas konferencji.<\/p>\n<p><strong>Wytyczne GIS<\/strong><br \/>\nMinister Dariusz Piontkowski przedstawi\u0142 opracowane wsp\u00f3lnie z G\u0142\u00f3wnym Inspektorem Sanitarnym, Ministrem Zdrowia wytyczne dla szk\u00f3\u0142 i plac\u00f3wek, kt\u00f3re b\u0119d\u0105 obowi\u0105zywa\u0142y od 1 wrze\u015bnia 2020 r. Maj\u0105 one zastosowanie do organizacji pracy szk\u00f3\u0142 i plac\u00f3wek, w tym dla uczni\u00f3w ze specjalnymi potrzebami edukacyjnymi.<br \/>\nWytyczne zawieraj\u0105 og\u00f3lne i szczeg\u00f3\u0142owe zalecenia zwi\u0105zane m.in. z organizacj\u0105 zaj\u0119\u0107 w szkole, wydawaniem posi\u0142k\u00f3w, higien\u0105, czyszczeniem, dezynfekcj\u0105 pomieszcze\u0144 i powierzchni, post\u0119powaniem w przypadku podejrzenia zaka\u017cenia u uczni\u00f3w i pracownik\u00f3w szko\u0142y.<br \/>\nG\u0142\u00f3wn\u0105 wytyczn\u0105 jest bezwzgl\u0119dne przestrzeganie podstawowych zasad higieny: cz\u0119ste mycie r\u0105k, ochrona podczas kichania i kaszlu, unikanie dotykania oczu, nosa i ust, obowi\u0105zkowe zakrywanie ust i nosa przez osoby trzecie przychodz\u0105ce do szko\u0142y lub plac\u00f3wki, regularne czyszczenie pomieszcze\u0144. Uczniowie w klasach nie b\u0119d\u0105 musieli nosi\u0107 maseczek. W miar\u0119 mo\u017cliwo\u015bci zaleca si\u0119 tak\u0105 organizacj\u0119 pracy i jej koordynacj\u0119, kt\u00f3ra umo\u017cliwi zachowanie dystansu mi\u0119dzy osobami przebywaj\u0105cymi na terenie \u00adszko\u0142y.<br \/>\nDyrektorzy szk\u00f3\u0142 i plac\u00f3wek na podstawie wytycznych mog\u0105 ju\u017c przygotowywa\u0107 wewn\u0119trzne regulaminy lub procedury funkcjonowania szko\u0142y i plac\u00f3wki w czasie epidemii. Do po\u0142owy sierpnia G\u0142\u00f3wny Inspektor Sanitarny, w porozumieniu z MEN, opracuje szczeg\u00f3\u0142owe rekomendacje post\u0119powania dla powiatowych inspektor\u00f3w sanitarnych w sytuacji wyst\u0105pienia na terenie szko\u0142y ogniska zaka\u017cenia. B\u0119d\u0105 one uzale\u017cnione od stopnia zaka\u017cenia wyst\u0119puj\u0105cego na danym terenie i adekwatne do wyst\u0119puj\u0105cych okoliczno\u015bci. Pozytywna opinia Pa\u0144stwowego Powiatowego Inspektora Sanitarnego b\u0119dzie kluczowa dla dyrektora szko\u0142y lub plac\u00f3wki i organu prowadz\u0105cego w przej\u015bciu na system kszta\u0142cenia \u201emieszany\u201d lub \u201ezdalny\u201d (tzw. warianty B i C pracy szko\u0142y i plac\u00f3wki).<\/p>\n<p><strong>Harmonogram przygotowa\u0144<\/strong><br \/>\nMinister Dariusz Piontkowski przedstawi\u0142 szczeg\u00f3\u0142owy harmonogram dzia\u0142a\u0144 MEN do rozpocz\u0119cia roku szkolnego. Do po\u0142owy sierpnia b\u0119d\u0105 gotowe niezb\u0119dne akty prawne MEN. Nast\u0119pnie zaczn\u0105 si\u0119 spotkania informacyjne z wojewodami, kuratorami o\u015bwiaty i inspektorami sanitarnymi na szczeblu wojew\u00f3dzkim i powiatowym. MEN przygotuje r\u00f3wnie\u017c materia\u0142y informacyjne dotycz\u0105ce funkcjonowania szk\u00f3\u0142 w nowym roku szkolnym w warunkach epidemii.<br \/>\nZmiany prawne<br \/>\nPrzy podejmowaniu decyzji dotycz\u0105cych konkretnych rozwi\u0105za\u0144 prawnych, analizie poddali\u015bmy rozwi\u0105zania wyst\u0119puj\u0105ce w innych pa\u0144stwach, g\u0142\u00f3wnie europejskich.<br \/>\nW pierwszej po\u0142owie sierpnia \u2013 mi\u0119dzy 10 a 14 Minister Edukacji Narodowej wyda akty prawne, kt\u00f3re pozwol\u0105 na wdro\u017cenie w szko\u0142ach odpowiednich rozwi\u0105za\u0144 w przypadku wyst\u0105pienia ogniska zaka\u017cenia. Istotne zmiany b\u0119d\u0105 wprowadzone w rozporz\u0105dzeniu MEN w sprawie bezpiecze\u0144stwa i higieny w publicznych i niepublicznych szko\u0142ach i plac\u00f3wkach.<br \/>\nDzi\u0119ki wprowadzonym zmianom dyrektor szko\u0142y lub plac\u00f3wki b\u0119dzie m\u00f3g\u0142 zawiesi\u0107 zaj\u0119cia ze wzgl\u0119du na aktualn\u0105 sytuacj\u0119 epidemiologiczn\u0105, kt\u00f3ra mo\u017ce zagra\u017ca\u0107 zdrowiu uczni\u00f3w. Zawieszenie b\u0119dzie obwarowane uzyskaniem zgody organu \u00adprowadz\u0105cego oraz pozytywnej\u00a0opinii Pa\u0144stwowego Powiatowego Inspektora Sanitarnego.<br \/>\nB\u0119d\u0105 to elastyczne rozwi\u0105zania umo\u017cliwiaj\u0105ce dyrektorowi szko\u0142y lub plac\u00f3wki zawieszenie zaj\u0119\u0107 w formie tradycyjnej adekwatnie do skali zagro\u017cenia epidemicznego i potrzeb z tym zwi\u0105zanych oraz mo\u017cliwo\u015bci organizacyjnych. Dyrektor b\u0119dzie m\u00f3g\u0142 zawiesi\u0107 zaj\u0119cia grupy, grupy wychowawczej, oddzia\u0142u, klasy, etapu edukacyjnego lub ca\u0142ej szko\u0142y lub plac\u00f3wki, w zakresie wszystkich lub poszczeg\u00f3lnych zaj\u0119\u0107.<br \/>\nKolejne zmiany b\u0119d\u0105 wprowadzone w rozporz\u0105dzeniu w sprawie czasowego ograniczenia funkcjonowania jednostek systemu o\u015bwiaty w zwi\u0105zku z zapobieganiem, przeciwdzia\u0142aniem i zwalczaniem Covid-19 (art. 30b upo).<br \/>\nZnowelizowane zostanie rozporz\u0105dzenie Ministra Edukacji Narodowej w sprawie szczeg\u00f3lnych rozwi\u0105za\u0144 w okresie czasowego ograniczenia funkcjonowania jednostek systemu o\u015bwiaty w zwi\u0105zku z zapobieganiem, przeciwdzia\u0142aniem i zwalczaniem Covid-19 (art. 30c upo). W przepisach tego aktu prawnego b\u0119d\u0105 okre\u015blone szczeg\u00f3\u0142owe rozwi\u0105zania dotycz\u0105ce funkcjonowania szk\u00f3\u0142 w okresie zawieszenia zaj\u0119\u0107 przez dyrektora szko\u0142y. Utrzymane zostan\u0105 dotychczasowe rozwi\u0105zania oraz dodana zostanie mo\u017cliwo\u015b\u0107 realizacji kszta\u0142cenia w systemie mieszanym (hybrydowym).<\/p>\n<p><strong>Warianty funkcjonowania szk\u00f3\u0142 i plac\u00f3wek w okresie pandemii w sytuacji wyst\u0105pienia zaka\u017cenia na danym \u00adterenie<\/strong><\/p>\n<p><strong><em>Wariant A \u2013 tradycyjna forma kszta\u0142cenia<\/em><\/strong><br \/>\nW szkole funkcjonuje tradycyjne kszta\u0142cenie. Obowi\u0105zuj\u0105 wytyczne GIS\/MZ i MEN dla szk\u00f3\u0142 i plac\u00f3wek o\u015bwiatowych.<br \/>\nW przypadku wyst\u0105pienia zagro\u017cenia epidemiologicznego dyrektor szko\u0142y, po uzyskaniu pozytywnej opinii Pa\u0144stwowego Powiatowego Inspektora Sanitarnego i za zgod\u0105 organu prowadz\u0105cego, b\u0119dzie m\u00f3g\u0142 cz\u0119\u015bciowo lub w ca\u0142o\u015bci zawiesi\u0107 stacjonarn\u0105 prac\u0119 szk\u00f3\u0142 i plac\u00f3wek. W\u00f3wczas dopuszczalne b\u0119d\u0105 dwa warianty kszta\u0142cenia: B i C.<\/p>\n<p><em><strong>Wariant B \u2013 mieszana forma kszta\u0142cenia (hybrydowa)<\/strong><\/em><br \/>\nDyrektor b\u0119dzie m\u00f3g\u0142 zawiesi\u0107 zaj\u0119cia grupy, grupy wychowawczej, oddzia\u0142u, klasy, etapu edukacyjnego lub ca\u0142ej szko\u0142y lub plac\u00f3wki, w zakresie wszystkich lub poszczeg\u00f3lnych zaj\u0119\u0107 i prowadzi\u0107 kszta\u0142cenie na odleg\u0142o\u015b\u0107 (zdalne). B\u0119dzie to zale\u017ca\u0142o od sytuacji epidemicznej na danym terenie, w danej szkole czy plac\u00f3wce. Decyzj\u0119 podejmie dyrektor po uzyskaniu zgody organu prowadz\u0105cego i otrzymaniu pozytywnej opinii Pa\u0144stwowego Powiatowego Inspektora Sanitarnego. Opinie te, b\u0119dzie mo\u017cna \u2013 z uwagi na konieczno\u015b\u0107 podejmowania szybkiej decyzji \u2013 uzyska\u0107 pisemnie, ustnie, za pomoc\u0105 emaila, telefonu.<\/p>\n<p><em><strong>Wariant C \u2013 kszta\u0142cenie zdalne<\/strong><\/em><br \/>\nDyrektor szko\u0142y, plac\u00f3wki podejmuje decyzj\u0119 o zawieszeniu zaj\u0119\u0107 stacjonarnych na okre\u015blony czas i wprowadzeniu w ca\u0142ej szkole kszta\u0142cenia na odleg\u0142o\u015b\u0107 (edukacji zdalnej). Konieczna b\u0119dzie w tym przypadku zgoda organu prowadz\u0105cego i pozytywna opinia Pa\u0144stwowego Powiatowego Inspektora Sanitarnego. Minister Edukacji Narodowej nadal zachowuje uprawnienie do ograniczenia zaj\u0119\u0107 w szko\u0142ach na terenie kraju.<\/p>\n<p><strong>Dalsze dzia\u0142ania organizacyjne<\/strong><br \/>\nW drugiej po\u0142owie sierpnia zorganizowane zostan\u0105 spotkania z wojewodami, z regionalnymi inspektorami sanitarnymi, dyrektorami szk\u00f3\u0142 i plac\u00f3wek. Ponadto MEN przygotuje materia\u0142y informacyjne dla dyrektor\u00f3w szk\u00f3\u0142, rodzic\u00f3w z najwa\u017cniejszymi wytycznymi dotycz\u0105cymi zasad bezpiecze\u0144stwa.<\/p>\n<p align=\"center\"><span style=\"color: #0000ff;\">Str. 6 w numerze 440 tygodnika \u201eNoworudzianin\u201d dost\u0119pnym <\/span> <a href=\"https:\/\/www.noworudzianin.pl\/WWW\/wp-content\/uploads\/2020\/08\/Noworudzianin-Nr-440a.pdf\" target=\"_blank\" rel=\"noopener noreferrer\">tutaj<\/a>.<\/p>\n<p><script language=\"JavaScript\">\n<!--\nfunction FP_swapImg() {\/\/v1.0\n var doc=document,args=arguments,elm,n; doc.$imgSwaps=new Array(); for(n=2; n<args.length;\n n+=2) { elm=FP_getObjectByID(args[n]); if(elm) { doc.$imgSwaps[doc.$imgSwaps.length]=elm;\n elm.$src=elm.src; elm.src=args[n+1]; } }\n}\nfunction FP_preloadImgs() {\/\/v1.0\n var d=document,a=arguments; if(!d.FP_imgs) d.FP_imgs=new Array();\n for(var i=0; i<a.length; i++) { d.FP_imgs[i]=new Image; d.FP_imgs[i].src=a[i]; }\n}\nfunction FP_getObjectByID(id,o) {\/\/v1.0\n var c,el,els,f,m,n; if(!o)o=document; if(o.getElementById) el=o.getElementById(id);\n else if(o.layers) c=o.layers; else if(o.all) el=o.all[id]; if(el) return el;\n if(o.id==id || o.name==id) return o; if(o.childNodes) c=o.childNodes; if(c)\n for(n=0; n<c.length; n++) { el=FP_getObjectByID(id,c[n]); if(el) return el; }\n f=o.forms; if(f) for(n=0; n<f.length; n++) { els=f[n].elements;\n for(m=0; m<els.length; m++){ el=FP_getObjectByID(id,els[n]); if(el) return el; } }\n return null;\n}\n\/\/ -->\n<\/script><\/p>\n<p align=\"center\">\n\t\t\t<a target=\"_blank\" href=\"https:\/\/www.noworudzianin.pl\/WWW\/wp-content\/uploads\/2020\/08\/Noworudzianin-Nr-440a.pdf\" rel=\"noopener noreferrer\"><br \/>\n\t\t\t<img loading=\"lazy\" decoding=\"async\" border=\"1\" src=\"http:\/\/www.noworudzianin.pl\/WWW\/images\/440_b_small.jpg\" width=\"221\" height=\"300\"><\/a><br \/>\n\t\t\t<font face=\"Verdana\">Numer 440<br \/>\n\t\t\t<font size=\"2\">7-13 sierpnia 2020 r. <\/font><\/font><br \/><center><br \/>\n<body onload=\"FP_preloadImgs(\/*url*\/'https:\/\/www.noworudzianin.pl\/WWW\/images\/button3.gif', \/*url*\/'https:\/\/www.noworudzianin.pl\/WWW\/images\/button4.gif')\"><\/p>\n<p><a target=\"_blank\" href=\"https:\/\/www.noworudzianin.pl\/WWW\/wp-content\/uploads\/2020\/08\/Noworudzianin-Nr-440a.pdf\" rel=\"noopener noreferrer\"><br \/>\n<img loading=\"lazy\" decoding=\"async\" border=\"0\" id=\"img1\" src=\"https:\/\/www.noworudzianin.pl\/WWW\/images\/button2a.gif\" height=\"50\" width=\"250\" alt=\"POBIERZ ZA DARMO TUTAJ\" fp-style=\"fp-btn: Metal Capsule 2; fp-font-size: 14; fp-transparent: 1\" fp-title=\"POBIERZ ZA DARMO TUTAJ\" onmouseover=\"FP_swapImg(1,0,\/*id*\/'img1',\/*url*\/'https:\/\/www.noworudzianin.pl\/WWW\/images\/button3a.gif')\" onmouseout=\"FP_swapImg(0,0,\/*id*\/'img1',\/*url*\/'https:\/\/www.noworudzianin.pl\/WWW\/images\/button2a.gif')\" onmousedown=\"FP_swapImg(1,0,\/*id*\/'img1',\/*url*\/'https:\/\/www.noworudzianin.pl\/WWW\/images\/button4a.gif')\" onmouseup=\"FP_swapImg(0,0,\/*id*\/'img1',\/*url*\/'https:\/\/www.noworudzianin.pl\/WWW\/images\/button3a.gif')\"><\/a><\/p>\n<p><\/center><\/p>\n","protected":false},"excerpt":{"rendered":"<p>Elastyczne modele kszta\u0142cenia, uprawnienia dyrektor\u00f3w w sytuacji zagro\u017cenia zara\u017cenia COVID-19 w szko\u0142ach i plac\u00f3wkach, wytyczne sanepidu dla szk\u00f3\u0142 i plac\u00f3wek,<\/p>\n","protected":false},"author":6,"featured_media":4724,"comment_status":"open","ping_status":"closed","sticky":false,"template":"","format":"standard","meta":{"om_disable_all_campaigns":false,"_monsterinsights_skip_tracking":false,"_monsterinsights_sitenote_active":false,"_monsterinsights_sitenote_note":"","_monsterinsights_sitenote_category":0,"_uf_show_specific_survey":0,"_uf_disable_surveys":false,"footnotes":""},"categories":[2,128],"tags":[5786,5788,5206,5178,5530,5789,5451,20,5,5785,540,606],"aioseo_notices":[],"amp_enabled":true,"_links":{"self":[{"href":"https:\/\/www.noworudzianin.pl\/WWW\/wp-json\/wp\/v2\/posts\/22751"}],"collection":[{"href":"https:\/\/www.noworudzianin.pl\/WWW\/wp-json\/wp\/v2\/posts"}],"about":[{"href":"https:\/\/www.noworudzianin.pl\/WWW\/wp-json\/wp\/v2\/types\/post"}],"author":[{"embeddable":true,"href":"https:\/\/www.noworudzianin.pl\/WWW\/wp-json\/wp\/v2\/users\/6"}],"replies":[{"embeddable":true,"href":"https:\/\/www.noworudzianin.pl\/WWW\/wp-json\/wp\/v2\/comments?post=22751"}],"version-history":[{"count":1,"href":"https:\/\/www.noworudzianin.pl\/WWW\/wp-json\/wp\/v2\/posts\/22751\/revisions"}],"predecessor-version":[{"id":22752,"href":"https:\/\/www.noworudzianin.pl\/WWW\/wp-json\/wp\/v2\/posts\/22751\/revisions\/22752"}],"wp:featuredmedia":[{"embeddable":true,"href":"https:\/\/www.noworudzianin.pl\/WWW\/wp-json\/wp\/v2\/media\/4724"}],"wp:attachment":[{"href":"https:\/\/www.noworudzianin.pl\/WWW\/wp-json\/wp\/v2\/media?parent=22751"}],"wp:term":[{"taxonomy":"category","embeddable":true,"href":"https:\/\/www.noworudzianin.pl\/WWW\/wp-json\/wp\/v2\/categories?post=22751"},{"taxonomy":"post_tag","embeddable":true,"href":"https:\/\/www.noworudzianin.pl\/WWW\/wp-json\/wp\/v2\/tags?post=22751"}],"curies":[{"name":"wp","href":"https:\/\/api.w.org\/{rel}","templated":true}]}}