{"id":22776,"date":"2020-08-11T10:16:12","date_gmt":"2020-08-11T08:16:12","guid":{"rendered":"http:\/\/www.noworudzianin.pl\/WWW\/?p=22776"},"modified":"2020-08-11T13:00:03","modified_gmt":"2020-08-11T11:00:03","slug":"nowe-nakazy-i-zakazy-w-zwiazku-z-koronawirusem","status":"publish","type":"post","link":"https:\/\/www.noworudzianin.pl\/WWW\/2020\/08\/11\/nowe-nakazy-i-zakazy-w-zwiazku-z-koronawirusem\/","title":{"rendered":"Nowe nakazy i zakazy w zwi\u0105zku z koronawirusem"},"content":{"rendered":"<p><strong>Od soboty 8 sierpnia, w 19 powiatach z najwi\u0119kszym wzrostem zaka\u017ce\u0144, powr\u00f3t niekt\u00f3rych zakaz\u00f3w i nakaz\u00f3w og\u0142osili podczas konferencji prasowej: \u0141ukasz Szumowski, minister zdrowia, oraz Janusz Cieszy\u0144ski, wiceminister resortu<\/strong><\/p>\n<p>\u2013 Chcemy wprowadzi\u0107 dodatkowe rygory w 19 powiatach z najwi\u0119kszym przyrostem zaka\u017ce\u0144, w wojew\u00f3dztwach: \u015bl\u0105skim, wielkopolskim, ma\u0142opolskim, \u0142\u00f3dzkim, podkarpackim i \u015bwi\u0119tokrzyskim \u2013 poinformowa\u0142 w czwartek \u0141ukasz Szumowski.<br \/>\nChodzi o 9 powiat\u00f3w \u201eczerwonych\u201d, w kt\u00f3rych wyst\u0119puje co najmniej 12 zaka\u017ce\u0144 na 10 tysi\u0119cy mieszka\u0144c\u00f3w (\u015brednia wyliczona z ostatnich 14 dni):<br \/>\n\u2013 ostrzeszowski,<br \/>\n\u2013 nowos\u0105decki,<br \/>\n\u2013 Nowy S\u0105cz,<br \/>\n\u2013 wielu\u0144ski,<br \/>\n\u2013 pszczy\u0144ski,<br \/>\n\u2013 Ruda \u015al\u0105ska,<br \/>\n\u2013 rybnicki,<br \/>\n\u2013 Rybnik,<br \/>\n\u2013 wodzis\u0142awski.<br \/>\n\u2013 S\u0105 obszary, gdzie przyrost jest szybki i musimy zareagowa\u0107. Je\u015bli nie chcemy, \u017ceby ten kolor czerwony by\u0142 w ca\u0142ej Polsce, zachowujmy re\u017cim. Je\u015bli b\u0119dziemy o tym zapomina\u0107, \u201eczerwonych\u201d obszar\u00f3w mo\u017ce by\u0107 wi\u0119cej \u2013 powiedzia\u0142 \u0141ukasz Szumowski.<br \/>\nW powiatach \u201e\u017c\u00f3\u0142tych\u201d \u2013 jest ich 10 \u2013 obostrzenia b\u0119d\u0105 mniejsze. Chodzi o regiony, w kt\u00f3rych wyst\u0119puje przyrost 6-12 zaka\u017ce\u0144 na 10 tysi\u0119cy mieszka\u0144c\u00f3w (\u015brednia wyliczona z ostatnich 14 dni):<br \/>\n\u2013 wieruszowski,<br \/>\n\u2013 Jastrz\u0119bie-Zdr\u00f3j,<br \/>\n\u2013 jaros\u0142awski,<br \/>\n\u2013 \u017bory,<br \/>\n\u2013 k\u0119pi\u0144ski,<br \/>\n\u2013 przemyski,<br \/>\n\u2013 cieszy\u0144ski,<br \/>\n\u2013 pi\u0144czowski,<br \/>\n\u2013 o\u015bwi\u0119cimski<br \/>\n\u2013 Przemy\u015bl.<br \/>\nMapa powiat\u00f3w na stronie ministerstwa zdrowia ma by\u0107 aktualizowana.<br \/>\nW powiatach \u201eczerwonych\u201d i \u201e\u017c\u00f3\u0142tych\u201d b\u0119dzie obowi\u0105zek noszenia maseczek w przestrzeni publicznej (na ulicach, w parkach, w sklepach, w komunikacji miejskiej). Zakazane b\u0119dzie organizowanie imprez masowych. Liczba uczestnik\u00f3w wesel zostanie ograniczona do 50 w przypadku powiat\u00f3w \u201eczerwonych\u201d i do 100 w \u201e\u017c\u00f3\u0142tych\u201d.<\/p>\n","protected":false},"excerpt":{"rendered":"<p>Od soboty 8 sierpnia, w 19 powiatach z najwi\u0119kszym wzrostem zaka\u017ce\u0144, powr\u00f3t niekt\u00f3rych zakaz\u00f3w i nakaz\u00f3w og\u0142osili podczas konferencji prasowej:<\/p>\n","protected":false},"author":6,"featured_media":22778,"comment_status":"open","ping_status":"closed","sticky":false,"template":"","format":"standard","meta":{"om_disable_all_campaigns":false,"_monsterinsights_skip_tracking":false,"_monsterinsights_sitenote_active":false,"_monsterinsights_sitenote_note":"","_monsterinsights_sitenote_category":0,"_uf_show_specific_survey":0,"_uf_disable_surveys":false,"footnotes":""},"categories":[2,281],"tags":[5206,5232,5803,5801,5802],"aioseo_notices":[],"amp_enabled":true,"_links":{"self":[{"href":"https:\/\/www.noworudzianin.pl\/WWW\/wp-json\/wp\/v2\/posts\/22776"}],"collection":[{"href":"https:\/\/www.noworudzianin.pl\/WWW\/wp-json\/wp\/v2\/posts"}],"about":[{"href":"https:\/\/www.noworudzianin.pl\/WWW\/wp-json\/wp\/v2\/types\/post"}],"author":[{"embeddable":true,"href":"https:\/\/www.noworudzianin.pl\/WWW\/wp-json\/wp\/v2\/users\/6"}],"replies":[{"embeddable":true,"href":"https:\/\/www.noworudzianin.pl\/WWW\/wp-json\/wp\/v2\/comments?post=22776"}],"version-history":[{"count":5,"href":"https:\/\/www.noworudzianin.pl\/WWW\/wp-json\/wp\/v2\/posts\/22776\/revisions"}],"predecessor-version":[{"id":22784,"href":"https:\/\/www.noworudzianin.pl\/WWW\/wp-json\/wp\/v2\/posts\/22776\/revisions\/22784"}],"wp:featuredmedia":[{"embeddable":true,"href":"https:\/\/www.noworudzianin.pl\/WWW\/wp-json\/wp\/v2\/media\/22778"}],"wp:attachment":[{"href":"https:\/\/www.noworudzianin.pl\/WWW\/wp-json\/wp\/v2\/media?parent=22776"}],"wp:term":[{"taxonomy":"category","embeddable":true,"href":"https:\/\/www.noworudzianin.pl\/WWW\/wp-json\/wp\/v2\/categories?post=22776"},{"taxonomy":"post_tag","embeddable":true,"href":"https:\/\/www.noworudzianin.pl\/WWW\/wp-json\/wp\/v2\/tags?post=22776"}],"curies":[{"name":"wp","href":"https:\/\/api.w.org\/{rel}","templated":true}]}}