{"id":22842,"date":"2020-08-17T12:09:52","date_gmt":"2020-08-17T10:09:52","guid":{"rendered":"http:\/\/www.noworudzianin.pl\/WWW\/?p=22842"},"modified":"2020-08-17T12:14:10","modified_gmt":"2020-08-17T10:14:10","slug":"koronawirus-pamietajmy-o-bezpieczenstwie-wlasnym-i-innych","status":"publish","type":"post","link":"https:\/\/www.noworudzianin.pl\/WWW\/2020\/08\/17\/koronawirus-pamietajmy-o-bezpieczenstwie-wlasnym-i-innych\/","title":{"rendered":"Koronawirus \u2013 pami\u0119tajmy o bezpiecze\u0144stwie w\u0142asnym i innych"},"content":{"rendered":"<p><strong>W ostatnim czasie wzros\u0142a dzienna liczba zaka\u017ce\u0144 koronawirusem. Policjanci przypominaj\u0105 wi\u0119c ponownie o zasadach bezpiecze\u0144stwa jakie trzeba zachowa\u0107 w czasach epidemii. Pami\u0119tajmy, \u017ce w niekt\u00f3rych miejscach oraz w sytuacjach nale\u017cy zakrywa\u0107 usta i nos, a w uzasadnionych okoliczno\u015bciach powinni\u015bmy zachowa\u0107 p\u00f3\u0142torametrowe odst\u0119py od siebie<\/strong><\/p>\n<p>Policja apeluje o odpowiedzialne i rozs\u0105dne zachowanie, w tym o przestrzeganie wprowadzonych ogranicze\u0144, wsp\u00f3\u0142prac\u0119 i realizowanie polece\u0144 s\u0142u\u017cb. W celu zmniejszenia ryzyka zara\u017cenia si\u0119 koronawirusem, unikajmy przebywania w wi\u0119kszych grupach. Tylko odpowiedzialnym zachowaniem mo\u017cemy zadba\u0107 o nasze wsp\u00f3lne bezpiecze\u0144stwo. Pami\u0119tajmy! Nieprzestrzegaj\u0105c wprowadzonych przez rz\u0105d ogranicze\u0144, nara\u017camy \u017cycie i zdrowie innych os\u00f3b. We\u017amy odpowiedzialno\u015b\u0107 za siebie oraz swoich najbli\u017cszych. Respektujmy prawo, a tak\u017ce zapisy obowi\u0105zuj\u0105cych ustaw oraz rozporz\u0105dze\u0144 \u2013 to nasze wsp\u00f3lne dobro.<br \/>\nPolicjanci przypominaj\u0105, \u017ce obecnie pieszo jednocze\u015bnie mog\u0105 si\u0119 porusza\u0107 osoby, kt\u00f3re zachowuj\u0105 odleg\u0142o\u015b\u0107 1,5 metr\u00f3w od siebie, chyba \u017ce realizuj\u0105 obowi\u0105zek zakrywania ust i nosa przy pomocy odzie\u017cy lub jej cz\u0119\u015bci, maski, maseczki, przy\u0142bicy albo kasku ochronnego. Wtedy odleg\u0142o\u015bci 1,5 metra zachowywa\u0107 nie trzeba. Nie trzeba tego robi\u0107 tak\u017ce, gdy bez maseczki idziemy pieszo z osobami, z kt\u00f3rymi wsp\u00f3lnie zamieszkujemy lub prowadzimy gospodarstwo, a tak\u017ce gdy opiekujemy si\u0119 dzieckiem do uko\u0144czenia 13 roku \u017cycia, osob\u0105 z orzeczeniem o niepe\u0142nosprawno\u015bci, osob\u0105 z orzeczeniem o stopniu niepe\u0142nosprawno\u015bci, osob\u0105 z orzeczeniem o potrzebie kszta\u0142cenia specjalnego lub osob\u0105, kt\u00f3ra ze wzgl\u0119du na stan zdrowia nie mo\u017ce porusza\u0107 si\u0119 samodzielnie.<br \/>\nPami\u0119tajmy, \u017ce \u015brodkami publicznego transportu zbiorowego oraz pojazdami samochodowymi przeznaczonymi konstrukcyjnie do przewozu wi\u0119cej ni\u017c 9 os\u00f3b \u0142\u0105cznie z kierowc\u0105, w tym samym czasie, mo\u017ce jecha\u0107 nie wi\u0119cej os\u00f3b ni\u017c wynosi 50% liczby miejsc siedz\u0105cych albo 30% liczby wszystkich miejsc siedz\u0105cych i stoj\u0105cych okre\u015blonych w dokumentacji technicznej lub dokumentacji techniczno-ruchowej dla danego typu \u015brodka transportu albo pojazdu, przy jednoczesnym pozostawieniu w \u015brodku transportu albo poje\u017adzie co najmniej 50% miejsc siedz\u0105cych niezaj\u0119tych \u2013 w ramach gminnych przewoz\u00f3w pasa\u017cerskich, komunikacji miejskiej, powiatowo-gminnych przewoz\u00f3w pasa\u017cerskich i powiatowych przewoz\u00f3w pasa\u017cerskich. W pojazdach tych tak\u017ce istnieje obowi\u0105zek zakrywania, przy pomocy odzie\u017cy lub jej cz\u0119\u015bci, maski, maseczki, przy\u0142bicy albo kasku ochronnego, ust i nosa.<br \/>\nTo samo dotyczy pobytu os\u00f3b w miejscach og\u00f3lnodost\u0119pnych, tj. na drogach i placach, cmentarzach, w parkach, na ziele\u0144cach, na promenadach, na bulwarach, w ogrodach botanicznych, w ogrodach zabytkowych, na pla\u017cach, w miejscach postoju pojazd\u00f3w, na parkingach le\u015bnych oraz na terenach nieruchomo\u015bci wsp\u00f3lnych. Nale\u017cy w tych miejscach zas\u0142ania\u0107 usta i nos, chyba \u017ce zostanie zachowana odleg\u0142o\u015b\u0107 co najmniej 1,5 m od przebywaj\u0105cych w tych miejscach os\u00f3b. Wtedy nie ma takiego obowi\u0105zku.<br \/>\nNatomiast w zak\u0142adach pracy oraz w budynkach u\u017cyteczno\u015bci publicznej przeznaczonych na potrzeby: administracji publicznej, wymiaru sprawiedliwo\u015bci, kultury, kultu religijnego, o\u015bwiaty, szkolnictwa wy\u017cszego, nauki, wychowania, opieki zdrowotnej, spo\u0142ecznej lub socjalnej, obs\u0142ugi bankowej, handlu, gastronomii, us\u0142ug, w tym us\u0142ug pocztowych lub telekomunikacyjnych, turystyki, sportu, obs\u0142ugi pasa\u017cer\u00f3w w transporcie kolejowym, drogowym, lotniczym, morskim lub wodnym \u015br\u00f3dl\u0105dowym, w obiektach handlowych lub us\u0142ugowych, plac\u00f3wkach handlowych lub us\u0142ugowych i na targowiskach (straganach), w trakcie sprawowania kultu religijnego, w tym czynno\u015bci lub obrz\u0119d\u00f3w religijnych, w budynku u\u017cyteczno\u015bci publicznej przeznaczonym na potrzeby kultu religijnego oraz na cmentarzu, nak\u0142ada si\u0119 obowi\u0105zek zakrywania ust i nosa.<br \/>\nDodatkowo obowi\u0105zku zas\u0142aniania twarzy nie stosuje si\u0119 w przypadku pojazdu samochodowego, w kt\u00f3rym przebywaj\u0105 lub poruszaj\u0105 si\u0119: jedna osoba albo jedna osoba z co najmniej jednym dzieckiem do 4 roku \u017cycia albo osoby zamieszkuj\u0105ce lub gospodaruj\u0105ce wsp\u00f3lnie. Nie musi tego robi\u0107 dziecko do uko\u0144czenia 4 roku \u017cycia oraz osoby, kt\u00f3re nie mog\u0105 zakrywa\u0107 ust lub nosa z powodu ca\u0142o\u015bciowych zaburze\u0144 rozwoju, zaburze\u0144 psychicznych, niepe\u0142nosprawno\u015bci intelektualnej w stopniu umiarkowanym, znacznym albo g\u0142\u0119bokim, lub osoby maj\u0105ce trudno\u015bci w samodzielnym zakryciu lub odkryciu ust lub nosa.<br \/>\nZakrywa\u0107 twarzy nie musz\u0105 tak\u017ce osoby wykonuj\u0105ce czynno\u015bci zawodowe, s\u0142u\u017cbowe lub zarobkowe w budynkach, zak\u0142adach, obiektach, plac\u00f3wkach i targowiskach (straganach) \u2013 z wyj\u0105tkiem osoby wykonuj\u0105cej bezpo\u015bredni\u0105 obs\u0142ug\u0119 interesant\u00f3w lub klient\u00f3w w czasie jej wykonywania, kierowcy wykonuj\u0105cy przewozy drogowe w za\u0142odze, osoby sprawuj\u0105ce kult religijny podczas j ego sprawowania, \u017co\u0142nierze Si\u0142 Zbrojnych Rzeczypospolitej Polskiej i wojsk sojuszniczych, a tak\u017ce funkcjonariusze S\u0142u\u017cby Kontrwywiadu Wojskowego i S\u0142u\u017cby Wywiadu Wojskowego, wykonuj\u0105cych zadania s\u0142u\u017cbowe, stosuj\u0105cych \u015brodki ochrony osobistej odpowiednie do rodzaju wykonywanych czynno\u015bci, osoby, kt\u00f3rych miejscem sta\u0142ego lub czasowego pobytu s\u0105 budynki u\u017cyteczno\u015bci publicznej przeznaczone na potrzeby wychowania, opieki zdrowotnej, spo\u0142ecznej lub socjalnej, chyba \u017ce zarz\u0105dzaj\u0105cy takim budynkiem postanowi inaczej, s\u0119dziowie, trenerzy oraz osoby uprawiaj\u0105cej sport, osoby przebywaj\u0105cej na terenie lasu, a tak\u017ce osoby podczas jazdy konnej. Przy spe\u0142nieniu pewnych zasad bezpiecze\u0144stwa nie musi zas\u0142ania\u0107 twarzy tak\u017ce kieruj\u0105cy \u015brodkiem publicznego transportu zbiorowego. Obowi\u0105zku tego nie stosuje si\u0119 r\u00f3wnie\u017c podczas zawierania ma\u0142\u017ce\u0144stwa przed kierownikiem urz\u0119du stanu cywilnego albo przed duchownym.<br \/>\nOdkrycie ust i nosa jest mo\u017cliwe w przypadku konieczno\u015bci identyfikacji lub weryfikacji to\u017csamo\u015bci danej osoby, a tak\u017ce w zwi\u0105zku ze \u015bwiadczeniem danej osobie us\u0142ug, je\u017celi jest to niezb\u0119dne do ich \u015bwiadczenia, umo\u017cliwienia komunikowania si\u0119 z osob\u0105 g\u0142uch\u0105 lub g\u0142uchoniem\u0105, spo\u017cywania posi\u0142k\u00f3w lub napoj\u00f3w w lokalu, ogr\u00f3dku gastronomicznym, czy wydzielonej strefie gastronomicznej oraz spo\u017cywania posi\u0142k\u00f3w lub napoj\u00f3w po zaj\u0119ciu miejsca siedz\u0105cego w poci\u0105gu obj\u0119tym obowi\u0105zkow\u0105 rezerwacj\u0105 miejsc, w tym posi\u0142k\u00f3w i napoj\u00f3w wydawanych na pok\u0142adzie poci\u0105gu.<\/p>\n<p align=\"center\"><span style=\"color: #0000ff;\">Str. 5 w numerze 441 tygodnika \u201eNoworudzianin\u201d dost\u0119pnym <\/span> <a href=\"https:\/\/www.noworudzianin.pl\/WWW\/wp-content\/uploads\/2020\/08\/Noworudzianin-Nr-441a.pdf\" target=\"_blank\" rel=\"noopener noreferrer\">tutaj<\/a>.<\/p>\n<p><script language=\"JavaScript\">\n<!--\nfunction FP_swapImg() {\/\/v1.0\n var doc=document,args=arguments,elm,n; doc.$imgSwaps=new Array(); for(n=2; n<args.length;\n n+=2) { elm=FP_getObjectByID(args[n]); if(elm) { doc.$imgSwaps[doc.$imgSwaps.length]=elm;\n elm.$src=elm.src; elm.src=args[n+1]; } }\n}\nfunction FP_preloadImgs() {\/\/v1.0\n var d=document,a=arguments; if(!d.FP_imgs) d.FP_imgs=new Array();\n for(var i=0; i<a.length; i++) { d.FP_imgs[i]=new Image; d.FP_imgs[i].src=a[i]; }\n}\nfunction FP_getObjectByID(id,o) {\/\/v1.0\n var c,el,els,f,m,n; if(!o)o=document; if(o.getElementById) el=o.getElementById(id);\n else if(o.layers) c=o.layers; else if(o.all) el=o.all[id]; if(el) return el;\n if(o.id==id || o.name==id) return o; if(o.childNodes) c=o.childNodes; if(c)\n for(n=0; n<c.length; n++) { el=FP_getObjectByID(id,c[n]); if(el) return el; }\n f=o.forms; if(f) for(n=0; n<f.length; n++) { els=f[n].elements;\n for(m=0; m<els.length; m++){ el=FP_getObjectByID(id,els[n]); if(el) return el; } }\n return null;\n}\n\/\/ -->\n<\/script><\/p>\n<p align=\"center\">\n\t\t\t<a target=\"_blank\" href=\"https:\/\/www.noworudzianin.pl\/WWW\/wp-content\/uploads\/2020\/08\/Noworudzianin-Nr-441a.pdf\" rel=\"noopener noreferrer\"><br \/>\n\t\t\t<img loading=\"lazy\" decoding=\"async\" border=\"1\" src=\"http:\/\/www.noworudzianin.pl\/WWW\/images\/441_b_small.jpg\" width=\"221\" height=\"300\"><\/a><br \/>\n\t\t\t<font face=\"Verdana\">Numer 441<br \/>\n\t\t\t<font size=\"2\">14-20 sierpnia 2020 r. <\/font><\/font><br \/><center><br \/>\n<body onload=\"FP_preloadImgs(\/*url*\/'https:\/\/www.noworudzianin.pl\/WWW\/images\/button3.gif', \/*url*\/'https:\/\/www.noworudzianin.pl\/WWW\/images\/button4.gif')\"><\/p>\n<p><a target=\"_blank\" href=\"https:\/\/www.noworudzianin.pl\/WWW\/wp-content\/uploads\/2020\/08\/Noworudzianin-Nr-441a.pdf\" rel=\"noopener noreferrer\"><br \/>\n<img loading=\"lazy\" decoding=\"async\" border=\"0\" id=\"img1\" src=\"https:\/\/www.noworudzianin.pl\/WWW\/images\/button2a.gif\" height=\"50\" width=\"250\" alt=\"POBIERZ ZA DARMO TUTAJ\" fp-style=\"fp-btn: Metal Capsule 2; fp-font-size: 14; fp-transparent: 1\" fp-title=\"POBIERZ ZA DARMO TUTAJ\" onmouseover=\"FP_swapImg(1,0,\/*id*\/'img1',\/*url*\/'https:\/\/www.noworudzianin.pl\/WWW\/images\/button3a.gif')\" onmouseout=\"FP_swapImg(0,0,\/*id*\/'img1',\/*url*\/'https:\/\/www.noworudzianin.pl\/WWW\/images\/button2a.gif')\" onmousedown=\"FP_swapImg(1,0,\/*id*\/'img1',\/*url*\/'https:\/\/www.noworudzianin.pl\/WWW\/images\/button4a.gif')\" onmouseup=\"FP_swapImg(0,0,\/*id*\/'img1',\/*url*\/'https:\/\/www.noworudzianin.pl\/WWW\/images\/button3a.gif')\"><\/a><\/p>\n<p><\/center><\/p>\n","protected":false},"excerpt":{"rendered":"<p>W ostatnim czasie wzros\u0142a dzienna liczba zaka\u017ce\u0144 koronawirusem. Policjanci przypominaj\u0105 wi\u0119c ponownie o zasadach bezpiecze\u0144stwa jakie trzeba zachowa\u0107 w czasach<\/p>\n","protected":false},"author":6,"featured_media":21229,"comment_status":"open","ping_status":"closed","sticky":false,"template":"","format":"standard","meta":{"om_disable_all_campaigns":false,"_monsterinsights_skip_tracking":false,"_monsterinsights_sitenote_active":false,"_monsterinsights_sitenote_note":"","_monsterinsights_sitenote_category":0,"_uf_show_specific_survey":0,"_uf_disable_surveys":false,"footnotes":""},"categories":[2,281],"tags":[5809,5206,5135,5829,20,5,5808],"aioseo_notices":[],"amp_enabled":true,"_links":{"self":[{"href":"https:\/\/www.noworudzianin.pl\/WWW\/wp-json\/wp\/v2\/posts\/22842"}],"collection":[{"href":"https:\/\/www.noworudzianin.pl\/WWW\/wp-json\/wp\/v2\/posts"}],"about":[{"href":"https:\/\/www.noworudzianin.pl\/WWW\/wp-json\/wp\/v2\/types\/post"}],"author":[{"embeddable":true,"href":"https:\/\/www.noworudzianin.pl\/WWW\/wp-json\/wp\/v2\/users\/6"}],"replies":[{"embeddable":true,"href":"https:\/\/www.noworudzianin.pl\/WWW\/wp-json\/wp\/v2\/comments?post=22842"}],"version-history":[{"count":1,"href":"https:\/\/www.noworudzianin.pl\/WWW\/wp-json\/wp\/v2\/posts\/22842\/revisions"}],"predecessor-version":[{"id":22843,"href":"https:\/\/www.noworudzianin.pl\/WWW\/wp-json\/wp\/v2\/posts\/22842\/revisions\/22843"}],"wp:featuredmedia":[{"embeddable":true,"href":"https:\/\/www.noworudzianin.pl\/WWW\/wp-json\/wp\/v2\/media\/21229"}],"wp:attachment":[{"href":"https:\/\/www.noworudzianin.pl\/WWW\/wp-json\/wp\/v2\/media?parent=22842"}],"wp:term":[{"taxonomy":"category","embeddable":true,"href":"https:\/\/www.noworudzianin.pl\/WWW\/wp-json\/wp\/v2\/categories?post=22842"},{"taxonomy":"post_tag","embeddable":true,"href":"https:\/\/www.noworudzianin.pl\/WWW\/wp-json\/wp\/v2\/tags?post=22842"}],"curies":[{"name":"wp","href":"https:\/\/api.w.org\/{rel}","templated":true}]}}