{"id":22863,"date":"2020-08-21T10:30:19","date_gmt":"2020-08-21T08:30:19","guid":{"rendered":"http:\/\/www.noworudzianin.pl\/WWW\/?p=22863"},"modified":"2020-08-21T10:33:09","modified_gmt":"2020-08-21T08:33:09","slug":"uroczystosci-rocznicowe-w-wambierzycach","status":"publish","type":"post","link":"https:\/\/www.noworudzianin.pl\/WWW\/2020\/08\/21\/uroczystosci-rocznicowe-w-wambierzycach\/","title":{"rendered":"Uroczysto\u015bci rocznicowe w Wambierzycach"},"content":{"rendered":"<p><strong>W sobot\u0119 15 sierpnia, w sanktuarium Matki Bo\u017cej Kr\u00f3lowej Rodzin w Wambierzycach, odby\u0142y si\u0119 obchody 40 rocznicy koronacji figury Matki Bo\u017cej Wambierzyckiej oraz 11 rocznicy ustanowienia Patronki Ziemi K\u0142odzkiej oraz \u015awi\u0119ta Wojska Polskiego<\/strong><\/p>\n<p>Obchody rozpocz\u0119to od Mszy \u015awi\u0119tej koncelebrowanej, kt\u00f3rej przewodniczy\u0142 biskup Adam Ba\u0142abuch.<br \/>\nAsyst\u0119 podczas uroczysto\u015bci sprawowa\u0142a kampania honorowa 22 Karpackiego Batalionu Piechoty G\u00f3rskiej w K\u0142odzku.<br \/>\nPo Mszy \u015awi\u0119tej \u2013 z okazji przypadaj\u0105cego 15 sierpnia \u015awi\u0119ta Wojska Polskiego \u2013 odby\u0142 si\u0119 \u201eApel Pami\u0119ci\u201d wraz z salwa\u0328 honorowa\u0328.<br \/>\nW zwi\u0105zku z obecna\u0328 sytuacja\u0328 epidemiologiczna\u0328, obchody zosta\u0142y przeprowadzone ze szczeg\u00f3ln\u0105 ostro\u017cno\u015bci\u0105 i zachowaniem zasad bezpiecze\u0144stwa sanitarnego.<br \/>\nOrganizatorami obchod\u00f3w byli: Gmina Radk\u00f3w, Parafia Nawiedzenia NMP w Wambierzycach oraz Starostwo Powiatowe w K\u0142odzku.<\/p>\n<p><img loading=\"lazy\" decoding=\"async\" src=\"http:\/\/www.noworudzianin.pl\/WWW\/wp-content\/uploads\/2020\/08\/WWW-Wambierzyce-rocznica-koronacji-0.jpg\" alt=\"\" width=\"800\" height=\"445\" class=\"alignnone size-full wp-image-22870\" srcset=\"https:\/\/www.noworudzianin.pl\/WWW\/wp-content\/uploads\/2020\/08\/WWW-Wambierzyce-rocznica-koronacji-0.jpg 800w, https:\/\/www.noworudzianin.pl\/WWW\/wp-content\/uploads\/2020\/08\/WWW-Wambierzyce-rocznica-koronacji-0-300x167.jpg 300w, https:\/\/www.noworudzianin.pl\/WWW\/wp-content\/uploads\/2020\/08\/WWW-Wambierzyce-rocznica-koronacji-0-630x350.jpg 630w, https:\/\/www.noworudzianin.pl\/WWW\/wp-content\/uploads\/2020\/08\/WWW-Wambierzyce-rocznica-koronacji-0-768x427.jpg 768w\" sizes=\"(max-width: 800px) 100vw, 800px\" \/><br \/>\n17 sierpnia 1980 roku figurka Matki Bo\u017cej ukoronowana zosta\u0142a koronami papieskimi \u2013 dokona\u0142 tego kard. Stefan Wyszy\u0144ski<\/p>\n<p><img loading=\"lazy\" decoding=\"async\" src=\"http:\/\/www.noworudzianin.pl\/WWW\/wp-content\/uploads\/2020\/08\/WWW-Wambierzyce-rocznica-koronacji-1.jpg\" alt=\"\" width=\"800\" height=\"445\" class=\"alignnone size-full wp-image-22871\" srcset=\"https:\/\/www.noworudzianin.pl\/WWW\/wp-content\/uploads\/2020\/08\/WWW-Wambierzyce-rocznica-koronacji-1.jpg 800w, https:\/\/www.noworudzianin.pl\/WWW\/wp-content\/uploads\/2020\/08\/WWW-Wambierzyce-rocznica-koronacji-1-300x167.jpg 300w, https:\/\/www.noworudzianin.pl\/WWW\/wp-content\/uploads\/2020\/08\/WWW-Wambierzyce-rocznica-koronacji-1-630x350.jpg 630w, https:\/\/www.noworudzianin.pl\/WWW\/wp-content\/uploads\/2020\/08\/WWW-Wambierzyce-rocznica-koronacji-1-768x427.jpg 768w\" sizes=\"(max-width: 800px) 100vw, 800px\" \/><\/p>\n<p><img loading=\"lazy\" decoding=\"async\" src=\"http:\/\/www.noworudzianin.pl\/WWW\/wp-content\/uploads\/2020\/08\/WWW-Wambierzyce-rocznica-koronacji-2.jpg\" alt=\"\" width=\"800\" height=\"445\" class=\"alignnone size-full wp-image-22872\" srcset=\"https:\/\/www.noworudzianin.pl\/WWW\/wp-content\/uploads\/2020\/08\/WWW-Wambierzyce-rocznica-koronacji-2.jpg 800w, https:\/\/www.noworudzianin.pl\/WWW\/wp-content\/uploads\/2020\/08\/WWW-Wambierzyce-rocznica-koronacji-2-300x167.jpg 300w, https:\/\/www.noworudzianin.pl\/WWW\/wp-content\/uploads\/2020\/08\/WWW-Wambierzyce-rocznica-koronacji-2-630x350.jpg 630w, https:\/\/www.noworudzianin.pl\/WWW\/wp-content\/uploads\/2020\/08\/WWW-Wambierzyce-rocznica-koronacji-2-768x427.jpg 768w\" sizes=\"(max-width: 800px) 100vw, 800px\" \/><\/p>\n<p><img loading=\"lazy\" decoding=\"async\" src=\"http:\/\/www.noworudzianin.pl\/WWW\/wp-content\/uploads\/2020\/08\/WWW-Wambierzyce-rocznica-koronacji-4.jpg\" alt=\"\" width=\"800\" height=\"445\" class=\"alignnone size-full wp-image-22865\" srcset=\"https:\/\/www.noworudzianin.pl\/WWW\/wp-content\/uploads\/2020\/08\/WWW-Wambierzyce-rocznica-koronacji-4.jpg 800w, https:\/\/www.noworudzianin.pl\/WWW\/wp-content\/uploads\/2020\/08\/WWW-Wambierzyce-rocznica-koronacji-4-300x167.jpg 300w, https:\/\/www.noworudzianin.pl\/WWW\/wp-content\/uploads\/2020\/08\/WWW-Wambierzyce-rocznica-koronacji-4-630x350.jpg 630w, https:\/\/www.noworudzianin.pl\/WWW\/wp-content\/uploads\/2020\/08\/WWW-Wambierzyce-rocznica-koronacji-4-768x427.jpg 768w\" sizes=\"(max-width: 800px) 100vw, 800px\" \/><\/p>\n<p><strong>Pieszo do Wambierzyc<\/strong><br \/>\nW sobot\u0119 15 sierpnia, w uroczysto\u015b\u0107 Wniebowzi\u0119cia NMP, z Nowej Rudy do Wambierzyc wyruszy\u0142o ponad 20 os\u00f3b, by wzi\u0105\u0107 udzia\u0142 w uroczystej Mszy \u015bw. odpustowej, w 40 rocznic\u0119 koronacji figurki Matki Bo\u017cej Wambierzyckiej Kr\u00f3lowej Rodzin. Zgodnie z tradycj\u0105, pielgrzymka wyruszy\u0142a z placu Matejki, przed wojn\u0105 zwanego placem Pielgrzym\u00f3w. Po drodze p\u0105tnicy nawiedzili ko\u015bci\u00f3\u0142 \u015bw. Anny, w kt\u00f3rym ks. Micha\u0142 Pietraszek \u2013 tak\u017ce pielgrzym \u2013 wyg\u0142osi\u0142 konferencj\u0119 na temat historycznych i duchowych okoliczno\u015bci Cudu nad Wis\u0142\u0105.<\/p>\n<p><img loading=\"lazy\" decoding=\"async\" src=\"http:\/\/www.noworudzianin.pl\/WWW\/wp-content\/uploads\/2020\/08\/WWW-Wambierzyce-rocznica-koronacji-5.jpg\" alt=\"\" width=\"800\" height=\"445\" class=\"alignnone size-full wp-image-22866\" srcset=\"https:\/\/www.noworudzianin.pl\/WWW\/wp-content\/uploads\/2020\/08\/WWW-Wambierzyce-rocznica-koronacji-5.jpg 800w, https:\/\/www.noworudzianin.pl\/WWW\/wp-content\/uploads\/2020\/08\/WWW-Wambierzyce-rocznica-koronacji-5-300x167.jpg 300w, https:\/\/www.noworudzianin.pl\/WWW\/wp-content\/uploads\/2020\/08\/WWW-Wambierzyce-rocznica-koronacji-5-630x350.jpg 630w, https:\/\/www.noworudzianin.pl\/WWW\/wp-content\/uploads\/2020\/08\/WWW-Wambierzyce-rocznica-koronacji-5-768x427.jpg 768w\" sizes=\"(max-width: 800px) 100vw, 800px\" \/><\/p>\n<p><img loading=\"lazy\" decoding=\"async\" src=\"http:\/\/www.noworudzianin.pl\/WWW\/wp-content\/uploads\/2020\/08\/WWW-Wambierzyce-rocznica-koronacji-6.jpg\" alt=\"\" width=\"800\" height=\"445\" class=\"alignnone size-full wp-image-22867\" srcset=\"https:\/\/www.noworudzianin.pl\/WWW\/wp-content\/uploads\/2020\/08\/WWW-Wambierzyce-rocznica-koronacji-6.jpg 800w, https:\/\/www.noworudzianin.pl\/WWW\/wp-content\/uploads\/2020\/08\/WWW-Wambierzyce-rocznica-koronacji-6-300x167.jpg 300w, https:\/\/www.noworudzianin.pl\/WWW\/wp-content\/uploads\/2020\/08\/WWW-Wambierzyce-rocznica-koronacji-6-630x350.jpg 630w, https:\/\/www.noworudzianin.pl\/WWW\/wp-content\/uploads\/2020\/08\/WWW-Wambierzyce-rocznica-koronacji-6-768x427.jpg 768w\" sizes=\"(max-width: 800px) 100vw, 800px\" \/><\/p>\n<p><img loading=\"lazy\" decoding=\"async\" src=\"http:\/\/www.noworudzianin.pl\/WWW\/wp-content\/uploads\/2020\/08\/WWW-Wambierzyce-rocznica-koronacji-7.jpg\" alt=\"\" width=\"800\" height=\"445\" class=\"alignnone size-full wp-image-22868\" srcset=\"https:\/\/www.noworudzianin.pl\/WWW\/wp-content\/uploads\/2020\/08\/WWW-Wambierzyce-rocznica-koronacji-7.jpg 800w, https:\/\/www.noworudzianin.pl\/WWW\/wp-content\/uploads\/2020\/08\/WWW-Wambierzyce-rocznica-koronacji-7-300x167.jpg 300w, https:\/\/www.noworudzianin.pl\/WWW\/wp-content\/uploads\/2020\/08\/WWW-Wambierzyce-rocznica-koronacji-7-630x350.jpg 630w, https:\/\/www.noworudzianin.pl\/WWW\/wp-content\/uploads\/2020\/08\/WWW-Wambierzyce-rocznica-koronacji-7-768x427.jpg 768w\" sizes=\"(max-width: 800px) 100vw, 800px\" \/><\/p>\n<p><img loading=\"lazy\" decoding=\"async\" src=\"http:\/\/www.noworudzianin.pl\/WWW\/wp-content\/uploads\/2020\/08\/WWW-Wambierzyce-rocznica-koronacji-8.jpg\" alt=\"\" width=\"800\" height=\"445\" class=\"alignnone size-full wp-image-22869\" srcset=\"https:\/\/www.noworudzianin.pl\/WWW\/wp-content\/uploads\/2020\/08\/WWW-Wambierzyce-rocznica-koronacji-8.jpg 800w, https:\/\/www.noworudzianin.pl\/WWW\/wp-content\/uploads\/2020\/08\/WWW-Wambierzyce-rocznica-koronacji-8-300x167.jpg 300w, https:\/\/www.noworudzianin.pl\/WWW\/wp-content\/uploads\/2020\/08\/WWW-Wambierzyce-rocznica-koronacji-8-630x350.jpg 630w, https:\/\/www.noworudzianin.pl\/WWW\/wp-content\/uploads\/2020\/08\/WWW-Wambierzyce-rocznica-koronacji-8-768x427.jpg 768w\" sizes=\"(max-width: 800px) 100vw, 800px\" \/><\/p>\n<p align=\"center\"><span style=\"color: #0000ff;\">Str. 13 w numerze 442 tygodnika \u201eNoworudzianin\u201d dost\u0119pnym <\/span> <a href=\"https:\/\/www.noworudzianin.pl\/WWW\/wp-content\/uploads\/2020\/08\/Noworudzianin-Nr-442a.pdf\" target=\"_blank\" rel=\"noopener noreferrer\">tutaj<\/a>.<\/p>\n<p><script language=\"JavaScript\">\n<!--\nfunction FP_swapImg() {\/\/v1.0\n var doc=document,args=arguments,elm,n; doc.$imgSwaps=new Array(); for(n=2; n<args.length;\n n+=2) { elm=FP_getObjectByID(args[n]); if(elm) { doc.$imgSwaps[doc.$imgSwaps.length]=elm;\n elm.$src=elm.src; elm.src=args[n+1]; } }\n}\nfunction FP_preloadImgs() {\/\/v1.0\n var d=document,a=arguments; if(!d.FP_imgs) d.FP_imgs=new Array();\n for(var i=0; i<a.length; i++) { d.FP_imgs[i]=new Image; d.FP_imgs[i].src=a[i]; }\n}\nfunction FP_getObjectByID(id,o) {\/\/v1.0\n var c,el,els,f,m,n; if(!o)o=document; if(o.getElementById) el=o.getElementById(id);\n else if(o.layers) c=o.layers; else if(o.all) el=o.all[id]; if(el) return el;\n if(o.id==id || o.name==id) return o; if(o.childNodes) c=o.childNodes; if(c)\n for(n=0; n<c.length; n++) { el=FP_getObjectByID(id,c[n]); if(el) return el; }\n f=o.forms; if(f) for(n=0; n<f.length; n++) { els=f[n].elements;\n for(m=0; m<els.length; m++){ el=FP_getObjectByID(id,els[n]); if(el) return el; } }\n return null;\n}\n\/\/ -->\n<\/script><\/p>\n<p align=\"center\">\n\t\t\t<a target=\"_blank\" href=\"https:\/\/www.noworudzianin.pl\/WWW\/wp-content\/uploads\/2020\/08\/Noworudzianin-Nr-442a.pdf\" rel=\"noopener noreferrer\"><br \/>\n\t\t\t<img loading=\"lazy\" decoding=\"async\" border=\"1\" src=\"http:\/\/www.noworudzianin.pl\/WWW\/images\/442_b_small.jpg\" width=\"221\" height=\"300\"><\/a><br \/>\n\t\t\t<font face=\"Verdana\">Numer 442<br \/>\n\t\t\t<font size=\"2\">21-27 sierpnia 2020 r. <\/font><\/font><br \/><center><br \/>\n<body onload=\"FP_preloadImgs(\/*url*\/'https:\/\/www.noworudzianin.pl\/WWW\/images\/button3.gif', \/*url*\/'https:\/\/www.noworudzianin.pl\/WWW\/images\/button4.gif')\"><\/p>\n<p><a target=\"_blank\" href=\"https:\/\/www.noworudzianin.pl\/WWW\/wp-content\/uploads\/2020\/08\/Noworudzianin-Nr-442a.pdf\" rel=\"noopener noreferrer\"><br \/>\n<img loading=\"lazy\" decoding=\"async\" border=\"0\" id=\"img1\" src=\"https:\/\/www.noworudzianin.pl\/WWW\/images\/button2a.gif\" height=\"50\" width=\"250\" alt=\"POBIERZ ZA DARMO TUTAJ\" fp-style=\"fp-btn: Metal Capsule 2; fp-font-size: 14; fp-transparent: 1\" fp-title=\"POBIERZ ZA DARMO TUTAJ\" onmouseover=\"FP_swapImg(1,0,\/*id*\/'img1',\/*url*\/'https:\/\/www.noworudzianin.pl\/WWW\/images\/button3a.gif')\" onmouseout=\"FP_swapImg(0,0,\/*id*\/'img1',\/*url*\/'https:\/\/www.noworudzianin.pl\/WWW\/images\/button2a.gif')\" onmousedown=\"FP_swapImg(1,0,\/*id*\/'img1',\/*url*\/'https:\/\/www.noworudzianin.pl\/WWW\/images\/button4a.gif')\" onmouseup=\"FP_swapImg(0,0,\/*id*\/'img1',\/*url*\/'https:\/\/www.noworudzianin.pl\/WWW\/images\/button3a.gif')\"><\/a><\/p>\n<p><\/center><\/p>\n","protected":false},"excerpt":{"rendered":"<p>W sobot\u0119 15 sierpnia, w sanktuarium Matki Bo\u017cej Kr\u00f3lowej Rodzin w Wambierzycach, odby\u0142y si\u0119 obchody 40 rocznicy koronacji figury Matki<\/p>\n","protected":false},"author":6,"featured_media":22864,"comment_status":"open","ping_status":"closed","sticky":false,"template":"","format":"standard","meta":{"om_disable_all_campaigns":false,"_monsterinsights_skip_tracking":false,"_monsterinsights_sitenote_active":false,"_monsterinsights_sitenote_note":"","_monsterinsights_sitenote_category":0,"_uf_show_specific_survey":0,"_uf_disable_surveys":false,"footnotes":""},"categories":[2,1363,6,870],"tags":[5834,5840,5838,5837,20,5,5833,5839,1399,1398,5836,5835,11],"aioseo_notices":[],"amp_enabled":true,"_links":{"self":[{"href":"https:\/\/www.noworudzianin.pl\/WWW\/wp-json\/wp\/v2\/posts\/22863"}],"collection":[{"href":"https:\/\/www.noworudzianin.pl\/WWW\/wp-json\/wp\/v2\/posts"}],"about":[{"href":"https:\/\/www.noworudzianin.pl\/WWW\/wp-json\/wp\/v2\/types\/post"}],"author":[{"embeddable":true,"href":"https:\/\/www.noworudzianin.pl\/WWW\/wp-json\/wp\/v2\/users\/6"}],"replies":[{"embeddable":true,"href":"https:\/\/www.noworudzianin.pl\/WWW\/wp-json\/wp\/v2\/comments?post=22863"}],"version-history":[{"count":5,"href":"https:\/\/www.noworudzianin.pl\/WWW\/wp-json\/wp\/v2\/posts\/22863\/revisions"}],"predecessor-version":[{"id":22877,"href":"https:\/\/www.noworudzianin.pl\/WWW\/wp-json\/wp\/v2\/posts\/22863\/revisions\/22877"}],"wp:featuredmedia":[{"embeddable":true,"href":"https:\/\/www.noworudzianin.pl\/WWW\/wp-json\/wp\/v2\/media\/22864"}],"wp:attachment":[{"href":"https:\/\/www.noworudzianin.pl\/WWW\/wp-json\/wp\/v2\/media?parent=22863"}],"wp:term":[{"taxonomy":"category","embeddable":true,"href":"https:\/\/www.noworudzianin.pl\/WWW\/wp-json\/wp\/v2\/categories?post=22863"},{"taxonomy":"post_tag","embeddable":true,"href":"https:\/\/www.noworudzianin.pl\/WWW\/wp-json\/wp\/v2\/tags?post=22863"}],"curies":[{"name":"wp","href":"https:\/\/api.w.org\/{rel}","templated":true}]}}