{"id":22896,"date":"2020-08-21T12:16:41","date_gmt":"2020-08-21T10:16:41","guid":{"rendered":"http:\/\/www.noworudzianin.pl\/WWW\/?p=22896"},"modified":"2020-08-21T12:23:12","modified_gmt":"2020-08-21T10:23:12","slug":"kolejne-pieniadze-na-wymiane-kopciuchow","status":"publish","type":"post","link":"https:\/\/www.noworudzianin.pl\/WWW\/2020\/08\/21\/kolejne-pieniadze-na-wymiane-kopciuchow\/","title":{"rendered":"Kolejne pieni\u0105dze na wymian\u0119 kopciuch\u00f3w"},"content":{"rendered":"<p><strong>W \u015brod\u0119 19 sierpnia odby\u0142a si\u0119 w formie wideokonferencji nadzwyczajna sesja Rady Miejskiej w Nowej Rudzie, kt\u00f3rej jedynym punktem by\u0142o przyj\u0119cie uchwa\u0142y zmieniaj\u0105cej uchwa\u0142\u0119 w sprawie zaci\u0105gni\u0119cia d\u0142ugoterminowej po\u017cyczki z Wojew\u00f3dzkiego Funduszu Ochrony \u015arodowiska i Gospodarki Wodnej we Wroc\u0142awiu, na udzielenie dotacji celowych osobom fizycznym oraz wsp\u00f3lnotom mieszkaniowym na zadanie s\u0142u\u017c\u0105ce ograniczeniu niskiej emisji, polegaj\u0105ce na zmianie systemu ogrzewania w ramach programu \u201eOgraniczenie niskiej emisji na obszarze wojew\u00f3dztwa dolno\u015bl\u0105skiego \u2013 EDYCJA II \u2013 miasto Nowa Ruda V Etap\u201d<\/strong><\/p>\n<p>W zwi\u0105zku z procedur\u0105 dotycz\u0105c\u0105 wyp\u0142aty kwoty po\u017cyczki zaci\u0105gni\u0119tej w Wojew\u00f3dzkim Funduszu Ochrony \u015arodowiska i Gospodarki Wodnej we Wroc\u0142awiu, bior\u0105c pod uwag\u0119 wewn\u0119trzne zasady funduszu dotycz\u0105ce zabezpieczania po\u017cyczek o warto\u015bci powy\u017cej 1 miliona z\u0142otych, konieczne jest ustanowienie dodatkowego zabezpieczenia w postaci notarialnego o\u015bwiadczenia o dobrowolnym poddaniu si\u0119 egzekucji.<br \/>\nNowa Ruda zaci\u0105ga w WFO\u015aiGW we Wroc\u0142awiu po\u017cyczk\u0119 w wysoko\u015bci 1 276 mln z\u0142. Pierwsza transza pieni\u0119dzy trafi do miasta ju\u017c 4 wrze\u015bnia.<\/p>\n<p><strong>W gminie Nowa Ruda te\u017c dostaniesz grant na wymian\u0119 pieca<\/strong><br \/>\nAdrianna Mierzejewska, w\u00f3jt gminy Nowa Ruda, przypomina o trwaj\u0105cym do 30 wrze\u015bnia 2020 roku naborze na wymian\u0119 wysokoemisyjnych \u017ar\u00f3de\u0142 ciep\u0142a na ekologiczne.<br \/>\nDo ubiegania si\u0119 o grant uprawnione s\u0105 osoby fizyczne, b\u0119d\u0105ce w\u0142a\u015bcicielami dom\u00f3w jednorodzinnych lub mieszka\u0144 w domach jednorodzinnych, osoby fizyczne, b\u0119d\u0105ce w\u0142a\u015bcicielami mieszka\u0144 w domach wielorodzinnych oraz wsp\u00f3lnoty mieszkaniowe.<br \/>\nZainteresowane osoby zapraszamy do punktu informacyjnego w Urz\u0119dzie Gminy Nowa Ruda, ul. Niepodleg\u0142o\u015bci 2, tel.: 74 872 09 46, e-mail: <a href=\"mailto:wymianakotlow@gmina.nowaruda.pl\">wymianakotlow@gmina.nowaruda.pl<\/a><br \/>\nPe\u0142na wersja og\u0142oszenia oraz formularze wniosk\u00f3w znajduj\u0105 si\u0119 na stronie internetowej projektu <a href=\"http:\/\/www.wymianakotlow.pl\" rel=\"noopener noreferrer\" target=\"_blank\">www.wymianakotlow.pl<\/a><\/p>\n<p align=\"center\"><span style=\"color: #0000ff;\">Str. 3 i 17 w numerze 442 tygodnika \u201eNoworudzianin\u201d dost\u0119pnym <\/span> <a href=\"https:\/\/www.noworudzianin.pl\/WWW\/wp-content\/uploads\/2020\/08\/Noworudzianin-Nr-442a.pdf\" target=\"_blank\" rel=\"noopener noreferrer\">tutaj<\/a>.<\/p>\n<p><script language=\"JavaScript\">\n<!--\nfunction FP_swapImg() {\/\/v1.0\n var doc=document,args=arguments,elm,n; doc.$imgSwaps=new Array(); for(n=2; n<args.length;\n n+=2) { elm=FP_getObjectByID(args[n]); if(elm) { doc.$imgSwaps[doc.$imgSwaps.length]=elm;\n elm.$src=elm.src; elm.src=args[n+1]; } }\n}\nfunction FP_preloadImgs() {\/\/v1.0\n var d=document,a=arguments; if(!d.FP_imgs) d.FP_imgs=new Array();\n for(var i=0; i<a.length; i++) { d.FP_imgs[i]=new Image; d.FP_imgs[i].src=a[i]; }\n}\nfunction FP_getObjectByID(id,o) {\/\/v1.0\n var c,el,els,f,m,n; if(!o)o=document; if(o.getElementById) el=o.getElementById(id);\n else if(o.layers) c=o.layers; else if(o.all) el=o.all[id]; if(el) return el;\n if(o.id==id || o.name==id) return o; if(o.childNodes) c=o.childNodes; if(c)\n for(n=0; n<c.length; n++) { el=FP_getObjectByID(id,c[n]); if(el) return el; }\n f=o.forms; if(f) for(n=0; n<f.length; n++) { els=f[n].elements;\n for(m=0; m<els.length; m++){ el=FP_getObjectByID(id,els[n]); if(el) return el; } }\n return null;\n}\n\/\/ -->\n<\/script><\/p>\n<p align=\"center\">\n\t\t\t<a target=\"_blank\" href=\"https:\/\/www.noworudzianin.pl\/WWW\/wp-content\/uploads\/2020\/08\/Noworudzianin-Nr-442a.pdf\" rel=\"noopener noreferrer\"><br \/>\n\t\t\t<img loading=\"lazy\" decoding=\"async\" border=\"1\" src=\"http:\/\/www.noworudzianin.pl\/WWW\/images\/442_b_small.jpg\" width=\"221\" height=\"300\"><\/a><br \/>\n\t\t\t<font face=\"Verdana\">Numer 442<br \/>\n\t\t\t<font size=\"2\">21-27 sierpnia 2020 r. <\/font><\/font><br \/><center><br \/>\n<body onload=\"FP_preloadImgs(\/*url*\/'https:\/\/www.noworudzianin.pl\/WWW\/images\/button3.gif', \/*url*\/'https:\/\/www.noworudzianin.pl\/WWW\/images\/button4.gif')\"><\/p>\n<p><a target=\"_blank\" href=\"https:\/\/www.noworudzianin.pl\/WWW\/wp-content\/uploads\/2020\/08\/Noworudzianin-Nr-442a.pdf\" rel=\"noopener noreferrer\"><br \/>\n<img loading=\"lazy\" decoding=\"async\" border=\"0\" id=\"img1\" src=\"https:\/\/www.noworudzianin.pl\/WWW\/images\/button2a.gif\" height=\"50\" width=\"250\" alt=\"POBIERZ ZA DARMO TUTAJ\" fp-style=\"fp-btn: Metal Capsule 2; fp-font-size: 14; fp-transparent: 1\" fp-title=\"POBIERZ ZA DARMO TUTAJ\" onmouseover=\"FP_swapImg(1,0,\/*id*\/'img1',\/*url*\/'https:\/\/www.noworudzianin.pl\/WWW\/images\/button3a.gif')\" onmouseout=\"FP_swapImg(0,0,\/*id*\/'img1',\/*url*\/'https:\/\/www.noworudzianin.pl\/WWW\/images\/button2a.gif')\" onmousedown=\"FP_swapImg(1,0,\/*id*\/'img1',\/*url*\/'https:\/\/www.noworudzianin.pl\/WWW\/images\/button4a.gif')\" onmouseup=\"FP_swapImg(0,0,\/*id*\/'img1',\/*url*\/'https:\/\/www.noworudzianin.pl\/WWW\/images\/button3a.gif')\"><\/a><\/p>\n<p><\/center><\/p>\n","protected":false},"excerpt":{"rendered":"<p>W \u015brod\u0119 19 sierpnia odby\u0142a si\u0119 w formie wideokonferencji nadzwyczajna sesja Rady Miejskiej w Nowej Rudzie, kt\u00f3rej jedynym punktem by\u0142o<\/p>\n","protected":false},"author":6,"featured_media":22897,"comment_status":"open","ping_status":"closed","sticky":false,"template":"","format":"standard","meta":{"om_disable_all_campaigns":false,"_monsterinsights_skip_tracking":false,"_monsterinsights_sitenote_active":false,"_monsterinsights_sitenote_note":"","_monsterinsights_sitenote_category":0,"_uf_show_specific_survey":0,"_uf_disable_surveys":false,"footnotes":""},"categories":[2,29,6,89],"tags":[5834,5850,20,5,5833],"aioseo_notices":[],"amp_enabled":true,"_links":{"self":[{"href":"https:\/\/www.noworudzianin.pl\/WWW\/wp-json\/wp\/v2\/posts\/22896"}],"collection":[{"href":"https:\/\/www.noworudzianin.pl\/WWW\/wp-json\/wp\/v2\/posts"}],"about":[{"href":"https:\/\/www.noworudzianin.pl\/WWW\/wp-json\/wp\/v2\/types\/post"}],"author":[{"embeddable":true,"href":"https:\/\/www.noworudzianin.pl\/WWW\/wp-json\/wp\/v2\/users\/6"}],"replies":[{"embeddable":true,"href":"https:\/\/www.noworudzianin.pl\/WWW\/wp-json\/wp\/v2\/comments?post=22896"}],"version-history":[{"count":4,"href":"https:\/\/www.noworudzianin.pl\/WWW\/wp-json\/wp\/v2\/posts\/22896\/revisions"}],"predecessor-version":[{"id":22901,"href":"https:\/\/www.noworudzianin.pl\/WWW\/wp-json\/wp\/v2\/posts\/22896\/revisions\/22901"}],"wp:featuredmedia":[{"embeddable":true,"href":"https:\/\/www.noworudzianin.pl\/WWW\/wp-json\/wp\/v2\/media\/22897"}],"wp:attachment":[{"href":"https:\/\/www.noworudzianin.pl\/WWW\/wp-json\/wp\/v2\/media?parent=22896"}],"wp:term":[{"taxonomy":"category","embeddable":true,"href":"https:\/\/www.noworudzianin.pl\/WWW\/wp-json\/wp\/v2\/categories?post=22896"},{"taxonomy":"post_tag","embeddable":true,"href":"https:\/\/www.noworudzianin.pl\/WWW\/wp-json\/wp\/v2\/tags?post=22896"}],"curies":[{"name":"wp","href":"https:\/\/api.w.org\/{rel}","templated":true}]}}