{"id":22990,"date":"2020-08-31T10:58:22","date_gmt":"2020-08-31T08:58:22","guid":{"rendered":"http:\/\/www.noworudzianin.pl\/WWW\/?p=22990"},"modified":"2020-08-31T10:58:22","modified_gmt":"2020-08-31T08:58:22","slug":"kwarantanna-tylko-przez-10-dni","status":"publish","type":"post","link":"https:\/\/www.noworudzianin.pl\/WWW\/2020\/08\/31\/kwarantanna-tylko-przez-10-dni\/","title":{"rendered":"Kwarantanna tylko przez 10 dni"},"content":{"rendered":"<p><strong>Ministerstwo Zdrowia przedstawi\u0142o, w czwartek 27 sierpnia, do konsultacji pakiet projekt\u00f3w rozporz\u0105dze\u0144, zawieraj\u0105cych propozycje zmian zasad prowadzenia kwarantanny. Istot\u0105 proponowanych regulacji b\u0119dzie uproszczenie sytemu zwalniania z kwarantanny oraz powi\u0105zanie zasad zwalniania z izolacji ze stanem klinicznym pacjenta<\/strong><\/p>\n<p>\u2013 Pierwsza wa\u017cna decyzja jak\u0105 podj\u0105\u0142em dotyczy zasad kwarantanny i izolacji. Wprowadzamy zmiany w reakcji na sygna\u0142y, kt\u00f3re do nas docieraj\u0105 z wielu stron, zar\u00f3wno od \u015brodowiska medycznego, jak i od pacjent\u00f3w, kt\u00f3rym zdarza\u0142o si\u0119 pozostawa\u0107 w izolacji bardzo d\u0142ugo, ze wzgl\u0119du na konieczno\u015b\u0107 powtarzania testu \u2013 powiedzia\u0142 na konferencji prasowej Adam Niedzielski, minister zdrowia. \u2013 Do tej pory trzeba by\u0142o uzyska\u0107 dwukrotnie negatywne wyniki, dlatego ten proces si\u0119 przed\u0142u\u017ca\u0142. Ze wzgl\u0119du na post\u0119p wiedzy, lepsze zrozumienie mechanizm\u00f3w zachodz\u0105cych w trackie infekcji oraz ustalenie okresu zaka\u017cania, mo\u017cna by\u0142o zaproponowa\u0107 nowe kryteria zwalniania z kwarantanny, jak i izolacji \u2013 dodaje.<br \/>\nMinister Niedzielski podkre\u015bla\u0142, \u017ce w przypadku kwarantanny najwa\u017cniejsza zmiana dotyczy skr\u00f3cenia czasu jej trwania do 10 dni dla os\u00f3b, u kt\u00f3rych nie wyst\u0105pi\u0105 objawy kliniczne. Je\u015bli jednak si\u0119 pojawi\u0105, wtedy pacjent powinien skonsultowa\u0107 si\u0119 z lekarzem, kt\u00f3ry podejmie decyzje dotycz\u0105ce dalszego post\u0119powania. Osoba, u kt\u00f3rej wyst\u0105pi\u0105 objawy sugeruj\u0105ce na zaka\u017cenie COVID-19, b\u0119dzie traktowana jako podejrzana o zaka\u017cenie i zostanie poddawana rutynowej diagnostyce.<br \/>\nPrzedstawione przez ministra zdrowia propozycje zmierzaj\u0105 do zniesienia konieczno\u015bci wykonywania test\u00f3w u os\u00f3b poddanych kwarantannie. Jest to kluczowe w obecnej sytuacji epidemiologicznej, zw\u0142aszcza w kontek\u015bcie zbli\u017caj\u0105cego si\u0119 rozpocz\u0119cia roku szkolnego i spodziewanego wzrostu liczby infekcji g\u00f3rnych dr\u00f3g oddechowych. Pozwoli to na odr\u00f3\u017cnienie zaka\u017ce\u0144 wywo\u0142anych przez koronawirusa od innych infekcji.<br \/>\n\u2013 Zmiany dotycz\u0105 tak\u017ce zasad zwalniania pacjent\u00f3w, ju\u017c zaka\u017conych, z izolacji. U znacznej cz\u0119\u015bci os\u00f3b zwalnianie z izolacji b\u0119dzie oparte nie o wykonanie testu molekularnego, ale o ocen\u0119 stanu klinicznego pacjenta \u2013 powiedzia\u0142 prof. Andrzej Horban, krajowy konsultant w dziedzinie chor\u00f3b zaka\u017anych. \u2013 B\u0119d\u0105 jej dokonywa\u0107 lekarze z o\u015brodk\u00f3w zaka\u017anych lub podstawowej opieki zdrowotnej. Zak\u0142adamy, \u017ce wi\u0119kszo\u015b\u0107 pacjent\u00f3w b\u0119dzie pozostawa\u0142a pod opiek\u0105 lekarzy rodzinnych, jako \u017ce w zdecydowanej wi\u0119kszo\u015bci przypadk\u00f3w choroba przebiega \u0142agodnie.<br \/>\nProf. Horban wyja\u015bni\u0142, \u017ce osoby, kt\u00f3re s\u0105 na kwarantannie, czyli mia\u0142y styczno\u015b\u0107 z osob\u0105 zaka\u017con\u0105, a nie b\u0119d\u0105 mia\u0142y objaw\u00f3w klinicznych, zostan\u0105 zwolnione z kwarantanny automatycznie. Doda\u0142, \u017ce osoby, kt\u00f3re b\u0119d\u0105 mia\u0142y objawy, b\u0119d\u0105 musia\u0142y skontaktowa\u0107 si\u0119 z lekarzem, prawdopodobnie b\u0119dzie to lekarz POZ.<br \/>\n\u2013 Je\u015bli chodzi o pacjent\u00f3w, kt\u00f3rzy s\u0105 chorzy i rozpoznani, to izolowaniem i zwalnianiem z izolacji zajmuj\u0105 si\u0119 lekarze chor\u00f3b zaka\u017anych lub w szpitalach jednoimiennych. Je\u017celi kto\u015b nie ma objaw\u00f3w klinicznych lub ma je ma\u0142o nasilone, to b\u0119dzie zwalniany po minimum 10 dniach od rozpoznania choroby \u2013 powiedzia\u0142.<br \/>\nJak doda\u0142 krajowy konsultant: \u201e(\u2026) wdro\u017cenie nowych zasad testowania pozwoli skierowa\u0107 wi\u0119kszo\u015b\u0107 si\u0142 i \u015brodk\u00f3w na osoby, kt\u00f3re powinny by\u0107 diagnozowane, poniewa\u017c na obecnym etapie epidemii taktyka jest bardzo prosta \u2013 testujemy osob\u0119 z objawami klinicznymi, kt\u00f3re sugeruj\u0105 COVID i testujemy ludzi w opracowywaniu ogniska zaka\u017ce\u0144 wok\u00f3\u0142 nich\u201d.<\/p>\n","protected":false},"excerpt":{"rendered":"<p>Ministerstwo Zdrowia przedstawi\u0142o, w czwartek 27 sierpnia, do konsultacji pakiet projekt\u00f3w rozporz\u0105dze\u0144, zawieraj\u0105cych propozycje zmian zasad prowadzenia kwarantanny. Istot\u0105 proponowanych<\/p>\n","protected":false},"author":6,"featured_media":21229,"comment_status":"open","ping_status":"closed","sticky":false,"template":"","format":"standard","meta":{"om_disable_all_campaigns":false,"_monsterinsights_skip_tracking":false,"_monsterinsights_sitenote_active":false,"_monsterinsights_sitenote_note":"","_monsterinsights_sitenote_category":0,"_uf_show_specific_survey":0,"_uf_disable_surveys":false,"footnotes":""},"categories":[2,281],"tags":[5888,5206,5890,5135,5887,4295,20,5,5889],"aioseo_notices":[],"amp_enabled":true,"_links":{"self":[{"href":"https:\/\/www.noworudzianin.pl\/WWW\/wp-json\/wp\/v2\/posts\/22990"}],"collection":[{"href":"https:\/\/www.noworudzianin.pl\/WWW\/wp-json\/wp\/v2\/posts"}],"about":[{"href":"https:\/\/www.noworudzianin.pl\/WWW\/wp-json\/wp\/v2\/types\/post"}],"author":[{"embeddable":true,"href":"https:\/\/www.noworudzianin.pl\/WWW\/wp-json\/wp\/v2\/users\/6"}],"replies":[{"embeddable":true,"href":"https:\/\/www.noworudzianin.pl\/WWW\/wp-json\/wp\/v2\/comments?post=22990"}],"version-history":[{"count":1,"href":"https:\/\/www.noworudzianin.pl\/WWW\/wp-json\/wp\/v2\/posts\/22990\/revisions"}],"predecessor-version":[{"id":22991,"href":"https:\/\/www.noworudzianin.pl\/WWW\/wp-json\/wp\/v2\/posts\/22990\/revisions\/22991"}],"wp:featuredmedia":[{"embeddable":true,"href":"https:\/\/www.noworudzianin.pl\/WWW\/wp-json\/wp\/v2\/media\/21229"}],"wp:attachment":[{"href":"https:\/\/www.noworudzianin.pl\/WWW\/wp-json\/wp\/v2\/media?parent=22990"}],"wp:term":[{"taxonomy":"category","embeddable":true,"href":"https:\/\/www.noworudzianin.pl\/WWW\/wp-json\/wp\/v2\/categories?post=22990"},{"taxonomy":"post_tag","embeddable":true,"href":"https:\/\/www.noworudzianin.pl\/WWW\/wp-json\/wp\/v2\/tags?post=22990"}],"curies":[{"name":"wp","href":"https:\/\/api.w.org\/{rel}","templated":true}]}}