{"id":23006,"date":"2020-09-03T15:42:20","date_gmt":"2020-09-03T13:42:20","guid":{"rendered":"http:\/\/www.noworudzianin.pl\/WWW\/?p=23006"},"modified":"2020-09-03T15:42:20","modified_gmt":"2020-09-03T13:42:20","slug":"zpit-nowa-ruda-zaczyna-zajecia-taneczne","status":"publish","type":"post","link":"https:\/\/www.noworudzianin.pl\/WWW\/2020\/09\/03\/zpit-nowa-ruda-zaczyna-zajecia-taneczne\/","title":{"rendered":"ZPiT \u201eNowa Ruda\u201d zaczyna zaj\u0119cia taneczne"},"content":{"rendered":"<p><strong>Zesp\u00f3\u0142 Pie\u015bni i Ta\u0144ca \u201eNowa Ruda\u201d dzia\u0142aj\u0105cy przy Miejskim O\u015brodku Kultury w Nowej Rudzie, od wrze\u015bnia zaczyna zaj\u0119cia taneczne<\/strong><\/p>\n<p>Ko\u0144cem sierpnia Zesp\u00f3\u0142 Pie\u015bni i Ta\u0144ca \u201eNowa Ruda\u201d wzi\u0105\u0142 udzia\u0142 w pierwszej sesji zdj\u0119ciowej z cyklu \u201ecztery pory roku\u201d.<br \/>\n\u2013 Podczas tych sesji chcemy podkre\u015bli\u0107 tradycje, zwyczaje z danego okresu roku \u2013 m\u00f3wi Ewa Mi\u015b-Krzemi\u0144ska, choreograf i kierownik zespo\u0142u. \u2013 B\u0119dzie tak\u017ce \u201edodatkowa\u201d sesja ulicami Nowej Rudy. Chcemy w r\u00f3\u017cnych punktach miasta zrobi\u0107 dzieciom zdj\u0119cia. W przysz\u0142o\u015bci b\u0119dziemy mogli te zdj\u0119cia wykorzysta\u0107 w promocji zespo\u0142u, np. w kalendarzu \u2013 dodaje.<br \/>\nOd pocz\u0105tku wrze\u015bnia rozpocz\u0119\u0142y si\u0119 zaj\u0119cia taneczne. Prowadzone s\u0105 w czterech grupach \u2013 najm\u0142odsza, \u015brednia, reprezentacyjna oraz oldboje. W zespole ta\u0144czy ok. 80 os\u00f3b.<br \/>\n\u2013 Chcia\u0142abym wzmocni\u0107 najm\u0142odsz\u0105 grup\u0119 i kilku ch\u0142opc\u00f3w przyj\u0105\u0107 do zespo\u0142u \u2013 m\u00f3wi Ewa Mi\u015b-Krzemi\u0144ska.<br \/>\nW zwi\u0105zku z tym og\u0142oszony zosta\u0142 nab\u00f3r ch\u0142opc\u00f3w 7-8-letnich. Ca\u0142y czas \u0107wicz\u0105 tak\u017ce kapele zespo\u0142owe \u2013 dzieci\u0119ca i reprezentacyjna.<br \/>\n\u2013 Je\u017celi chodzi o najbli\u017csze plany, to we wrze\u015bniu mamy warsztaty z ta\u0144c\u00f3w s\u0105deckich. Na zaj\u0119cia przyjedzie uznany w Polsce specjalista od regionu s\u0105deckiego. Przygotujemy nowy uk\u0142ad choreograficzny przy nagraniach oryginalnej kapeli s\u0105deckiej \u2013 zapowiada kierownik zespo\u0142u. \u2013 Przygotowujemy tak\u017ce, wzorem lat ubieg\u0142ych, pokaz kol\u0119dowy w ko\u015bcio\u0142ach i MOK-u, ale w innej formule \u2013 to b\u0119dzie niespodzianka \u2013 dodaje tajemniczo.<br \/>\nW styczniu zesp\u00f3\u0142 pojedzie na ferie zimowe do Piechowic.<br \/>\n\u2013 Bardzo fajne miejsce, byli\u015bmy tam w ubieg\u0142ym roku. Mamy tam bardzo dobre warunki oraz na miejscu sal\u0119 baletow\u0105 do dyspozycji. Jest to tak\u017ce dobry punkt wypadowy na r\u00f3\u017cne wycieczki \u2013 m\u00f3wi Ewa Mi\u015b-Krzemi\u0144ska.<br \/>\nW Zespole Pie\u015bni i Ta\u0144ca \u201eNowa Ruda\u201d ta\u0144cz\u0105 tak\u017ce pary, kt\u00f3re je\u017cd\u017c\u0105 po ca\u0142ej Polsce, bior\u0105c udzia\u0142 w turniejach ta\u0144c\u00f3w polskich. Ze wzgl\u0119du na sytuacj\u0119 epidemiczn\u0105, w tym roku w Polsce nie odby\u0142 si\u0119 \u017caden turniej, ani festiwal folklorystyczny \u2013 wszystkie imprezy praktycznie przesun\u0119\u0142y si\u0119 na nast\u0119pny rok.<br \/>\nUznaniem dla Zespo\u0142u Pie\u015bni i Ta\u0144ca \u201eNowa Ruda\u201d, a przede wszystkim dla choreografa i kierownika \u2013 Ewy Mi\u015b-Krzemi\u0144skiej, jest otrzymanie przez ni\u0105 tytu\u0142u s\u0119dziego-konsultanta.<br \/>\n\u2013 To moje wyr\u00f3\u017cnienie jest zas\u0142ug\u0105 zar\u00f3wno moj\u0105, jak i wszystkich par ta\u0144cz\u0105cych w turniejach ta\u0144c\u00f3w polskich przez ostatnich 20 lat. To wielkie wyr\u00f3\u017cnienie i uznanie naszych zas\u0142ug \u2013 m\u00f3wi Ewa Mi\u015b-Krzemi\u0144ska.<br \/>\nTo naprawd\u0119 ogromne wyr\u00f3\u017cnienie \u2013 w Polsce jest tylko kilku s\u0119dzi\u00f3w-konsultant\u00f3w.<\/p>\n<p align=\"center\"><span style=\"color: #0000ff;\">Str. 15 w numerze 444 tygodnika \u201eNoworudzianin\u201d dost\u0119pnym <\/span> <a href=\"https:\/\/www.noworudzianin.pl\/WWW\/wp-content\/uploads\/2020\/09\/Noworudzianin-Nr-444a.pdf\" target=\"_blank\" rel=\"noopener noreferrer\">tutaj<\/a>.<\/p>\n<p><script language=\"JavaScript\">\n<!--\nfunction FP_swapImg() {\/\/v1.0\n var doc=document,args=arguments,elm,n; doc.$imgSwaps=new Array(); for(n=2; n<args.length;\n n+=2) { elm=FP_getObjectByID(args[n]); if(elm) { doc.$imgSwaps[doc.$imgSwaps.length]=elm;\n elm.$src=elm.src; elm.src=args[n+1]; } }\n}\nfunction FP_preloadImgs() {\/\/v1.0\n var d=document,a=arguments; if(!d.FP_imgs) d.FP_imgs=new Array();\n for(var i=0; i<a.length; i++) { d.FP_imgs[i]=new Image; d.FP_imgs[i].src=a[i]; }\n}\nfunction FP_getObjectByID(id,o) {\/\/v1.0\n var c,el,els,f,m,n; if(!o)o=document; if(o.getElementById) el=o.getElementById(id);\n else if(o.layers) c=o.layers; else if(o.all) el=o.all[id]; if(el) return el;\n if(o.id==id || o.name==id) return o; if(o.childNodes) c=o.childNodes; if(c)\n for(n=0; n<c.length; n++) { el=FP_getObjectByID(id,c[n]); if(el) return el; }\n f=o.forms; if(f) for(n=0; n<f.length; n++) { els=f[n].elements;\n for(m=0; m<els.length; m++){ el=FP_getObjectByID(id,els[n]); if(el) return el; } }\n return null;\n}\n\/\/ -->\n<\/script><\/p>\n<p align=\"center\">\n\t\t\t<a target=\"_blank\" href=\"https:\/\/www.noworudzianin.pl\/WWW\/wp-content\/uploads\/2020\/09\/Noworudzianin-Nr-444a.pdf\" rel=\"noopener noreferrer\"><br \/>\n\t\t\t<img loading=\"lazy\" decoding=\"async\" border=\"1\" src=\"http:\/\/www.noworudzianin.pl\/WWW\/images\/444_b_small.jpg\" width=\"221\" height=\"300\"><\/a><br \/>\n\t\t\t<font face=\"Verdana\">Numer 444<br \/>\n\t\t\t<font size=\"2\">4-10 wrze\u015bnia 2020 r. <\/font><\/font><br \/><center><br \/>\n<body onload=\"FP_preloadImgs(\/*url*\/'https:\/\/www.noworudzianin.pl\/WWW\/images\/button3.gif', \/*url*\/'https:\/\/www.noworudzianin.pl\/WWW\/images\/button4.gif')\"><\/p>\n<p><a target=\"_blank\" href=\"https:\/\/www.noworudzianin.pl\/WWW\/wp-content\/uploads\/2020\/09\/Noworudzianin-Nr-444a.pdf\" rel=\"noopener noreferrer\"><br \/>\n<img loading=\"lazy\" decoding=\"async\" border=\"0\" id=\"img1\" src=\"https:\/\/www.noworudzianin.pl\/WWW\/images\/button2a.gif\" height=\"50\" width=\"250\" alt=\"POBIERZ ZA DARMO TUTAJ\" fp-style=\"fp-btn: Metal Capsule 2; fp-font-size: 14; fp-transparent: 1\" fp-title=\"POBIERZ ZA DARMO TUTAJ\" onmouseover=\"FP_swapImg(1,0,\/*id*\/'img1',\/*url*\/'https:\/\/www.noworudzianin.pl\/WWW\/images\/button3a.gif')\" onmouseout=\"FP_swapImg(0,0,\/*id*\/'img1',\/*url*\/'https:\/\/www.noworudzianin.pl\/WWW\/images\/button2a.gif')\" onmousedown=\"FP_swapImg(1,0,\/*id*\/'img1',\/*url*\/'https:\/\/www.noworudzianin.pl\/WWW\/images\/button4a.gif')\" onmouseup=\"FP_swapImg(0,0,\/*id*\/'img1',\/*url*\/'https:\/\/www.noworudzianin.pl\/WWW\/images\/button3a.gif')\"><\/a><\/p>\n<p><\/center><\/p>\n","protected":false},"excerpt":{"rendered":"<p>Zesp\u00f3\u0142 Pie\u015bni i Ta\u0144ca \u201eNowa Ruda\u201d dzia\u0142aj\u0105cy przy Miejskim O\u015brodku Kultury w Nowej Rudzie, od wrze\u015bnia zaczyna zaj\u0119cia taneczne Ko\u0144cem<\/p>\n","protected":false},"author":6,"featured_media":23008,"comment_status":"open","ping_status":"closed","sticky":false,"template":"","format":"standard","meta":{"om_disable_all_campaigns":false,"_monsterinsights_skip_tracking":false,"_monsterinsights_sitenote_active":false,"_monsterinsights_sitenote_note":"","_monsterinsights_sitenote_category":0,"_uf_show_specific_survey":0,"_uf_disable_surveys":false,"footnotes":""},"categories":[2,30,6,32],"tags":[5911,2931,36,2268,20,5,5910,50,5909,575],"aioseo_notices":[],"amp_enabled":true,"_links":{"self":[{"href":"https:\/\/www.noworudzianin.pl\/WWW\/wp-json\/wp\/v2\/posts\/23006"}],"collection":[{"href":"https:\/\/www.noworudzianin.pl\/WWW\/wp-json\/wp\/v2\/posts"}],"about":[{"href":"https:\/\/www.noworudzianin.pl\/WWW\/wp-json\/wp\/v2\/types\/post"}],"author":[{"embeddable":true,"href":"https:\/\/www.noworudzianin.pl\/WWW\/wp-json\/wp\/v2\/users\/6"}],"replies":[{"embeddable":true,"href":"https:\/\/www.noworudzianin.pl\/WWW\/wp-json\/wp\/v2\/comments?post=23006"}],"version-history":[{"count":1,"href":"https:\/\/www.noworudzianin.pl\/WWW\/wp-json\/wp\/v2\/posts\/23006\/revisions"}],"predecessor-version":[{"id":23009,"href":"https:\/\/www.noworudzianin.pl\/WWW\/wp-json\/wp\/v2\/posts\/23006\/revisions\/23009"}],"wp:featuredmedia":[{"embeddable":true,"href":"https:\/\/www.noworudzianin.pl\/WWW\/wp-json\/wp\/v2\/media\/23008"}],"wp:attachment":[{"href":"https:\/\/www.noworudzianin.pl\/WWW\/wp-json\/wp\/v2\/media?parent=23006"}],"wp:term":[{"taxonomy":"category","embeddable":true,"href":"https:\/\/www.noworudzianin.pl\/WWW\/wp-json\/wp\/v2\/categories?post=23006"},{"taxonomy":"post_tag","embeddable":true,"href":"https:\/\/www.noworudzianin.pl\/WWW\/wp-json\/wp\/v2\/tags?post=23006"}],"curies":[{"name":"wp","href":"https:\/\/api.w.org\/{rel}","templated":true}]}}