{"id":23064,"date":"2020-09-11T10:43:24","date_gmt":"2020-09-11T08:43:24","guid":{"rendered":"http:\/\/www.noworudzianin.pl\/WWW\/?p=23064"},"modified":"2020-09-11T10:43:24","modified_gmt":"2020-09-11T08:43:24","slug":"urzad-gminy-w-nowej-siedzibie","status":"publish","type":"post","link":"https:\/\/www.noworudzianin.pl\/WWW\/2020\/09\/11\/urzad-gminy-w-nowej-siedzibie\/","title":{"rendered":"Urz\u0105d Gminy w nowej siedzibie"},"content":{"rendered":"<p><strong>Od 1 lipca cz\u0119\u015b\u0107 referat\u00f3w Urz\u0119du Gminy Nowa Ruda przenios\u0142a si\u0119 z dotychczasowego budynku, w kt\u00f3rym znajdowa\u0142a si\u0119 r\u00f3wnie\u017c poczta, do nowej siedziby \u2013 do budynku by\u0142ego s\u0105du przy ul. Niepodleg\u0142o\u015bci 2<\/strong><\/p>\n<p>\u2013 Po wyborach na pocz\u0105tku 2015 r. zdecydowa\u0142am, \u017ce b\u0119dziemy chcieli pozyska\u0107 budynek po by\u0142ym s\u0105dzie, w kt\u00f3rym znajdowa\u0142 si\u0119 czasowo Wydzia\u0142 Ksi\u0105g Wieczystych. By\u0142o to moim zdaniem najlepsze rozwi\u0105zanie, poniewa\u017c ten budynek znajduje si\u0119 obok naszego, drugiego budynku. To optymalne rozwi\u0105zanie, pracownicy nie musz\u0105 ju\u017c przechodzi\u0107 przez jezdni\u0119, chc\u0105c spotka\u0107 si\u0119 ze mn\u0105, czy za\u0142atwi\u0107 co\u015b w innym referacie \u2013 by\u0142o to k\u0142opotliwe i niebezpieczne \u2013 ale to te\u017c u\u0142atwienia dla mieszka\u0144c\u00f3w gminy \u2013 informuje Adrianna Mierzejewska, w\u00f3jt gminy Nowa Ruda. \u2013 Uda\u0142am si\u0119 do prezesa s\u0105du, aby dowiedzie\u0107 si\u0119, czy ten budynek jest im potrzebny, czy nie chc\u0105 go zby\u0107. Prezes odpowiedzia\u0142, \u017ce Wydzia\u0142 Ksi\u0105g Wieczystych chc\u0105 przenie\u015b\u0107 do innego budynku, poniewa\u017c nie op\u0142aca si\u0119 im utrzymywa\u0107 go tutaj, bo to si\u0119 wi\u0105\u017ce z zatrudnieniem trzech os\u00f3b, plus osoba na zast\u0119pstwo, budynek trzeba utrzymywa\u0107, op\u0142aca\u0107 \u2013 to dla nich du\u017ce koszty i powiem szczerze, \u017ce pan prezes s\u0105du by\u0142 nawet zadowolony, \u017ce jest kto\u015b, kto chce si\u0119 tym budynkiem zaopiekowa\u0107. Proces przej\u0119cia budynku by\u0142 do\u015b\u0107 d\u0142ugi, bo musieli\u015bmy uzyska\u0107 pozwolenia prezes\u00f3w s\u0105d\u00f3w r\u00f3\u017cnej instancji i Skarbu Pa\u0144stwa, gdzie w ubieg\u0142ym roku podpisali\u015bmy umow\u0119. Dzi\u0119ki pomocy mi\u0119dzy innymi ministra Micha\u0142a Dworczyka, radnego sejmiku Jerzego Deca i \u00f3wczesnej dyrektor S\u0105du Rejonowego w K\u0142odzku Reginie Dobniak, uda\u0142o nam si\u0119 przej\u0105\u0107 budynek za darmo. Korzystaj\u0105c chc\u0119 im za pomoc bardzo podzi\u0119kowa\u0107 \u2013 dodaje w\u00f3jt gminy Nowa Ruda.<br \/>\nDo budynku przy ul. Niepodleg\u0142o\u015bci 2 przeniesiono wszystkie referaty, kt\u00f3re znajdowa\u0142y si\u0119 w budynku, w kt\u00f3rym mie\u015bci si\u0119 poczta, a wi\u0119c: gabinet w\u00f3jta i sekretariat, Sekretarz Gminy Nowa Ruda, cz\u0119\u015b\u0107 Referatu Organizacyjnego, Referat Zagospodarowania Przestrzennego i Referat Gospodarki Mieniem Komunalnym. Ze S\u0142upca do nowej siedziby Urz\u0119du Gminy Nowa Ruda przeniesiono r\u00f3wnie\u017c Gminny O\u015brodek Pomocy Spo\u0142ecznej.<br \/>\n\u2013 Budynek w zasadzie znajdowa\u0142 si\u0119 w takim stanie, \u017ce mogli\u015bmy si\u0119 do niego przenie\u015b\u0107 i prowadzi\u0107 dzia\u0142alno\u015b\u0107 administracyjn\u0105, jednak\u017ce w starym budynku, kt\u00f3ry dzier\u017cawili\u015bmy od Orange, znajdowa\u0142a si\u0119 serwerownia, a wi\u0119c wi\u0105za\u0142o si\u0119 to z jej przenosinami, a poniewa\u017c by\u0142a stara, zakupili\u015bmy now\u0105 i j\u0105 zamontowali\u015bmy. Wykonali\u015bmy te\u017c nowe o\u015bwietlenie, odmalowali\u015bmy \u015bciany, od\u015bwie\u017cyli\u015bmy parkiety. W sali narad, kt\u00f3ra kiedy\u015b by\u0142a sal\u0105 s\u0105dow\u0105, zaproponowano nam, \u017ceby za\u0142o\u017cy\u0107 wyk\u0142adzin\u0119 dywanow\u0105 poniewa\u017c to jest du\u017ce pomieszczenie, a wyk\u0142adzina lepiej wyg\u0142usza \u2013 wyja\u015bnia w\u00f3jt gminy Nowa Ruda.<br \/>\nNie oby\u0142o si\u0119 bez problem\u00f3w, jak opowiada Adrianna Mierzejewska. Przeprowadzka by\u0142a planowana na stycze\u0144, jednak ze wzgl\u0119du na to, \u017ce troch\u0119 przesun\u0105\u0142 si\u0119 proces przygotowania przetargu na meble i to, \u017ce podczas remontu okaza\u0142o si\u0119, \u017ce w niekt\u00f3rych pomieszczeniach stropy wymaga\u0142y naprawy, tak wi\u0119c oddanie budynku nieco si\u0119 op\u00f3\u017ani\u0142o.<br \/>\n\u2013 Przeniesienie do naszego budynku planowali\u015bmy na 1 marca, ale jak wiadomo, zacz\u0119\u0142y si\u0119 problemy z koronawirusem. Firma, kt\u00f3ra wygra\u0142a przetarg na dostarczenie mebli do wyposa\u017cenia biur, zaproponowa\u0142a nam ra\u017c\u0105co nisk\u0105 cen\u0119. Musieli\u015bmy wyja\u015bni\u0107, dlaczego cena jest tak niska. Wszystko by\u0142o zgodne z przepisami zam\u00f3wie\u0144 publicznych i t\u0119 firm\u0119 musieli\u015bmy dopu\u015bci\u0107 do przetargu. Jak si\u0119 okaza\u0142o, ten producent mebli swoj\u0105 siedzib\u0119 mia\u0142 w Polsce, natomiast fabryk\u0119 mia\u0142 na Bia\u0142orusi. I wtedy zacz\u0119\u0142y si\u0119 problemy z powodu COVID-u: pracownicy nie przyjechali, nie wzi\u0119li pomiar\u00f3w pomieszcze\u0144, bo projekt mia\u0142 by\u0107 zgodny z rozmieszczeniem gniazd sieciowych, biurka mia\u0142y sta\u0107 w odpowiednich miejscach \u2013 robili to wszystko zdalnie. Od razu przesta\u0142o nam si\u0119 to podoba\u0107, nie mniej jednak, pod koniec marca przywieziono nam dwoma tirami meble i panowie zacz\u0119li je rozpakowywa\u0107. Trwa\u0142o to chyba trzy dni, a wtedy okaza\u0142o si\u0119, \u017ce meble w og\u00f3le nie s\u0105 zgodne z opisem przedmiotu zam\u00f3wienia. Dlatego te\u017c musieli\u015bmy odst\u0105pi\u0107 od umowy. Oczywi\u015bcie panowie bardzo d\u0142ugo meble sk\u0142adali i pakowali, a co r\u00f3wnie wa\u017cne, mieli\u015bmy ju\u017c wypowiedzian\u0105 umow\u0119 w Orange, wi\u0119c to wszystko by\u0142o \u201ena wariackich papierach\u201d. Oni meble wynosili, a my, przy pomocy naszych druh\u00f3w-stra\u017cak\u00f3w, kt\u00f3rzy w tym czasie bardzo nam pomogli, przenie\u015bli\u015bmy wszystkie stare meble. Przygotowujemy si\u0119 do kolejnego przetargu na meble, ale teraz robimy to bardzo rozwa\u017cnie, dlatego trwa to troch\u0119 d\u0142u\u017cej, \u017ceby wykluczy\u0107 w przetargu takie firmy jak do tej pory \u2013 dodaje.<br \/>\nKoszty zwi\u0105zane z dostosowaniem budynku do potrzeb urz\u0119du gminy, cho\u0107 przekroczy\u0142y nieco ponad milion z\u0142otych, nie wydaj\u0105 si\u0119 za wysokie. W 2019 wydano oko\u0142o 640 tys. z\u0142 na projekt, roboty teleinformatyczne, modernizacja o\u015bwietlenia itp. W roku 2020 \u2013 oko\u0142o 399 tys. z\u0142 na przystosowanie budynku na dzia\u0142alno\u015b\u0107 administracyjn\u0105, sal\u0119 narad z wyposa\u017ceniem i nag\u0142o\u015bnieniem, naprawy w\u0119z\u0142\u00f3w sanitarnych itp.<\/p>\n<p align=\"center\"><span style=\"color: #0000ff;\">Str. 15 w numerze 445 tygodnika \u201eNoworudzianin\u201d dost\u0119pnym <\/span> <a href=\"https:\/\/www.noworudzianin.pl\/WWW\/wp-content\/uploads\/2020\/09\/Noworudzianin-Nr-445a.pdf\" target=\"_blank\" rel=\"noopener noreferrer\">tutaj<\/a>.<\/p>\n<p><script language=\"JavaScript\">\n<!--\nfunction FP_swapImg() {\/\/v1.0\n var doc=document,args=arguments,elm,n; doc.$imgSwaps=new Array(); for(n=2; n<args.length;\n n+=2) { elm=FP_getObjectByID(args[n]); if(elm) { doc.$imgSwaps[doc.$imgSwaps.length]=elm;\n elm.$src=elm.src; elm.src=args[n+1]; } }\n}\nfunction FP_preloadImgs() {\/\/v1.0\n var d=document,a=arguments; if(!d.FP_imgs) d.FP_imgs=new Array();\n for(var i=0; i<a.length; i++) { d.FP_imgs[i]=new Image; d.FP_imgs[i].src=a[i]; }\n}\nfunction FP_getObjectByID(id,o) {\/\/v1.0\n var c,el,els,f,m,n; if(!o)o=document; if(o.getElementById) el=o.getElementById(id);\n else if(o.layers) c=o.layers; else if(o.all) el=o.all[id]; if(el) return el;\n if(o.id==id || o.name==id) return o; if(o.childNodes) c=o.childNodes; if(c)\n for(n=0; n<c.length; n++) { el=FP_getObjectByID(id,c[n]); if(el) return el; }\n f=o.forms; if(f) for(n=0; n<f.length; n++) { els=f[n].elements;\n for(m=0; m<els.length; m++){ el=FP_getObjectByID(id,els[n]); if(el) return el; } }\n return null;\n}\n\/\/ -->\n<\/script><\/p>\n<p align=\"center\">\n\t\t\t<a target=\"_blank\" href=\"https:\/\/www.noworudzianin.pl\/WWW\/wp-content\/uploads\/2020\/09\/Noworudzianin-Nr-445a.pdf\" rel=\"noopener noreferrer\"><br \/>\n\t\t\t<img loading=\"lazy\" decoding=\"async\" border=\"1\" src=\"http:\/\/www.noworudzianin.pl\/WWW\/images\/445_b_small.jpg\" width=\"221\" height=\"300\"><\/a><br \/>\n\t\t\t<font face=\"Verdana\">Numer 445<br \/>\n\t\t\t<font size=\"2\">11-17 wrze\u015bnia 2020 r. <\/font><\/font><br \/><center><br \/>\n<body onload=\"FP_preloadImgs(\/*url*\/'https:\/\/www.noworudzianin.pl\/WWW\/images\/button3.gif', \/*url*\/'https:\/\/www.noworudzianin.pl\/WWW\/images\/button4.gif')\"><\/p>\n<p><a target=\"_blank\" href=\"https:\/\/www.noworudzianin.pl\/WWW\/wp-content\/uploads\/2020\/09\/Noworudzianin-Nr-445a.pdf\" rel=\"noopener noreferrer\"><br \/>\n<img loading=\"lazy\" decoding=\"async\" border=\"0\" id=\"img1\" src=\"https:\/\/www.noworudzianin.pl\/WWW\/images\/button2a.gif\" height=\"50\" width=\"250\" alt=\"POBIERZ ZA DARMO TUTAJ\" fp-style=\"fp-btn: Metal Capsule 2; fp-font-size: 14; fp-transparent: 1\" fp-title=\"POBIERZ ZA DARMO TUTAJ\" onmouseover=\"FP_swapImg(1,0,\/*id*\/'img1',\/*url*\/'https:\/\/www.noworudzianin.pl\/WWW\/images\/button3a.gif')\" onmouseout=\"FP_swapImg(0,0,\/*id*\/'img1',\/*url*\/'https:\/\/www.noworudzianin.pl\/WWW\/images\/button2a.gif')\" onmousedown=\"FP_swapImg(1,0,\/*id*\/'img1',\/*url*\/'https:\/\/www.noworudzianin.pl\/WWW\/images\/button4a.gif')\" onmouseup=\"FP_swapImg(0,0,\/*id*\/'img1',\/*url*\/'https:\/\/www.noworudzianin.pl\/WWW\/images\/button3a.gif')\"><\/a><\/p>\n<p><\/center><\/p>\n","protected":false},"excerpt":{"rendered":"<p>Od 1 lipca cz\u0119\u015b\u0107 referat\u00f3w Urz\u0119du Gminy Nowa Ruda przenios\u0142a si\u0119 z dotychczasowego budynku, w kt\u00f3rym znajdowa\u0142a si\u0119 r\u00f3wnie\u017c poczta,<\/p>\n","protected":false},"author":6,"featured_media":23053,"comment_status":"open","ping_status":"closed","sticky":false,"template":"","format":"standard","meta":{"om_disable_all_campaigns":false,"_monsterinsights_skip_tracking":false,"_monsterinsights_sitenote_active":false,"_monsterinsights_sitenote_note":"","_monsterinsights_sitenote_category":0,"_uf_show_specific_survey":0,"_uf_disable_surveys":false,"footnotes":""},"categories":[2,29],"tags":[5945,552,5959,20,5,5944,5791,397,5958,2330],"aioseo_notices":[],"amp_enabled":true,"_links":{"self":[{"href":"https:\/\/www.noworudzianin.pl\/WWW\/wp-json\/wp\/v2\/posts\/23064"}],"collection":[{"href":"https:\/\/www.noworudzianin.pl\/WWW\/wp-json\/wp\/v2\/posts"}],"about":[{"href":"https:\/\/www.noworudzianin.pl\/WWW\/wp-json\/wp\/v2\/types\/post"}],"author":[{"embeddable":true,"href":"https:\/\/www.noworudzianin.pl\/WWW\/wp-json\/wp\/v2\/users\/6"}],"replies":[{"embeddable":true,"href":"https:\/\/www.noworudzianin.pl\/WWW\/wp-json\/wp\/v2\/comments?post=23064"}],"version-history":[{"count":1,"href":"https:\/\/www.noworudzianin.pl\/WWW\/wp-json\/wp\/v2\/posts\/23064\/revisions"}],"predecessor-version":[{"id":23065,"href":"https:\/\/www.noworudzianin.pl\/WWW\/wp-json\/wp\/v2\/posts\/23064\/revisions\/23065"}],"wp:featuredmedia":[{"embeddable":true,"href":"https:\/\/www.noworudzianin.pl\/WWW\/wp-json\/wp\/v2\/media\/23053"}],"wp:attachment":[{"href":"https:\/\/www.noworudzianin.pl\/WWW\/wp-json\/wp\/v2\/media?parent=23064"}],"wp:term":[{"taxonomy":"category","embeddable":true,"href":"https:\/\/www.noworudzianin.pl\/WWW\/wp-json\/wp\/v2\/categories?post=23064"},{"taxonomy":"post_tag","embeddable":true,"href":"https:\/\/www.noworudzianin.pl\/WWW\/wp-json\/wp\/v2\/tags?post=23064"}],"curies":[{"name":"wp","href":"https:\/\/api.w.org\/{rel}","templated":true}]}}