{"id":23069,"date":"2020-09-11T11:18:41","date_gmt":"2020-09-11T09:18:41","guid":{"rendered":"http:\/\/www.noworudzianin.pl\/WWW\/?p=23069"},"modified":"2020-09-11T11:18:41","modified_gmt":"2020-09-11T09:18:41","slug":"bedziemy-zwiekszac-ilosc-przewozow","status":"publish","type":"post","link":"https:\/\/www.noworudzianin.pl\/WWW\/2020\/09\/11\/bedziemy-zwiekszac-ilosc-przewozow\/","title":{"rendered":"B\u0119dziemy zwi\u0119ksza\u0107 ilo\u015b\u0107 przewoz\u00f3w"},"content":{"rendered":"<p><strong>Zgodnie z zapowiedzi\u0105 starosty Macieja Awi\u017cenia, od 1 wrze\u015bnia obowi\u0105zuje nowy rozk\u0142ad jazdy, realizowany w b\u0119d\u0105cej w restrukturyzacji sp\u00f3\u0142ce Przedsi\u0119biorstwo Komunikacji Samochodowej w K\u0142odzku, najwi\u0119kszego przewo\u017anika publicznego w powiecie<\/strong><\/p>\n<p>Starostwo Powiatowe w K\u0142odzku (w\u0142a\u015bciciel) restrukturyzuje sp\u00f3\u0142k\u0119 PKS. Transport zbiorowy, to kolejna ga\u0142\u0105\u017a polskiej gospodarki, kt\u00f3ra odczu\u0142a skutki tzw. koronakryzysu. Wprowadzone w marcu liczne obostrzenia zwi\u0105zane z COVID-19 stworzy\u0142y problemy z po\u0142\u0105czeniami pomi\u0119dzy poszczeg\u00f3lnymi miejscowo\u015bciami. Wtedy podj\u0119to decyzj\u0119 o ograniczeniu kurs\u00f3w autobus\u00f3w PKS ze wzgl\u0119d\u00f3w ekonomicznych. Zamkni\u0119cie szk\u00f3\u0142 i ograniczenia w realizacji przewoz\u00f3w publicznych spowodowa\u0142y, ze sp\u00f3\u0142ka utraci\u0142a mo\u017cliwo\u015b\u0107 wykorzystywania g\u0142\u00f3wnych i dochodowych us\u0142ug. Sytuacji zbytnio nie poprawi\u0142y dofinansowania do po\u0142\u0105cze\u0144 lokalnych z Funduszu Rozwoju Przewoz\u00f3w Autobusowych.<br \/>\n\u2013 PKS w K\u0142odzku nie wytrzyma\u0142 sytuacji zwi\u0105zanej z koronawirusem i brakiem dochod\u00f3w zar\u00f3wno od przewozu dzieci i m\u0142odzie\u017cy, bo szko\u0142y przesta\u0142y funkcjonowa\u0107, jak i od zwyk\u0142ych pasa\u017cer\u00f3w, poniewa\u017c komunikacja praktycznie by\u0142a zamkni\u0119ta. Niestety, w takiej sytuacji trzeba by\u0142o przej\u015b\u0107 przez restrukturyzacj\u0119 \u2013 zg\u0142osili\u015bmy wniosek do s\u0105du o to, \u017ceby zmieni\u0107 spos\u00f3b funkcjonowania \u2013 m\u00f3wi\u0142 w maju Maciej Awi\u017ce\u0144.<br \/>\nObecnie trwa proces restrukturyzacji sp\u00f3\u0142ki, jednak, zgodnie z wcze\u015bniejsz\u0105 zapowiedzi\u0105 starosty o przywr\u00f3ceniu wielu po\u0142\u0105cze\u0144 od 1 wrze\u015bnia, sp\u00f3\u0142ka PKS realizuje 63 po\u0142\u0105czenia do czego na pewno przyczyni\u0142 si\u0119 fakt, \u017ce dzieci i m\u0142odzie\u017c wr\u00f3ci\u0142y do szk\u00f3\u0142.<br \/>\n\u2013 Ilo\u015b\u0107 kurs\u00f3w uzale\u017cniona jest od tego, czy w danej miejscowo\u015bci PKS wygra\u0142 przetarg na przew\u00f3z uczni\u00f3w z podstaw\u00f3wki, czy nie. S\u0105 dwie mo\u017cliwo\u015bci robienia przewoz\u00f3w: jedna to jest przew\u00f3z zamkni\u0119ty, gdzie autobus jedzie tylko z dzie\u0107mi z podstaw\u00f3wek i nikogo opr\u00f3cz nich nie zabiera, natomiast drugi to jest przew\u00f3z otwarty, w kt\u00f3rym cz\u0119sto je\u017cd\u017c\u0105 nasze PKS-y, w tym przypadku autobusem mog\u0105 jecha\u0107 dzieci i inni podr\u00f3\u017cni. W sytuacjach przewoz\u00f3w zamkni\u0119tych np. jest taki problem, \u017ce na t\u0119 sam\u0105 tras\u0119 trzeba pu\u015bci\u0107 kolejny autobus. B\u0119dziemy si\u0119 starali udost\u0119pnia\u0107 nowe miejsca, s\u0105 zg\u0142oszenia nowych kurs\u00f3w. Nie zapomnijmy, ze opr\u00f3cz PKS-\u00f3w s\u0105 te\u017c inni przewo\u017anicy, kt\u00f3rzy je\u017cd\u017c\u0105 tam, gdzie jest to op\u0142acalne, my natomiast m\u00f3wimy o tych przewozach, kt\u00f3re s\u0105 nieop\u0142acalne. Systematycznie b\u0119dziemy zwi\u0119ksza\u0107 ilo\u015b\u0107 przewoz\u00f3w \u2013 wyja\u015bnia starosta Maciej Awi\u017ce\u0144. \u2013 Do przewoz\u00f3w mi\u0119dzygminnych dok\u0142adamy ok. 160 tys. z\u0142 rocznie. Si\u0119gamy po pieni\u0105dze z zewn\u0105trz, czyli z ministerstwa i od wojewody, i tam uda\u0142o nam si\u0119 uzyska\u0107 promes\u0119 na 600 tys. z\u0142 \u2013 dodaje.<br \/>\nZapytali\u015bmy starost\u0119, czy zmiana floty pojazd\u00f3w na midibusy zamiast na trasy puszcza\u0107 paliwo\u017cerne du\u017ce autobusy nie by\u0142a by korzystniejsza ze wzgl\u0119d\u00f3w ekonomicznych?<br \/>\n\u2013 Wszyscy my\u015bl\u0105, \u017ce g\u0142\u00f3wny koszt to jest du\u017cy autobus. Nic bardziej mylnego, g\u0142\u00f3wny koszt to jest zatrudnienie kierowcy. Na zakup ma\u0142ych autobus\u00f3w musieliby\u015bmy mie\u0107 \u015brodki, kt\u00f3rymi nie dysponujemy. Je\u017celi chodzi o przew\u00f3z uczni\u00f3w to midibusy s\u0105 za ma\u0142e. W szczycie czyli przed godz. 8.00, 15.00 w niekt\u00f3rych miejscowo\u015bciach musz\u0105 jecha\u0107 a\u017c dwa autobusy, kt\u00f3rymi do szko\u0142y je\u017cd\u017c\u0105 uczniowie i doje\u017cd\u017caj\u0105 ludzie do pracy, a p\u00f3\u017aniej ok. godz. 14.00-15.00 r\u00f3wnie\u017c wraca mn\u00f3stwo ludzi \u2013 odpowiada Maciej Awi\u017ce\u0144. \u2013 W innych godzinach ma\u0142e autobusy zda\u0142y by egzamin, ale musimy na nie najpierw znale\u017a\u0107 dofinansowanie zewn\u0119trzne poniewa\u017c my dysponujemy tylko autobusami, kt\u00f3re kupili\u015bmy kilka lat temu \u2013 doda\u0142.<br \/>\nPrzypomnimy, \u017ce za po\u0142\u0105czenia wewn\u0105trz gminy odpowiedzialna jest dana gmina. Jednak\u017ce mo\u017cliwe jest wprowadzenie dodatkowych kurs\u00f3w autobus\u00f3w PKS w kt\u00f3rych gmina partycypuje. O organizacj\u0119 dwa razy dziennie (ok. godz. 7.00 i 15.00) dodatkowych po\u0142\u0105cze\u0144 do PKS K\u0142odzko wyst\u0105pi\u0142a na pocz\u0105tku sierpnia gmina Nowa Ruda.<br \/>\nPierwsze z nich na trasie Nowa Ruda \u2013 W\u0142odowice \u2013 Sokolica \u2013 Krajan\u00f3w \u2013 Dworki \u2013 \u015awierki \u2013 Ludwikowice K\u0142. \u2013 Sokolec \u2013 Nowa Ruda. Natomiast drugie, Nowa Ruda \u2013 Bo\u017ck\u00f3w \u2013 Czerwie\u0144czyce \u2013 Nowa Wie\u015b \u2013 Dzikowiec \u2013 Wolib\u00f3rz \u2013 Przyg\u00f3rze \u2013 Nowa Ruda.<br \/>\nW pi\u015bmie skierowanym do PKS K\u0142odzko w\u0142adze gminy wyra\u017ca\u0142y gotowo\u015b\u0107 do cz\u0119\u015bciowej partycypacji w kosztach utworzenia takich przejazd\u00f3w.<br \/>\n\u2013 Cz\u0119\u015b\u0107 po\u0142\u0105cze\u0144 Gminy Miejskiej z K\u0142odzkiem ju\u017c jest i b\u0119dzie realizowana przez PKS K\u0142odzko, opr\u00f3cz tego realizowane s\u0105 po\u0142\u0105czenia przez innych przewo\u017anik\u00f3w wi\u0119c tu sytuacja jest inna. Zwr\u00f3cili\u015bmy uwag\u0119 na po\u0142\u0105czenia wieczorne i ewentualnie tu jest dla nas przestrze\u0144 do rozmowy z PKS-em. Wiem, \u017ce odd\u017awi\u0119k w gminach powiatu k\u0142odzkiego na propozycje takiej wsp\u00f3\u0142pracy i tworzenia siatki przewoz\u00f3w publicznych na terenie powiatu jest niewielkie. Prawdopodobnie wi\u0105\u017ce si\u0119 to z brakiem \u015brodk\u00f3w na realizacj\u0119 tego typu przedsi\u0119wzi\u0119\u0107. Zdaj\u0119 sobie spraw\u0119, \u017ce np. Gminie Radk\u00f3w ci\u0119\u017cko b\u0119dzie zorganizowa\u0107 siatk\u0119 po\u0142\u0105cze\u0144 w tak rozleg\u0142ej obszarowo gminie, czy nawet po\u0142\u0105cze\u0144 z Now\u0105 Rud\u0105, ale tu jest pole dla powiatu. Zwracam uwag\u0119, \u017ce gminy odpowiadaj\u0105 za po\u0142\u0105czenia wewn\u0105trz gminne, za po\u0142\u0105czenia mi\u0119dzy gminne odpowiada powiat i zobaczymy jak w tej kwestii zachowa si\u0119 powiat \u2013 m\u00f3wi burmistrz Nowej Rudy Tomasz Kili\u0144ski.<\/p>\n<p align=\"center\"><span style=\"color: #0000ff;\">Str. 2 w numerze 445 tygodnika \u201eNoworudzianin\u201d dost\u0119pnym <\/span> <a href=\"https:\/\/www.noworudzianin.pl\/WWW\/wp-content\/uploads\/2020\/09\/Noworudzianin-Nr-445a.pdf\" target=\"_blank\" rel=\"noopener noreferrer\">tutaj<\/a>.<\/p>\n<p><script language=\"JavaScript\">\n<!--\nfunction FP_swapImg() {\/\/v1.0\n var doc=document,args=arguments,elm,n; doc.$imgSwaps=new Array(); for(n=2; n<args.length;\n n+=2) { elm=FP_getObjectByID(args[n]); if(elm) { doc.$imgSwaps[doc.$imgSwaps.length]=elm;\n elm.$src=elm.src; elm.src=args[n+1]; } }\n}\nfunction FP_preloadImgs() {\/\/v1.0\n var d=document,a=arguments; if(!d.FP_imgs) d.FP_imgs=new Array();\n for(var i=0; i<a.length; i++) { d.FP_imgs[i]=new Image; d.FP_imgs[i].src=a[i]; }\n}\nfunction FP_getObjectByID(id,o) {\/\/v1.0\n var c,el,els,f,m,n; if(!o)o=document; if(o.getElementById) el=o.getElementById(id);\n else if(o.layers) c=o.layers; else if(o.all) el=o.all[id]; if(el) return el;\n if(o.id==id || o.name==id) return o; if(o.childNodes) c=o.childNodes; if(c)\n for(n=0; n<c.length; n++) { el=FP_getObjectByID(id,c[n]); if(el) return el; }\n f=o.forms; if(f) for(n=0; n<f.length; n++) { els=f[n].elements;\n for(m=0; m<els.length; m++){ el=FP_getObjectByID(id,els[n]); if(el) return el; } }\n return null;\n}\n\/\/ -->\n<\/script><\/p>\n<p align=\"center\">\n\t\t\t<a target=\"_blank\" href=\"https:\/\/www.noworudzianin.pl\/WWW\/wp-content\/uploads\/2020\/09\/Noworudzianin-Nr-445a.pdf\" rel=\"noopener noreferrer\"><br \/>\n\t\t\t<img loading=\"lazy\" decoding=\"async\" border=\"1\" src=\"http:\/\/www.noworudzianin.pl\/WWW\/images\/445_b_small.jpg\" width=\"221\" height=\"300\"><\/a><br \/>\n\t\t\t<font face=\"Verdana\">Numer 445<br \/>\n\t\t\t<font size=\"2\">11-17 wrze\u015bnia 2020 r. <\/font><\/font><br \/><center><br \/>\n<body onload=\"FP_preloadImgs(\/*url*\/'https:\/\/www.noworudzianin.pl\/WWW\/images\/button3.gif', \/*url*\/'https:\/\/www.noworudzianin.pl\/WWW\/images\/button4.gif')\"><\/p>\n<p><a target=\"_blank\" href=\"https:\/\/www.noworudzianin.pl\/WWW\/wp-content\/uploads\/2020\/09\/Noworudzianin-Nr-445a.pdf\" rel=\"noopener noreferrer\"><br \/>\n<img loading=\"lazy\" decoding=\"async\" border=\"0\" id=\"img1\" src=\"https:\/\/www.noworudzianin.pl\/WWW\/images\/button2a.gif\" height=\"50\" width=\"250\" alt=\"POBIERZ ZA DARMO TUTAJ\" fp-style=\"fp-btn: Metal Capsule 2; fp-font-size: 14; fp-transparent: 1\" fp-title=\"POBIERZ ZA DARMO TUTAJ\" onmouseover=\"FP_swapImg(1,0,\/*id*\/'img1',\/*url*\/'https:\/\/www.noworudzianin.pl\/WWW\/images\/button3a.gif')\" onmouseout=\"FP_swapImg(0,0,\/*id*\/'img1',\/*url*\/'https:\/\/www.noworudzianin.pl\/WWW\/images\/button2a.gif')\" onmousedown=\"FP_swapImg(1,0,\/*id*\/'img1',\/*url*\/'https:\/\/www.noworudzianin.pl\/WWW\/images\/button4a.gif')\" onmouseup=\"FP_swapImg(0,0,\/*id*\/'img1',\/*url*\/'https:\/\/www.noworudzianin.pl\/WWW\/images\/button3a.gif')\"><\/a><\/p>\n<p><\/center><\/p>\n","protected":false},"excerpt":{"rendered":"<p>Zgodnie z zapowiedzi\u0105 starosty Macieja Awi\u017cenia, od 1 wrze\u015bnia obowi\u0105zuje nowy rozk\u0142ad jazdy, realizowany w b\u0119d\u0105cej w restrukturyzacji sp\u00f3\u0142ce Przedsi\u0119biorstwo<\/p>\n","protected":false},"author":6,"featured_media":22800,"comment_status":"open","ping_status":"closed","sticky":false,"template":"","format":"standard","meta":{"om_disable_all_campaigns":false,"_monsterinsights_skip_tracking":false,"_monsterinsights_sitenote_active":false,"_monsterinsights_sitenote_note":"","_monsterinsights_sitenote_category":0,"_uf_show_specific_survey":0,"_uf_disable_surveys":false,"footnotes":""},"categories":[2,2076],"tags":[5945,5963,461,1017,5962,20,5,5944,5812,310,462],"aioseo_notices":[],"amp_enabled":true,"_links":{"self":[{"href":"https:\/\/www.noworudzianin.pl\/WWW\/wp-json\/wp\/v2\/posts\/23069"}],"collection":[{"href":"https:\/\/www.noworudzianin.pl\/WWW\/wp-json\/wp\/v2\/posts"}],"about":[{"href":"https:\/\/www.noworudzianin.pl\/WWW\/wp-json\/wp\/v2\/types\/post"}],"author":[{"embeddable":true,"href":"https:\/\/www.noworudzianin.pl\/WWW\/wp-json\/wp\/v2\/users\/6"}],"replies":[{"embeddable":true,"href":"https:\/\/www.noworudzianin.pl\/WWW\/wp-json\/wp\/v2\/comments?post=23069"}],"version-history":[{"count":1,"href":"https:\/\/www.noworudzianin.pl\/WWW\/wp-json\/wp\/v2\/posts\/23069\/revisions"}],"predecessor-version":[{"id":23070,"href":"https:\/\/www.noworudzianin.pl\/WWW\/wp-json\/wp\/v2\/posts\/23069\/revisions\/23070"}],"wp:featuredmedia":[{"embeddable":true,"href":"https:\/\/www.noworudzianin.pl\/WWW\/wp-json\/wp\/v2\/media\/22800"}],"wp:attachment":[{"href":"https:\/\/www.noworudzianin.pl\/WWW\/wp-json\/wp\/v2\/media?parent=23069"}],"wp:term":[{"taxonomy":"category","embeddable":true,"href":"https:\/\/www.noworudzianin.pl\/WWW\/wp-json\/wp\/v2\/categories?post=23069"},{"taxonomy":"post_tag","embeddable":true,"href":"https:\/\/www.noworudzianin.pl\/WWW\/wp-json\/wp\/v2\/tags?post=23069"}],"curies":[{"name":"wp","href":"https:\/\/api.w.org\/{rel}","templated":true}]}}