{"id":23071,"date":"2020-09-11T11:22:40","date_gmt":"2020-09-11T09:22:40","guid":{"rendered":"http:\/\/www.noworudzianin.pl\/WWW\/?p=23071"},"modified":"2020-09-11T11:22:40","modified_gmt":"2020-09-11T09:22:40","slug":"komendant-na-emeryture","status":"publish","type":"post","link":"https:\/\/www.noworudzianin.pl\/WWW\/2020\/09\/11\/komendant-na-emeryture\/","title":{"rendered":"Komendant na emerytur\u0119"},"content":{"rendered":"<p><strong>Piotr Kwiecie\u0144, komendant Stra\u017cy Miejskiej w Nowej Rudzie, to znana osoba w naszym mie\u015bcie. Po prawie 30 latach s\u0142u\u017cby w tej formacji, odchodzi pod koniec wrze\u015bnia na emerytur\u0119. Wakatu na tym stanowisku nie b\u0119dzie, wiemy ju\u017c kto b\u0119dzie jego nast\u0119pc\u0105<\/strong><\/p>\n<p>Nale\u017cy przypomnie\u0107, \u017ce Piotr Kwiecie\u0144 pe\u0142ni\u0142 swoj\u0105 funkcj\u0119 od 1991 r., czyli od pocz\u0105tku formacji.<br \/>\nTo w\u0142a\u015bnie on jest jej wsp\u00f3\u0142tw\u00f3rc\u0105 \u2013 przez blisko 30 lat piastowania swojej funkcji rozwija\u0142 noworudzk\u0105 stra\u017c miejsk\u0105, budowa\u0142 zaufanie w\u015br\u00f3d mieszka\u0144c\u00f3w oraz dba\u0142 o ich bezpiecze\u0144stwo. Katalog zada\u0144 wykonywanych przez stra\u017cnik\u00f3w miejskich jest jednak znacznie szerszy, dotyczy r\u00f3wnie\u017c ochrony \u015brodowiska, spraw porz\u0105dkowych czy edukowania dzieci i m\u0142odzie\u017cy w zakresie bezpiecze\u0144stwa na drodze. To on by\u0142 pomys\u0142odawc\u0105 instalacji monitoringu miejskiego, na zakup i monta\u017c kt\u00f3rego pocz\u0105tkowo chodzi\u0142 i zach\u0119ca\u0142 sponsor\u00f3w-przedsi\u0119biorc\u00f3w.<br \/>\n\u2013 Po prawie 30 latach dobieg\u0142 ko\u0144ca czas pe\u0142nienia przeze mnie funkcji komendanta Stra\u017cy Miejskiej w Nowej Rudzie. Z okresu mojej s\u0142u\u017cby na pewno w mojej pami\u0119ci pozostan\u0105 mi\u0142e chwile, chocia\u017c, jak to w \u017cyciu bywa, by\u0142y i te z\u0142e momenty. Nie by\u0142a to \u0142atwa praca, ale nie ma bardziej zaszczytnej s\u0142u\u017cby od tej pe\u0142nionej na rzecz mieszka\u0144c\u00f3w miasta, kt\u00f3rzy s\u0105 mi bliscy. Dzi\u0119kuj\u0119 mieszka\u0144com za ka\u017cde s\u0142owa podzi\u0119kowania, kt\u00f3re motywowa\u0142y mnie do dobrej pracy, ale r\u00f3wnie\u017c s\u0142owa konstruktywnej krytyki. Wszystkie by\u0142y dla mnie wa\u017cne. Dzi\u0119ki dobrej wsp\u00f3\u0142pracy z w\u0142adzami miasta oraz rad\u0105 miejsk\u0105 rozwijali\u015bmy stra\u017c miejsk\u0105 i mogli\u015bmy podejmowa\u0107 najlepsze dzia\u0142ania na rzecz lokalnej spo\u0142eczno\u015bci \u2013 m\u00f3wi Piotr Kwiecie\u0144. \u2013 Sk\u0142adam pe\u0142ne wdzi\u0119czno\u015bci podzi\u0119kowania za wiele lat dobrej wsp\u00f3\u0142pracy, pomocy w realizacji zada\u0144, wysi\u0142ku i zaanga\u017cowania we wsp\u00f3lne projekty na rzecz mieszka\u0144c\u00f3w Nowej Rudy \u2013 dodaje.<br \/>\nNowym komendantem Stra\u017cy Miejskiej w Nowej Rudzie zostanie dotychczasowy zast\u0119pca komendanta \u2013 Miros\u0142aw Kalitowski.<br \/>\n\u2013 Swojemu nast\u0119pcy \u017cycz\u0119 dalszej dobrej wsp\u00f3\u0142pracy z w\u0142adzami miasta na rzecz porz\u0105dku i bezpiecze\u0144stwa, dobrych relacji z mieszka\u0144cami, \u017ceby rozumieli nasze zadania do realizacji, do kt\u00f3rych jeste\u015bmy powo\u0142ani. Gros opinii o nas jest \u017cyczliwych, poniewa\u017c noworudzianie wiedz\u0105, \u017ce na sercu le\u017cy nam dba\u0142o\u015b\u0107 o porz\u0105dek publiczny. C\u00f3\u017c, \u017cycz\u0119 mu, \u017ceby realizowa\u0142 ustawowe zadania, zamierzenia postawione mu przez w\u0142adze, samorz\u0105d oraz mieszka\u0144c\u00f3w i \u2013 co nie mniej wa\u017cne \u2013 du\u017co si\u0142 i zdrowia oraz satysfakcji zawodowej \u2013 m\u00f3wi Piotr Kwiecie\u0144.<\/p>\n<p align=\"center\"><span style=\"color: #0000ff;\">Str. 5 w numerze 445 tygodnika \u201eNoworudzianin\u201d dost\u0119pnym <\/span> <a href=\"https:\/\/www.noworudzianin.pl\/WWW\/wp-content\/uploads\/2020\/09\/Noworudzianin-Nr-445a.pdf\" target=\"_blank\" rel=\"noopener noreferrer\">tutaj<\/a>.<\/p>\n<p><script language=\"JavaScript\">\n<!--\nfunction FP_swapImg() {\/\/v1.0\n var doc=document,args=arguments,elm,n; doc.$imgSwaps=new Array(); for(n=2; n<args.length;\n n+=2) { elm=FP_getObjectByID(args[n]); if(elm) { doc.$imgSwaps[doc.$imgSwaps.length]=elm;\n elm.$src=elm.src; elm.src=args[n+1]; } }\n}\nfunction FP_preloadImgs() {\/\/v1.0\n var d=document,a=arguments; if(!d.FP_imgs) d.FP_imgs=new Array();\n for(var i=0; i<a.length; i++) { d.FP_imgs[i]=new Image; d.FP_imgs[i].src=a[i]; }\n}\nfunction FP_getObjectByID(id,o) {\/\/v1.0\n var c,el,els,f,m,n; if(!o)o=document; if(o.getElementById) el=o.getElementById(id);\n else if(o.layers) c=o.layers; else if(o.all) el=o.all[id]; if(el) return el;\n if(o.id==id || o.name==id) return o; if(o.childNodes) c=o.childNodes; if(c)\n for(n=0; n<c.length; n++) { el=FP_getObjectByID(id,c[n]); if(el) return el; }\n f=o.forms; if(f) for(n=0; n<f.length; n++) { els=f[n].elements;\n for(m=0; m<els.length; m++){ el=FP_getObjectByID(id,els[n]); if(el) return el; } }\n return null;\n}\n\/\/ -->\n<\/script><\/p>\n<p align=\"center\">\n\t\t\t<a target=\"_blank\" href=\"https:\/\/www.noworudzianin.pl\/WWW\/wp-content\/uploads\/2020\/09\/Noworudzianin-Nr-445a.pdf\" rel=\"noopener noreferrer\"><br \/>\n\t\t\t<img loading=\"lazy\" decoding=\"async\" border=\"1\" src=\"http:\/\/www.noworudzianin.pl\/WWW\/images\/445_b_small.jpg\" width=\"221\" height=\"300\"><\/a><br \/>\n\t\t\t<font face=\"Verdana\">Numer 445<br \/>\n\t\t\t<font size=\"2\">11-17 wrze\u015bnia 2020 r. <\/font><\/font><br \/><center><br \/>\n<body onload=\"FP_preloadImgs(\/*url*\/'https:\/\/www.noworudzianin.pl\/WWW\/images\/button3.gif', \/*url*\/'https:\/\/www.noworudzianin.pl\/WWW\/images\/button4.gif')\"><\/p>\n<p><a target=\"_blank\" href=\"https:\/\/www.noworudzianin.pl\/WWW\/wp-content\/uploads\/2020\/09\/Noworudzianin-Nr-445a.pdf\" rel=\"noopener noreferrer\"><br \/>\n<img loading=\"lazy\" decoding=\"async\" border=\"0\" id=\"img1\" src=\"https:\/\/www.noworudzianin.pl\/WWW\/images\/button2a.gif\" height=\"50\" width=\"250\" alt=\"POBIERZ ZA DARMO TUTAJ\" fp-style=\"fp-btn: Metal Capsule 2; fp-font-size: 14; fp-transparent: 1\" fp-title=\"POBIERZ ZA DARMO TUTAJ\" onmouseover=\"FP_swapImg(1,0,\/*id*\/'img1',\/*url*\/'https:\/\/www.noworudzianin.pl\/WWW\/images\/button3a.gif')\" onmouseout=\"FP_swapImg(0,0,\/*id*\/'img1',\/*url*\/'https:\/\/www.noworudzianin.pl\/WWW\/images\/button2a.gif')\" onmousedown=\"FP_swapImg(1,0,\/*id*\/'img1',\/*url*\/'https:\/\/www.noworudzianin.pl\/WWW\/images\/button4a.gif')\" onmouseup=\"FP_swapImg(0,0,\/*id*\/'img1',\/*url*\/'https:\/\/www.noworudzianin.pl\/WWW\/images\/button3a.gif')\"><\/a><\/p>\n<p><\/center><\/p>\n","protected":false},"excerpt":{"rendered":"<p>Piotr Kwiecie\u0144, komendant Stra\u017cy Miejskiej w Nowej Rudzie, to znana osoba w naszym mie\u015bcie. Po prawie 30 latach s\u0142u\u017cby w<\/p>\n","protected":false},"author":6,"featured_media":23056,"comment_status":"open","ping_status":"closed","sticky":false,"template":"","format":"standard","meta":{"om_disable_all_campaigns":false,"_monsterinsights_skip_tracking":false,"_monsterinsights_sitenote_active":false,"_monsterinsights_sitenote_note":"","_monsterinsights_sitenote_category":0,"_uf_show_specific_survey":0,"_uf_disable_surveys":false,"footnotes":""},"categories":[2,2433],"tags":[5945,5965,5964,4762,20,5,5944,3572,2017],"aioseo_notices":[],"amp_enabled":true,"_links":{"self":[{"href":"https:\/\/www.noworudzianin.pl\/WWW\/wp-json\/wp\/v2\/posts\/23071"}],"collection":[{"href":"https:\/\/www.noworudzianin.pl\/WWW\/wp-json\/wp\/v2\/posts"}],"about":[{"href":"https:\/\/www.noworudzianin.pl\/WWW\/wp-json\/wp\/v2\/types\/post"}],"author":[{"embeddable":true,"href":"https:\/\/www.noworudzianin.pl\/WWW\/wp-json\/wp\/v2\/users\/6"}],"replies":[{"embeddable":true,"href":"https:\/\/www.noworudzianin.pl\/WWW\/wp-json\/wp\/v2\/comments?post=23071"}],"version-history":[{"count":1,"href":"https:\/\/www.noworudzianin.pl\/WWW\/wp-json\/wp\/v2\/posts\/23071\/revisions"}],"predecessor-version":[{"id":23072,"href":"https:\/\/www.noworudzianin.pl\/WWW\/wp-json\/wp\/v2\/posts\/23071\/revisions\/23072"}],"wp:featuredmedia":[{"embeddable":true,"href":"https:\/\/www.noworudzianin.pl\/WWW\/wp-json\/wp\/v2\/media\/23056"}],"wp:attachment":[{"href":"https:\/\/www.noworudzianin.pl\/WWW\/wp-json\/wp\/v2\/media?parent=23071"}],"wp:term":[{"taxonomy":"category","embeddable":true,"href":"https:\/\/www.noworudzianin.pl\/WWW\/wp-json\/wp\/v2\/categories?post=23071"},{"taxonomy":"post_tag","embeddable":true,"href":"https:\/\/www.noworudzianin.pl\/WWW\/wp-json\/wp\/v2\/tags?post=23071"}],"curies":[{"name":"wp","href":"https:\/\/api.w.org\/{rel}","templated":true}]}}