{"id":23085,"date":"2020-09-16T16:42:17","date_gmt":"2020-09-16T14:42:17","guid":{"rendered":"http:\/\/www.noworudzianin.pl\/WWW\/?p=23085"},"modified":"2020-09-16T16:42:17","modified_gmt":"2020-09-16T14:42:17","slug":"sadzimy-2020","status":"publish","type":"post","link":"https:\/\/www.noworudzianin.pl\/WWW\/2020\/09\/16\/sadzimy-2020\/","title":{"rendered":"#sadziMY 2020"},"content":{"rendered":"<p><strong>Lasy i drzewa zapewniaj\u0105 nam tlen, oczyszczaj\u0105 powietrze, wp\u0142ywaj\u0105 korzystnie na klimat i na samopoczucie nas wszystkich. S\u0105 domem dla wielu gatunk\u00f3w ro\u015blin, grzyb\u00f3w i zwierz\u0105t. Dostarczaj\u0105 najbardziej ekologiczny surowiec \u2013 drewno \u2013 tworz\u0105cy domy r\u00f3wnie\u017c dla nas<\/strong><\/p>\n<p>Polscy le\u015bnicy ka\u017cdego roku sadz\u0105 500 milion\u00f3w drzew. Mimo \u017ce czasem wysi\u0142ek wielu pokole\u0144 niszcz\u0105 kl\u0119ski \u017cywio\u0142owe, sadzenie trwa i las\u00f3w w Polsce stale przybywa. Zajmuj\u0105 ju\u017c blisko jedn\u0105 trzeci\u0105 powierzchni naszego kraju. Drzewa s\u0105 jednak potrzebne wsz\u0119dzie tam, gdzie \u017cyjemy, nie tylko w lesie. Dzi\u0119ki inicjatywie Prezydenta Rzeczypospolitej Polskiej i Pierwszej Damy teraz wszyscy mog\u0105 z \u0142atwo\u015bci\u0105 posadzi\u0107 w\u0142asne drzewo. Przy\u0142\u0105cz si\u0119 do og\u00f3lnopolskiej akcji #sadziMY i posad\u017a w\u0142asne drzewko!<br \/>\nSadzonki b\u0119d\u0105 rozdawane 18 wrze\u015bnia 2020 r. w siedzibach wszystkich 430 nadle\u015bnictw oraz 17 regionalnych dyrekcji Las\u00f3w Pa\u0144stwowych w Polsce. Dla wszystkich ch\u0119tnych przygotowali\u015bmy \u0142\u0105cznie a\u017c milion sadzonek.<br \/>\nTego samego dnia akcj\u0119 oficjalnie zainauguruj\u0105: Prezydent RP Andrzej Duda i Pierwsza Dama Agata Kornhauser-Duda, kt\u00f3rzy wezm\u0105 udzia\u0142 w odnawianiu powierzchni na terenie le\u015bnictwa Zdroje w Nadle\u015bnictwie Lipusz, najbardziej zniszczonym przez \u201ehuragan 100-lecia\u201d w sierpniu 2017 r. Para Prezydencka wsp\u00f3lnie, mi\u0119dzy innymi, z pracownikami administracji publicznej, harcerzami, \u017co\u0142nierzami, stra\u017cakami, pracownikami Las\u00f3w Pa\u0144stwowych, na powierzchni blisko 6,5 ha posadzi 64 tys. nowych drzew.<\/p>\n<p><strong>Ka\u017cdy mo\u017ce posadzi\u0107 w\u0142asne drzewko!<\/strong><br \/>\n<strong><em>Sadzonki b\u0119d\u0105 wydawane w najbli\u017cszy pi\u0105tek 18 wrze\u015bnia:<\/em><\/strong><br \/>\n1. ko\u0142o siedziby Nadle\u015bnictwa Jug\u00f3w w Jugowie w godz. 8.00-15.00,<br \/>\n2. w Nowej Rudzie ko\u0142o ratusza w godz. 11.00-17.00,<br \/>\n3. w Radkowie ko\u0142o ratusza w godz. 11.00-17.00.<\/p>\n","protected":false},"excerpt":{"rendered":"<p>Lasy i drzewa zapewniaj\u0105 nam tlen, oczyszczaj\u0105 powietrze, wp\u0142ywaj\u0105 korzystnie na klimat i na samopoczucie nas wszystkich. S\u0105 domem dla<\/p>\n","protected":false},"author":6,"featured_media":23087,"comment_status":"open","ping_status":"closed","sticky":false,"template":"","format":"standard","meta":{"om_disable_all_campaigns":false,"_monsterinsights_skip_tracking":false,"_monsterinsights_sitenote_active":false,"_monsterinsights_sitenote_note":"","_monsterinsights_sitenote_category":0,"_uf_show_specific_survey":0,"_uf_disable_surveys":false,"footnotes":""},"categories":[2,29,9,152,6],"tags":[5966,5968,5970,5971,5972,5276,5973,1289,20,5,5967,5969],"aioseo_notices":[],"amp_enabled":true,"_links":{"self":[{"href":"https:\/\/www.noworudzianin.pl\/WWW\/wp-json\/wp\/v2\/posts\/23085"}],"collection":[{"href":"https:\/\/www.noworudzianin.pl\/WWW\/wp-json\/wp\/v2\/posts"}],"about":[{"href":"https:\/\/www.noworudzianin.pl\/WWW\/wp-json\/wp\/v2\/types\/post"}],"author":[{"embeddable":true,"href":"https:\/\/www.noworudzianin.pl\/WWW\/wp-json\/wp\/v2\/users\/6"}],"replies":[{"embeddable":true,"href":"https:\/\/www.noworudzianin.pl\/WWW\/wp-json\/wp\/v2\/comments?post=23085"}],"version-history":[{"count":1,"href":"https:\/\/www.noworudzianin.pl\/WWW\/wp-json\/wp\/v2\/posts\/23085\/revisions"}],"predecessor-version":[{"id":23088,"href":"https:\/\/www.noworudzianin.pl\/WWW\/wp-json\/wp\/v2\/posts\/23085\/revisions\/23088"}],"wp:featuredmedia":[{"embeddable":true,"href":"https:\/\/www.noworudzianin.pl\/WWW\/wp-json\/wp\/v2\/media\/23087"}],"wp:attachment":[{"href":"https:\/\/www.noworudzianin.pl\/WWW\/wp-json\/wp\/v2\/media?parent=23085"}],"wp:term":[{"taxonomy":"category","embeddable":true,"href":"https:\/\/www.noworudzianin.pl\/WWW\/wp-json\/wp\/v2\/categories?post=23085"},{"taxonomy":"post_tag","embeddable":true,"href":"https:\/\/www.noworudzianin.pl\/WWW\/wp-json\/wp\/v2\/tags?post=23085"}],"curies":[{"name":"wp","href":"https:\/\/api.w.org\/{rel}","templated":true}]}}