{"id":23127,"date":"2020-09-17T14:13:58","date_gmt":"2020-09-17T12:13:58","guid":{"rendered":"http:\/\/www.noworudzianin.pl\/WWW\/?p=23127"},"modified":"2020-09-17T14:13:58","modified_gmt":"2020-09-17T12:13:58","slug":"warsztaty-fsp-w-nowej-rudzie","status":"publish","type":"post","link":"https:\/\/www.noworudzianin.pl\/WWW\/2020\/09\/17\/warsztaty-fsp-w-nowej-rudzie\/","title":{"rendered":"Warsztaty FSP w Nowej Rudzie"},"content":{"rendered":"<p><strong>W warsztatach Funduszu Sprawiedliwej Transformacji, kt\u00f3re odby\u0142y si\u0119 w pi\u0105tek 11 wrze\u015bnia w Miejskim O\u015brodku Kultury w Nowej Rudzie, wzi\u0119li udzia\u0142 mi\u0119dzy innymi: radny sejmiku wojew\u00f3dzkiego, samorz\u0105dowcy z Nowej Rudy, gminy Nowa Ruda i gminy Radk\u00f3w, prezesi sp\u00f3\u0142ek komunalnych, instytucji samorz\u0105dowych oraz du\u017ca grupa przedsi\u0119biorc\u00f3w<\/strong><\/p>\n<p>Zebranych przywita\u0142 burmistrz Tomasz Kili\u0144ski, kt\u00f3ry pokr\u00f3tce om\u00f3wi\u0142 czym jest Fundusz Sprawiedliwej Transformacji.<br \/>\n\u2013 Fundusz Sprawiedliwej Transformacji b\u0119dzie wspiera\u0142 regiony w\u0119glowe, regiony w kt\u00f3rych funkcjonuje g\u00f3rnictwo, regiony, kt\u00f3re wymagaj\u0105 transformacji, transformacji gospodarczej w kierunku odej\u015bcia od przemys\u0142u w\u0119glowego. Te dzia\u0142ania trwa\u0142y kilka lat, dzi\u0119ki inicjatywie pana prezydenta Wa\u0142brzycha Romana Sze\u0142emeja uda\u0142o nam si\u0119 do\u0142\u0105czy\u0107 do tej grupy. Jako region wa\u0142brzyski jeste\u015bmy jedynym regionem postw\u0119glowym kt\u00f3ry powsta\u0142 i wsp\u00f3lnie z Wa\u0142brzychem, gmin\u0105 Nowa Ruda, z gmin\u0105 Bogusz\u00f3w, z gmin\u0105 Jedlina przez wiele miesi\u0119cy brali\u015bmy udzia\u0142 w r\u00f3\u017cnych spotkaniach maj\u0105cych na celu stworzenie ram przysz\u0142ego programu, przysz\u0142ych dzia\u0142a\u0144 kt\u00f3re w ramach tego funduszu mog\u0142yby by\u0107 realizowane. Brali\u015bmy udzia\u0142 w spotkaniach we Wroc\u0142awiu, w Warszawie, zdarza\u0142y si\u0119 te\u017c spotkania w Brukseli, gdzie prezentowali\u015bmy nasze za\u0142o\u017cenia, nasze problemy, propozycje projektowe, kt\u00f3re mog\u0142yby by\u0107 w ramach takiego programu realizowane. Rzeczywi\u015bcie Komisja Europejska uzna\u0142a region wa\u0142brzyski jako region jeszcze w transformacji, region kt\u00f3ry wymaga wsparcia tej transformacji. Dzisiaj w Polsce mamy trzy takie regiony, jest to przede wszystkim wojew\u00f3dztwo \u015bl\u0105skie, wojew\u00f3dztwo wielkopolskie \u2013 region koni\u0144ski i wojew\u00f3dztwo dolno\u015bl\u0105skie \u2013 region wa\u0142brzyski. Wdro\u017cenie Funduszu Sprawiedliwej transformacji na dzie\u0144 dzisiejszy wymaga od region\u00f3w stworzenia Plan\u00f3w Sprawiedliwej Transformacji, plan\u00f3w na podstawie kt\u00f3rych powstanie Krajowy Plan Sprawiedliwej Transformacji zatwierdzany p\u00f3\u017aniej przez Komisj\u0119 Europejsk\u0105. W ramach powsta\u0142ych plan\u00f3w wdra\u017cany b\u0119dzie ju\u017c program. Na chwil\u0119 obecn\u0105 jest jeszcze wiele niewiadomych, jak ten program b\u0119dzie realizowany, kto b\u0119dzie nim zarz\u0105dza\u0142, jakie b\u0119dzie dofinansowanie, jakie b\u0119d\u0105 szczeg\u00f3\u0142owe wytyczne do realizowania projektu w ramach tego programu \u2013 t\u0142umaczy\u0142 Tomasz Kili\u0144ski. \u2013 Dzisiejsze spotkanie ma na celu stworzenie charakteru partycypacyjnego, \u017ceby\u015bcie pa\u0144stwo, jako uczestnicy tych warsztat\u00f3w, r\u00f3wnie\u017c mogli, mam nadziej\u0119, czynny wzi\u0105\u0107 udzia\u0142 i aktywny w tworzeniu ram tego programu, by\u0107 mo\u017ce w tworzeniu pewnych propozycji projektowych. Ciesz\u0119 si\u0119, \u017ce s\u0105 tu z nami przedsi\u0119biorcy, bo to bardzo wa\u017cna cz\u0119\u015b\u0107 tego programu. Tak naprawd\u0119 chodzi o transformacj\u0119 gospodarcz\u0105 jak i spo\u0142eczn\u0105, wi\u0119c rola przedsi\u0119biorc\u00f3w w tym programie powinna by\u0107 du\u017ca i chcieliby\u015bmy \u017ceby\u015bcie pa\u0144stwo by\u0107 mo\u017ce znale\u017ali swoje miejsce i swoje pomys\u0142y, kt\u00f3re b\u0119dzie mo\u017cna w ramach programu realizowa\u0107. My od wielu miesi\u0119cy pracujemy nad koncepcjami, pomys\u0142ami i fiszkami projektowymi. Z miastem Wa\u0142brzych bardzo aktywnie przygotowujemy si\u0119 do tego, aby te propozycje mog\u0142y by\u0107 uwzgl\u0119dnione najpierw w Planach Sprawiedliwej Transformacji, a p\u00f3\u017aniej mog\u0142y by\u0107 realizowane. Zaprosi\u0142em te\u017c gmin\u0119 Nowa Ruda i gmin\u0119 Radk\u00f3w poniewa\u017c lokalnie chcemy realizowa\u0107 partnerskie projekty w ramach tego funduszu. Do ko\u0144ca wrze\u015bnia pan marsza\u0142ek, kt\u00f3ry odpowiada za stworzenie planu regionalnego, poprosi\u0142 nas o sk\u0142adanie propozycji projektowych, fiszek projektowych, dlatego tu dzisiaj jeste\u015bmy i w formule warsztat\u00f3w chcemy pa\u0144stwu przedstawi\u0107 program, zach\u0119ci\u0107 do przemy\u015ble\u0144 i by\u0107 mo\u017ce stworzenia fiszek projektowych \u2013 doda\u0142.<br \/>\nKolejnym prelegentem by\u0142 Jerzy Dudzik, naczelnik Wydzia\u0142u Ochrony \u015arodowiska w Urz\u0119dzie Miasta Nowa Ruda, odpowiedzialny za przygotowanie i wdro\u017cenie Funduszu Sprawiedliwej Transformacji w Gminie Miejskiej Nowa Ruda.<br \/>\n\u2013 Jest to pierwsze spotkanie zwi\u0105zane z Funduszem Sprawiedliwej Transformacji i my\u015bl\u0119, \u017ce ma ono raczej charakter przekazania pewnej wiedzy, wiedzy og\u00f3lnej, wiedzy operacyjnej, a pan Marcin Augustyniak, pe\u0142nomocnik prezydenta Wa\u0142brzycha ds. Strategii i koordynator Funduszu Sprawiedliwej Transformacji Subregionu Wa\u0142brzyskiego obja\u015bni nam zagadnienia tzw. sieciowe \u2013 powiedzia\u0142 Jerzy Dudzik, zaznaczaj\u0105c \u017ce wszelkie pomys\u0142y, przemy\u015blenia, przedsi\u0119biorcy mog\u0105 przesy\u0142a\u0107 do niego drog\u0105 mailow\u0105 i t\u0105 drog\u0105 przedsi\u0119biorcy b\u0119d\u0105 te\u017c otrzymywa\u0107 wszelkie nowe informacje zwi\u0105zane z FSP. Jerzy Dudzik przedstawi\u0142 og\u00f3lne za\u0142o\u017cenia zielonego \u0142adu, zastrzegaj\u0105c \u017ce p\u00f3ki co, rz\u0105d polski nie podpisa\u0142 tego porozumienia, czyli pieni\u0119dzy mo\u017ce by\u0107 mniej. Nast\u0119pnie g\u0142os zabra\u0142 Marcin Augustyniak, kt\u00f3ry szczeg\u00f3\u0142owo wyja\u015bni\u0142 czym s\u0105 projekty sieciowe i poinformowa\u0142 uczestnik\u00f3w warsztat\u00f3w jakie ewentualnie projekty mog\u0105 zg\u0142asza\u0107. Po tym przyszed\u0142 czas na pytania od uczestnik\u00f3w warsztat\u00f3w.<br \/>\nPrzypomnijmy, na realizacje jakich projekt\u00f3w mo\u017ce liczy\u0107 Nowa Ruda wed\u0142ug marcowej wypowiedzi burmistrza Tomasza Kili\u0144skiego dla naszego tygodnika.<br \/>\n\u2013 Powiem o potencjalnych kilku projektach, kt\u00f3re zreszt\u0105 prezentowa\u0142em na spotkaniu we Wroc\u0142awiu i w Brukseli. Pierwszy z nich zwi\u0105zany jest z rewitalizacj\u0105 obszaru ulicy Obozowej. Jest to wielop\u0142aszczyznowy projekt zwi\u0105zany z modernizacj\u0105, budow\u0105 infrastruktury z terenami zielonymi, z edukacj\u0105, z termomodernizacj\u0105, likwidacj\u0105 niskiej emisji. Kolejny projekt zwi\u0105zany jest z aran\u017cowaniem i tworzeniem kolejnych teren\u00f3w zielonych na terenie Nowej Rudy. Nast\u0119pny projekt dotyczy budowy infrastruktury dla obs\u0142ugi teren\u00f3w przemys\u0142owych na terenach pokopalnianych. By\u0142y zg\u0142aszane r\u00f3wnie\u017c inne projekty, m.in. w obszarze tradycji g\u00f3rniczej \u2013 Szlak Tradycji G\u00f3rniczej przygotowywany wsp\u00f3lnie ze Star\u0105 Kopalni\u0105 w Wa\u0142brzychu, wi\u0119c jest to obszar naprawd\u0119 bardzo szeroki, ale jednocze\u015bnie nawi\u0105zuj\u0105cy do rozwi\u0105zywania problem\u00f3w zar\u00f3wno spo\u0142ecznych jak i gospodarczych zwi\u0105zanych z transformacj\u0105 z gospodarki w\u0119glowej na gospodark\u0119 powiedzmy niskoemisyjn\u0105, czyli to wszystko, co wpisuje si\u0119 w tak zwany Europejski Zielony \u0141ad, kt\u00f3ry jest tworzony \u2013 odpowiada Tomasz Kili\u0144ski.<\/p>\n<p align=\"center\"><span style=\"color: #0000ff;\">Str. 5 w numerze 446 tygodnika \u201eNoworudzianin\u201d dost\u0119pnym <\/span> <a href=\"https:\/\/www.noworudzianin.pl\/WWW\/wp-content\/uploads\/2020\/09\/Noworudzianin-Nr-446a.pdf\" target=\"_blank\" rel=\"noopener noreferrer\">tutaj<\/a>.<\/p>\n<p><script language=\"JavaScript\">\n<!--\nfunction FP_swapImg() {\/\/v1.0\n var doc=document,args=arguments,elm,n; doc.$imgSwaps=new Array(); for(n=2; n<args.length;\n n+=2) { elm=FP_getObjectByID(args[n]); if(elm) { doc.$imgSwaps[doc.$imgSwaps.length]=elm;\n elm.$src=elm.src; elm.src=args[n+1]; } }\n}\nfunction FP_preloadImgs() {\/\/v1.0\n var d=document,a=arguments; if(!d.FP_imgs) d.FP_imgs=new Array();\n for(var i=0; i<a.length; i++) { d.FP_imgs[i]=new Image; d.FP_imgs[i].src=a[i]; }\n}\nfunction FP_getObjectByID(id,o) {\/\/v1.0\n var c,el,els,f,m,n; if(!o)o=document; if(o.getElementById) el=o.getElementById(id);\n else if(o.layers) c=o.layers; else if(o.all) el=o.all[id]; if(el) return el;\n if(o.id==id || o.name==id) return o; if(o.childNodes) c=o.childNodes; if(c)\n for(n=0; n<c.length; n++) { el=FP_getObjectByID(id,c[n]); if(el) return el; }\n f=o.forms; if(f) for(n=0; n<f.length; n++) { els=f[n].elements;\n for(m=0; m<els.length; m++){ el=FP_getObjectByID(id,els[n]); if(el) return el; } }\n return null;\n}\n\/\/ -->\n<\/script><\/p>\n<p align=\"center\">\n\t\t\t<a target=\"_blank\" href=\"https:\/\/www.noworudzianin.pl\/WWW\/wp-content\/uploads\/2020\/09\/Noworudzianin-Nr-446a.pdf\" rel=\"noopener noreferrer\"><br \/>\n\t\t\t<img loading=\"lazy\" decoding=\"async\" border=\"1\" src=\"http:\/\/www.noworudzianin.pl\/WWW\/images\/446_b_small.jpg\" width=\"221\" height=\"300\"><\/a><br \/>\n\t\t\t<font face=\"Verdana\">Numer 446<br \/>\n\t\t\t<font size=\"2\">18-24 wrze\u015bnia 2020 r. <\/font><\/font><br \/><center><br \/>\n<body onload=\"FP_preloadImgs(\/*url*\/'https:\/\/www.noworudzianin.pl\/WWW\/images\/button3.gif', \/*url*\/'https:\/\/www.noworudzianin.pl\/WWW\/images\/button4.gif')\"><\/p>\n<p><a target=\"_blank\" href=\"https:\/\/www.noworudzianin.pl\/WWW\/wp-content\/uploads\/2020\/09\/Noworudzianin-Nr-446a.pdf\" rel=\"noopener noreferrer\"><br \/>\n<img loading=\"lazy\" decoding=\"async\" border=\"0\" id=\"img1\" src=\"https:\/\/www.noworudzianin.pl\/WWW\/images\/button2a.gif\" height=\"50\" width=\"250\" alt=\"POBIERZ ZA DARMO TUTAJ\" fp-style=\"fp-btn: Metal Capsule 2; fp-font-size: 14; fp-transparent: 1\" fp-title=\"POBIERZ ZA DARMO TUTAJ\" onmouseover=\"FP_swapImg(1,0,\/*id*\/'img1',\/*url*\/'https:\/\/www.noworudzianin.pl\/WWW\/images\/button3a.gif')\" onmouseout=\"FP_swapImg(0,0,\/*id*\/'img1',\/*url*\/'https:\/\/www.noworudzianin.pl\/WWW\/images\/button2a.gif')\" onmousedown=\"FP_swapImg(1,0,\/*id*\/'img1',\/*url*\/'https:\/\/www.noworudzianin.pl\/WWW\/images\/button4a.gif')\" onmouseup=\"FP_swapImg(0,0,\/*id*\/'img1',\/*url*\/'https:\/\/www.noworudzianin.pl\/WWW\/images\/button3a.gif')\"><\/a><\/p>\n<p><\/center><\/p>\n","protected":false},"excerpt":{"rendered":"<p>W warsztatach Funduszu Sprawiedliwej Transformacji, kt\u00f3re odby\u0142y si\u0119 w pi\u0105tek 11 wrze\u015bnia w Miejskim O\u015brodku Kultury w Nowej Rudzie, wzi\u0119li<\/p>\n","protected":false},"author":6,"featured_media":23110,"comment_status":"open","ping_status":"closed","sticky":false,"template":"","format":"standard","meta":{"om_disable_all_campaigns":false,"_monsterinsights_skip_tracking":false,"_monsterinsights_sitenote_active":false,"_monsterinsights_sitenote_note":"","_monsterinsights_sitenote_category":0,"_uf_show_specific_survey":0,"_uf_disable_surveys":false,"footnotes":""},"categories":[2,29,9,6,32],"tags":[5968,6000,5999,525,36,2268,20,5,5967,462,6001],"aioseo_notices":[],"amp_enabled":true,"_links":{"self":[{"href":"https:\/\/www.noworudzianin.pl\/WWW\/wp-json\/wp\/v2\/posts\/23127"}],"collection":[{"href":"https:\/\/www.noworudzianin.pl\/WWW\/wp-json\/wp\/v2\/posts"}],"about":[{"href":"https:\/\/www.noworudzianin.pl\/WWW\/wp-json\/wp\/v2\/types\/post"}],"author":[{"embeddable":true,"href":"https:\/\/www.noworudzianin.pl\/WWW\/wp-json\/wp\/v2\/users\/6"}],"replies":[{"embeddable":true,"href":"https:\/\/www.noworudzianin.pl\/WWW\/wp-json\/wp\/v2\/comments?post=23127"}],"version-history":[{"count":1,"href":"https:\/\/www.noworudzianin.pl\/WWW\/wp-json\/wp\/v2\/posts\/23127\/revisions"}],"predecessor-version":[{"id":23128,"href":"https:\/\/www.noworudzianin.pl\/WWW\/wp-json\/wp\/v2\/posts\/23127\/revisions\/23128"}],"wp:featuredmedia":[{"embeddable":true,"href":"https:\/\/www.noworudzianin.pl\/WWW\/wp-json\/wp\/v2\/media\/23110"}],"wp:attachment":[{"href":"https:\/\/www.noworudzianin.pl\/WWW\/wp-json\/wp\/v2\/media?parent=23127"}],"wp:term":[{"taxonomy":"category","embeddable":true,"href":"https:\/\/www.noworudzianin.pl\/WWW\/wp-json\/wp\/v2\/categories?post=23127"},{"taxonomy":"post_tag","embeddable":true,"href":"https:\/\/www.noworudzianin.pl\/WWW\/wp-json\/wp\/v2\/tags?post=23127"}],"curies":[{"name":"wp","href":"https:\/\/api.w.org\/{rel}","templated":true}]}}