{"id":23135,"date":"2020-09-23T14:05:00","date_gmt":"2020-09-23T12:05:00","guid":{"rendered":"http:\/\/www.noworudzianin.pl\/WWW\/?p=23135"},"modified":"2020-09-23T14:25:37","modified_gmt":"2020-09-23T12:25:37","slug":"starostwo-apeluje-o-ostroznosc-covid-19","status":"publish","type":"post","link":"https:\/\/www.noworudzianin.pl\/WWW\/2020\/09\/23\/starostwo-apeluje-o-ostroznosc-covid-19\/","title":{"rendered":"Starostwo apeluje o ostro\u017cno\u015b\u0107 \u2013 COVID-19"},"content":{"rendered":"<p><strong>O stosowanie si\u0119 do zalece\u0144 Pa\u0144stwowej Inspekcji Sanitarnej apeluje Starostwo Powiatowe w K\u0142odzku. Starostwo wskazuje du\u017cy wzrost zachorowa\u0144 na COVID-19 w Czechach<\/strong><\/p>\n<p>W \u015brod\u0119 16 wrze\u015bnia zarejestrowano u naszych po\u0142udniowych s\u0105siad\u00f3w w ci\u0105gu doby 2139 nowych przypadk\u00f3w. To rekord od czasu rozpocz\u0119cia pandemii. Apel skierowany jest g\u0142\u00f3wnie do Polak\u00f3w pracuj\u0105cych u naszego po\u0142udniowego s\u0105siada, a tych w samej Nowej Rudzie i okolicznych miejscowo\u015bciach nie brakuje.<br \/>\n\u201eProsimy wszystkich, kt\u00f3rzy udaj\u0105 si\u0119 do Republiki Czeskiej o zachowanie szczeg\u00f3lnej ostro\u017cno\u015bci.<br \/>\nW zwi\u0105zku ze znacznym wzrostem zachorowa\u0144 na \u201eCOVID-19 w Republice Czeskiej, wykonywaniem pracy przez wielu Polak\u00f3w na terenie tego kraju, prosi si\u0119 o przestrzeganie obowi\u0105zuj\u0105cych na terenie RP zasad GIS (G\u0142\u00f3wnego Inspektora Sanitarnego) w zakresie przeciwdzia\u0142ania rozprzestrzeniania si\u0119 COVID-19. W trosce o wsp\u00f3lne bezpiecze\u0144stwo zdrowotne, apelujemy o przestrzeganie zalece\u0144 Pa\u0144stwowej Inspekcji Sanitarnej i stosowanie si\u0119 do wytycznych s\u0142u\u017cb sanitarnych w zakresie kwarantanny i zasad higieny\u201d \u2013 czytamy w apelu starostwa.<br \/>\nOd pocz\u0105tku pandemii w Republice Czeskiej zachorowa\u0142o ponad 41 tysi\u0119cy os\u00f3b, aktywnych przypadk\u00f3w jest w tej chwili blisko 18 tysi\u0119cy. U wi\u0119kszo\u015bci chorych zaka\u017cenie przebiega \u0142agodnie. W stanie ci\u0119\u017ckim w szpitalach przebywa oko\u0142o osiemdziesi\u0119ciu pacjent\u00f3w. Od pocz\u0105tku wrze\u015bnia zacz\u0119\u0142a rosn\u0105\u0107 nie tylko liczba chorych, ale tak\u017ce zmar\u0142ych. Od pocz\u0105tku wrze\u015bnia z powodu COVID-19 zmar\u0142o 58 os\u00f3b, tylko w tym tygodniu \u2013 17.<\/p>\n","protected":false},"excerpt":{"rendered":"<p>O stosowanie si\u0119 do zalece\u0144 Pa\u0144stwowej Inspekcji Sanitarnej apeluje Starostwo Powiatowe w K\u0142odzku. Starostwo wskazuje du\u017cy wzrost zachorowa\u0144 na COVID-19<\/p>\n","protected":false},"author":6,"featured_media":23115,"comment_status":"open","ping_status":"closed","sticky":false,"template":"","format":"standard","meta":{"om_disable_all_campaigns":false,"_monsterinsights_skip_tracking":false,"_monsterinsights_sitenote_active":false,"_monsterinsights_sitenote_note":"","_monsterinsights_sitenote_category":0,"_uf_show_specific_survey":0,"_uf_disable_surveys":false,"footnotes":""},"categories":[2,2076,281],"tags":[5206,20,5,6017,310],"aioseo_notices":[],"amp_enabled":true,"_links":{"self":[{"href":"https:\/\/www.noworudzianin.pl\/WWW\/wp-json\/wp\/v2\/posts\/23135"}],"collection":[{"href":"https:\/\/www.noworudzianin.pl\/WWW\/wp-json\/wp\/v2\/posts"}],"about":[{"href":"https:\/\/www.noworudzianin.pl\/WWW\/wp-json\/wp\/v2\/types\/post"}],"author":[{"embeddable":true,"href":"https:\/\/www.noworudzianin.pl\/WWW\/wp-json\/wp\/v2\/users\/6"}],"replies":[{"embeddable":true,"href":"https:\/\/www.noworudzianin.pl\/WWW\/wp-json\/wp\/v2\/comments?post=23135"}],"version-history":[{"count":2,"href":"https:\/\/www.noworudzianin.pl\/WWW\/wp-json\/wp\/v2\/posts\/23135\/revisions"}],"predecessor-version":[{"id":23137,"href":"https:\/\/www.noworudzianin.pl\/WWW\/wp-json\/wp\/v2\/posts\/23135\/revisions\/23137"}],"wp:featuredmedia":[{"embeddable":true,"href":"https:\/\/www.noworudzianin.pl\/WWW\/wp-json\/wp\/v2\/media\/23115"}],"wp:attachment":[{"href":"https:\/\/www.noworudzianin.pl\/WWW\/wp-json\/wp\/v2\/media?parent=23135"}],"wp:term":[{"taxonomy":"category","embeddable":true,"href":"https:\/\/www.noworudzianin.pl\/WWW\/wp-json\/wp\/v2\/categories?post=23135"},{"taxonomy":"post_tag","embeddable":true,"href":"https:\/\/www.noworudzianin.pl\/WWW\/wp-json\/wp\/v2\/tags?post=23135"}],"curies":[{"name":"wp","href":"https:\/\/api.w.org\/{rel}","templated":true}]}}