{"id":23175,"date":"2020-09-30T16:13:24","date_gmt":"2020-09-30T14:13:24","guid":{"rendered":"http:\/\/www.noworudzianin.pl\/WWW\/?p=23175"},"modified":"2020-09-30T16:13:24","modified_gmt":"2020-09-30T14:13:24","slug":"zaostrzenie-obostrzen-w-powiatach-i","status":"publish","type":"post","link":"https:\/\/www.noworudzianin.pl\/WWW\/2020\/09\/30\/zaostrzenie-obostrzen-w-powiatach-i\/","title":{"rendered":"Zaostrzenie obostrze\u0144 w powiatach i \u2026"},"content":{"rendered":"<p><strong>Ponad 1,2 tys. dodatkowych \u0142\u00f3\u017cek dla pacjent\u00f3w z\u00a0COVID-19, nowe obostrzenia w\u00a0powiatach oraz modyfikacja schematu post\u0119powania dla pacjent\u00f3w z\u00a0dodatnim wynikiem testu na koronawirusa \u2013 to najwa\u017cniejsze zmiany, kt\u00f3re we wtorek 29\u00a0wrze\u015bnia zapowiedzia\u0142 Adam Niedzielski, minister zdrowia<\/strong><\/p>\n<p>\u2013 W ostatnim tygodniu mamy do czynienia z bardzo dynamicznym wzrostem zachorowa\u0144. Teraz ta liczba przekroczy\u0142a 1 tys., a ostatnio nawet 1,5 tys. nowych przypadk\u00f3w zachorowa\u0144 dziennie \u2013 poda\u0142 Adam Niedzielski, minister zdrowia. \u2013 To konsekwencja przywracania normalno\u015bci, powrotu dzieci do szk\u00f3\u0142 i powrotu do zwyk\u0142ych czynno\u015bci, kt\u00f3re wykonywali\u015bmy przed pandemi\u0105. Ro\u015bnie liczba interakcji spo\u0142ecznych i ro\u015bnie liczba zachorowa\u0144 \u2013 doda\u0142.<br \/>\nMinister podkre\u015bli\u0142, \u017ce resort dok\u0142adnie monitoruje rozw\u00f3j pandemii. \u2013 To nie liczba nowych zachorowa\u0144 jest najwa\u017cniejsza, ale najwa\u017cniejszym wska\u017anikiem jest liczba zaj\u0119tych \u0142\u00f3\u017cek i liczba zaj\u0119tych respirator\u00f3w \u2013 wskaza\u0142. \u2013 Chcemy, by liczba wolnych \u0142\u00f3\u017cek i respirator\u00f3w odpowiada\u0142a zapotrzebowaniu. Na razie liczba \u0142\u00f3\u017cek jest wystarczaj\u0105ca. Nie ma takiej mo\u017cliwo\u015bci, \u017ceby ich zabrak\u0142o \u2013 podkre\u015bli\u0142 minister Adam Niedzielski.<br \/>\nW ramach jesiennej strategii ministerstwo zdrowia i wojewodowie wydali ponad 600 decyzji wskazuj\u0105cych poszczeg\u00f3lne oddzia\u0142y i szpitale do zabezpieczenia miejsc dla pacjent\u00f3w z COVID-19. Od wrze\u015bnia dzia\u0142a trzystopniowy system zabezpieczenia szpitalnego. W ci\u0105gu ostatniego tygodnia przyby\u0142o 1,2 tys. \u0142\u00f3\u017cek dla pacjent\u00f3w z podejrzeniem zaka\u017cenia lub potwierdzonym zaka\u017ceniem i dzi\u0119ki temu teraz jest 8 tys. miejsc, jest tak\u017ce ponad 800 \u0142\u00f3\u017cek respiratorowych.<br \/>\nW ostatnim tygodniu baz\u0119 \u0142\u00f3\u017cek dla pacjent\u00f3w z COVID-19 zwi\u0119kszono o 1,2 tys. miejsc w wybranych wojew\u00f3dztwach:<br \/>\n\u2013 ma\u0142opolskim o 335 miejsc, wzrost o 77 proc., tu liczba \u0142\u00f3\u017cek zostanie zwi\u0119kszona jeszcze o 211 miejsc;<br \/>\n\u2013 kujawsko-pomorskim o 284 miejsc, wzrost o 76 proc.;<br \/>\n\u2013 pomorskim \u2013 315 miejsc, tu zostanie powo\u0142any dziesi\u0105ty wielospecjalistyczny szpital dla pacjent\u00f3w z COVID-19;<br \/>\n\u2013 wielkopolskim o 80 miejsc.<\/p>\n<p><strong>Zmiana schematu post\u0119powania z pacjentem zaka\u017anym<\/strong><br \/>\nAdam Niedzielski zapowiedzia\u0142, \u017ce zmieni si\u0119 schemat prowadzenia pacjenta z dodatnim wynikiem testu.<br \/>\n\u2013 W reakcji na sygna\u0142y i apel lekarzy zaka\u017anik\u00f3w, chcemy zmodyfikowa\u0107 schemat post\u0119powania z pacjentem z dodatnim wynikiem testu \u2013 m\u00f3wi\u0142 minister zdrowia. \u2013 W poniedzia\u0142ek odby\u0142 si\u0119 sztab kryzysowy i znale\u017ali\u015bmy rozwi\u0105zanie, kt\u00f3re jeszcze tego samego dnia zosta\u0142o om\u00f3wione z zaka\u017anikami \u2013 poda\u0142.<br \/>\nMinister wyja\u015bni\u0142, \u017ce obecny model kierowania pacjenta z podejrzeniem zaka\u017cenia koronowirusem sprawdza\u0142 si\u0119, gdy nowych przypadk\u00f3w by\u0142o ok. 1 tys. dziennie, ale w zwi\u0105zku z rosn\u0105c\u0105 liczb\u0105 zaka\u017ce\u0144 nale\u017cy wprowadzi\u0107 zmiany. \u2013 Modyfikacja polega na tym, \u017ce teraz pacjent z dodatnim wynikiem testu wr\u00f3ci do lekarza POZ lub do szpitala na pierwszym poziomie. Lekarz dokona oceny. Je\u015bli choroba przebiega bezobjawowo lub sk\u0105poobjawowo, wtedy lekarz POZ lub lekarz z pierwszego poziomu, b\u0119dzie m\u00f3g\u0142 wyda\u0107 decyzj\u0119 o izolacji domowej \u2013 t\u0142umaczy\u0142 szef resortu zdrowia.<br \/>\nMinister Adam Niedzielski wyja\u015bnia\u0142, \u017ce je\u015bli pacjent b\u0119dzie mia\u0142 wyra\u017ane objawy choroby, wtedy lekarz b\u0119dzie decydowa\u0142, czy skieruje go do szpitala zaka\u017anego lub do szpitala trzeciego stopnia, czyli wielospecjalistycznego przeznaczonego dla pacjent\u00f3w z COVID-19.<br \/>\n\u2013 Gdy pacjent trafi do szpitala drugiego i trzeciego poziomu, tam b\u0119d\u0105 podejmowane decyzje czy zostanie przyj\u0119ty na obserwacj\u0119, izolacj\u0119 domow\u0105 lub trafi do sieci izolatori\u00f3w, kt\u00f3ra ci\u0105gle funkcjonuje \u2013 doda\u0142 Adam Niedzielski.<br \/>\nMinister zdrowia podkre\u015bli\u0142, \u017ce wychodz\u0105c naprzeciw oczekiwaniom lekarzy, do ko\u0144ca tego tygodnia maj\u0105 powsta\u0107 specjalne rozporz\u0105dzenia, w kt\u00f3rych zostanie opisany schemat post\u0119powania z pacjentem podejrzanym o zaka\u017cenie i ze stwierdzonym zaka\u017ceniem.<\/p>\n<p><strong>Nowe obostrzenia<\/strong><br \/>\nSzef resortu zdrowia wskaza\u0142, \u017ce ze wzgl\u0119du na sytuacj\u0119 pandemiczn\u0105 oraz rosn\u0105c\u0105 liczb\u0119 os\u00f3b zaka\u017conych koronawirusem, Ministerstwo Zdrowia przygotowa\u0142o nowe obostrzenia.<br \/>\n\u2013 Patrz\u0105c na \u015bcie\u017ck\u0119 rozwoju pandemii b\u0119dziemy zaostrzali polityk\u0119 obostrze\u0144 strefowo, w zale\u017cno\u015bci od skali zachorowa\u0144 w ci\u0105gu ostatnich dw\u00f3ch tygodni \u2013 zapowiedzia\u0142 Adam Niedzielski.<br \/>\nMinister zdrowia poinformowa\u0142, \u017ce wkr\u00f3tce zostanie przedstawiony projekt rozporz\u0105dzenia, kt\u00f3ry wprowadzi nowe limity liczby os\u00f3b bior\u0105cych udzia\u0142 w zgromadzeniach, w tym w przyj\u0119ciach rodzinnych \u2013 w strefie zielonej do 100 os\u00f3b, w strefie \u017c\u00f3\u0142tej do 75 os\u00f3b. Natomiast w strefie czerwonej pozostanie ograniczenie zgromadze\u0144 do 50 os\u00f3b.<br \/>\nZgodnie z projektowanymi zmianami, w strefie czerwonej pojawi si\u0119 nowe obostrzenie \u2013 ograniczenie dzia\u0142alno\u015bci restauracji, pub\u00f3w i bar\u00f3w do godziny 22.00. Z kolei obowi\u0105zek zas\u0142aniania ust i nosa na wolnym powietrzu zostanie rozszerzony i b\u0119dzie obowi\u0105zywa\u0142 r\u00f3wnie\u017c w strefie \u017c\u00f3\u0142tej, a nie jak do tej pory tylko w strefie czerwonej.<\/p>\n","protected":false},"excerpt":{"rendered":"<p>Ponad 1,2 tys. dodatkowych \u0142\u00f3\u017cek dla pacjent\u00f3w z\u00a0COVID-19, nowe obostrzenia w\u00a0powiatach oraz modyfikacja schematu post\u0119powania dla pacjent\u00f3w z\u00a0dodatnim wynikiem testu<\/p>\n","protected":false},"author":6,"featured_media":23115,"comment_status":"open","ping_status":"closed","sticky":false,"template":"","format":"standard","meta":{"om_disable_all_campaigns":false,"_monsterinsights_skip_tracking":false,"_monsterinsights_sitenote_active":false,"_monsterinsights_sitenote_note":"","_monsterinsights_sitenote_category":0,"_uf_show_specific_survey":0,"_uf_disable_surveys":false,"footnotes":""},"categories":[2,29,9,6,281],"tags":[5888,5943,5206,5135,4295,5802,6033],"aioseo_notices":[],"amp_enabled":true,"_links":{"self":[{"href":"https:\/\/www.noworudzianin.pl\/WWW\/wp-json\/wp\/v2\/posts\/23175"}],"collection":[{"href":"https:\/\/www.noworudzianin.pl\/WWW\/wp-json\/wp\/v2\/posts"}],"about":[{"href":"https:\/\/www.noworudzianin.pl\/WWW\/wp-json\/wp\/v2\/types\/post"}],"author":[{"embeddable":true,"href":"https:\/\/www.noworudzianin.pl\/WWW\/wp-json\/wp\/v2\/users\/6"}],"replies":[{"embeddable":true,"href":"https:\/\/www.noworudzianin.pl\/WWW\/wp-json\/wp\/v2\/comments?post=23175"}],"version-history":[{"count":1,"href":"https:\/\/www.noworudzianin.pl\/WWW\/wp-json\/wp\/v2\/posts\/23175\/revisions"}],"predecessor-version":[{"id":23176,"href":"https:\/\/www.noworudzianin.pl\/WWW\/wp-json\/wp\/v2\/posts\/23175\/revisions\/23176"}],"wp:featuredmedia":[{"embeddable":true,"href":"https:\/\/www.noworudzianin.pl\/WWW\/wp-json\/wp\/v2\/media\/23115"}],"wp:attachment":[{"href":"https:\/\/www.noworudzianin.pl\/WWW\/wp-json\/wp\/v2\/media?parent=23175"}],"wp:term":[{"taxonomy":"category","embeddable":true,"href":"https:\/\/www.noworudzianin.pl\/WWW\/wp-json\/wp\/v2\/categories?post=23175"},{"taxonomy":"post_tag","embeddable":true,"href":"https:\/\/www.noworudzianin.pl\/WWW\/wp-json\/wp\/v2\/tags?post=23175"}],"curies":[{"name":"wp","href":"https:\/\/api.w.org\/{rel}","templated":true}]}}