{"id":23323,"date":"2020-10-15T14:35:03","date_gmt":"2020-10-15T12:35:03","guid":{"rendered":"http:\/\/www.noworudzianin.pl\/WWW\/?p=23323"},"modified":"2020-10-15T14:35:03","modified_gmt":"2020-10-15T12:35:03","slug":"nie-maja-jak-wrocic-ze-szkoly","status":"publish","type":"post","link":"https:\/\/www.noworudzianin.pl\/WWW\/2020\/10\/15\/nie-maja-jak-wrocic-ze-szkoly\/","title":{"rendered":"Nie maj\u0105 jak wr\u00f3ci\u0107 ze szko\u0142y"},"content":{"rendered":"<p><strong>O trudno\u015bciach w korzystaniu z komunikacji zbiorowej w szczeg\u00f3lno\u015bci z us\u0142ug przewozowych \u015bwiadczonych przez najwi\u0119kszego przewo\u017anika na naszym terenie, czyli PKS K\u0142odzko, pisali\u015bmy ju\u017c kilkukrotnie. Okazuje si\u0119, \u017ce z problemem tym w du\u017cym stopniu borykaj\u0105 si\u0119 mieszka\u0144cy wi\u0119kszo\u015bci wsi gminy Nowa Ruda<\/strong><\/p>\n<p>Sprawa ta by\u0142a omawiana podczas sesji Rady Gminy Nowa Ruda. To wtedy jeden z radnych poinformowa\u0142 o trudno\u015bciach z dojazdem do szk\u00f3\u0142 i pracy, a tak\u017ce powrotem os\u00f3b korzystaj\u0105cych z przewoz\u00f3w \u015bwiadczonych przez k\u0142odzki PKS. Problemy maj\u0105 szczeg\u00f3lnie uczniowie szk\u00f3\u0142 \u015brednich, kt\u00f3rych organem prowadz\u0105cym jest Starostwo Powiatowe w K\u0142odzku, b\u0119d\u0105ce r\u00f3wnie\u017c w\u0142a\u015bcicielem PKS K\u0142odzko. Podczas sesji dowiedzieli\u015bmy si\u0119, \u017ce pomimo stara\u0144, a nawet pisma skierowanego na pocz\u0105tku wrze\u015bnia do szefostwa k\u0142odzkiego PKS w kt\u00f3rym to gmina proponuje uruchomienie dodatkowych po\u0142\u0105cze\u0144 \u2013 kt\u00f3re gmina Nowa Ruda jest w stanie wsp\u00f3\u0142finansowa\u0107 \u2013 niestety, do czasu wrze\u015bniowej sesji, ze strony przedsi\u0119biorstwa przewozowego nie by\u0142o \u017cadnego odzewu. O zaistnia\u0142\u0105 sytuacj\u0119 zapytali\u015bmy starost\u0119 k\u0142odzkiego Macieja Awi\u017cenia.<br \/>\n\u2013 Do gminy Nowa Ruda i do przewodnicz\u0105cego Komisji Rewizyjnej Rady Gminy Nowa Ruda skierowane zosta\u0142o prze PKS pismo z konkretnymi wyliczeniami jakie gmina musia\u0142aby do\u0142o\u017cy\u0107, je\u017celi chce uruchomi\u0107 dodatkowe przewozy i teraz gmina Nowa Ruda b\u0119dzie musia\u0142a podj\u0105\u0107 decyzj\u0119, czy przystanie na nasze warunki \u2013 odpowiada. \u2013 Dodam tylko, \u017ce nowy nab\u00f3r z Funduszu Rozwoju Przewoz\u00f3w Autobusowych, z kt\u00f3rego otrzymujemy dop\u0142at\u0119 w wysoko\u015bci 3 z\u0142 za kilometr b\u0119dzie dopiero w styczniu 2021 r, wi\u0119c do tej pory musimy sobie jako\u015b sami radzi\u0107, a p\u00f3\u017aniej si\u0119gn\u0105\u0107 po pieni\u0105dze z bud\u017cetu pa\u0144stwa \u2013 dodaje.<br \/>\nO zaistnia\u0142\u0105 sytuacj\u0119 zapytali\u015bmy te\u017c S\u0142awomira Karwowskiego, radnego Rady Powiatu K\u0142odzkiego.<br \/>\n\u2013 Obowi\u0105zkowy jest dow\u00f3z uczni\u00f3w szk\u00f3\u0142 podstawowych, je\u017celi za\u015b chodzi o mieszka\u0144c\u00f3w gminy Nowa Ruda, to organizacja komunikacji le\u017cy po stronie gminy. Zadaniem powiatu jest zorganizowanie po\u0142\u0105cze\u0144 mi\u0119dzy tzw. stolic\u0105 gminy, a stolic\u0105 powiatu \u2013 t\u0142umaczy S\u0142awomir Karwowski. \u2013 Podejmowa\u0142em r\u00f3\u017cne dzia\u0142ania, jednak nale\u017cy pami\u0119ta\u0107, \u017ce jestem tylko radnym. Broni\u0119 interes\u00f3w mieszka\u0144c\u00f3w, szczeg\u00f3lnie gminy Nowa Ruda, ale te\u017c gminy Radk\u00f3w, poniewa\u017c obw\u00f3d jest wsp\u00f3lny. W czasie epidemii ograniczone zosta\u0142y r\u00f3\u017cnego rodzaju przejazdy zwi\u0105zane z samoograniczeniem mieszka\u0144c\u00f3w, do kt\u00f3rego dosz\u0142o. Dodatkowo szko\u0142y podstawowe przesz\u0142y w tryb pracy zdalnej i w tym momencie nie by\u0142o kogo wozi\u0107, a przecie\u017c autobusy wymagaj\u0105 utrzymania plus p\u0142ace i op\u0142aty zwi\u0105zane z pracownikami, to wszystko generowa\u0142o koszty. PKS przeszed\u0142 likwidacj\u0119 przez post\u0119powanie sanacyjne, to szczeg\u00f3lny tryb post\u0119powania, a zosta\u0142o to zrobione bez wiedzy radnych. Ju\u017c w 2019 roku zaproponowa\u0142em utworzenie organizatora przewoz\u00f3w w formie zwi\u0105zku celowego z udzia\u0142em powiatu i gmin. Ta propozycja zosta\u0142a odrzucona. Zg\u0142osi\u0142em propozycj\u0119 aby PKS przekszta\u0142ci\u0142 swoj\u0105 formu\u0142\u0119 przewoz\u00f3w z du\u017cych autobus\u00f3w na busy, kt\u00f3re s\u0105 mniej kosztoch\u0142onne, r\u00f3wnie\u017c ta propozycja zosta\u0142a odrzucona. Gdyby w 2019 r., gdy nikt nie wiedzia\u0142, \u017ce dojdzie do spowolnienia gospodarki i wy\u0142\u0105czenia cz\u0119\u015bci jej dzia\u0142alno\u015bci w zwi\u0105zku z koronawirusem, podj\u0119to te dzia\u0142ania, to dzisiaj PKS prawdopodobnie dysponowa\u0142by ma\u0142ymi pojazdami, kt\u00f3re mog\u0142yby prowadzi\u0107 transport lokalny, a wtedy koszty by\u0142yby by\u0107 mo\u017ce akceptowalne dla gmin. Za\u0142\u00f3\u017cmy, dzisiaj propozycja z\u0142o\u017cona gminie, \u017ce pojedzie du\u017cy autobus, kt\u00f3ry przewiezie trzy osoby, a za reszt\u0119 gmino zap\u0142a\u0107 jest trudna do zaakceptowania przez gmin\u0119, ale gdyby to by\u0142 np. ma\u0142y busik, to koszt przejazdu by\u0142by ni\u017cszy i wtedy mog\u0142oby si\u0119 okaza\u0107, \u017ce gminy mog\u0142yby doj\u015b\u0107 do przekonania, \u017ce tyle s\u0105 w stanie dop\u0142aci\u0107 \u2013 dodaje.<\/p>\n<p align=\"center\"><span style=\"color: #0000ff;\">Str. 7 w numerze 450 tygodnika \u201eNoworudzianin\u201d dost\u0119pnym <\/span> <a href=\"https:\/\/www.noworudzianin.pl\/WWW\/wp-content\/uploads\/2020\/10\/Noworudzianin-Nr-450a.pdf\" target=\"_blank\" rel=\"noopener noreferrer\">tutaj<\/a>.<\/p>\n<p><script language=\"JavaScript\">\n<!--\nfunction FP_swapImg() {\/\/v1.0\n var doc=document,args=arguments,elm,n; doc.$imgSwaps=new Array(); for(n=2; n<args.length;\n n+=2) { elm=FP_getObjectByID(args[n]); if(elm) { doc.$imgSwaps[doc.$imgSwaps.length]=elm;\n elm.$src=elm.src; elm.src=args[n+1]; } }\n}\nfunction FP_preloadImgs() {\/\/v1.0\n var d=document,a=arguments; if(!d.FP_imgs) d.FP_imgs=new Array();\n for(var i=0; i<a.length; i++) { d.FP_imgs[i]=new Image; d.FP_imgs[i].src=a[i]; }\n}\nfunction FP_getObjectByID(id,o) {\/\/v1.0\n var c,el,els,f,m,n; if(!o)o=document; if(o.getElementById) el=o.getElementById(id);\n else if(o.layers) c=o.layers; else if(o.all) el=o.all[id]; if(el) return el;\n if(o.id==id || o.name==id) return o; if(o.childNodes) c=o.childNodes; if(c)\n for(n=0; n<c.length; n++) { el=FP_getObjectByID(id,c[n]); if(el) return el; }\n f=o.forms; if(f) for(n=0; n<f.length; n++) { els=f[n].elements;\n for(m=0; m<els.length; m++){ el=FP_getObjectByID(id,els[n]); if(el) return el; } }\n return null;\n}\n\/\/ -->\n<\/script><\/p>\n<p align=\"center\">\n\t\t\t<a target=\"_blank\" href=\"https:\/\/www.noworudzianin.pl\/WWW\/wp-content\/uploads\/2020\/10\/Noworudzianin-Nr-450a.pdf\" rel=\"noopener noreferrer\"><br \/>\n\t\t\t<img loading=\"lazy\" decoding=\"async\" border=\"1\" src=\"http:\/\/www.noworudzianin.pl\/WWW\/images\/450_b_small.jpg\" width=\"221\" height=\"300\"><\/a><br \/>\n\t\t\t<font face=\"Verdana\">Numer 450<br \/>\n\t\t\t<font size=\"2\">16-22 pa\u017adziernika 2020 r. <\/font><\/font><br \/><center><br \/>\n<body onload=\"FP_preloadImgs(\/*url*\/'https:\/\/www.noworudzianin.pl\/WWW\/images\/button3.gif', \/*url*\/'https:\/\/www.noworudzianin.pl\/WWW\/images\/button4.gif')\"><\/p>\n<p><a target=\"_blank\" href=\"https:\/\/www.noworudzianin.pl\/WWW\/wp-content\/uploads\/2020\/10\/Noworudzianin-Nr-450a.pdf\" rel=\"noopener noreferrer\"><br \/>\n<img loading=\"lazy\" decoding=\"async\" border=\"0\" id=\"img1\" src=\"https:\/\/www.noworudzianin.pl\/WWW\/images\/button2a.gif\" height=\"50\" width=\"250\" alt=\"POBIERZ ZA DARMO TUTAJ\" fp-style=\"fp-btn: Metal Capsule 2; fp-font-size: 14; fp-transparent: 1\" fp-title=\"POBIERZ ZA DARMO TUTAJ\" onmouseover=\"FP_swapImg(1,0,\/*id*\/'img1',\/*url*\/'https:\/\/www.noworudzianin.pl\/WWW\/images\/button3a.gif')\" onmouseout=\"FP_swapImg(0,0,\/*id*\/'img1',\/*url*\/'https:\/\/www.noworudzianin.pl\/WWW\/images\/button2a.gif')\" onmousedown=\"FP_swapImg(1,0,\/*id*\/'img1',\/*url*\/'https:\/\/www.noworudzianin.pl\/WWW\/images\/button4a.gif')\" onmouseup=\"FP_swapImg(0,0,\/*id*\/'img1',\/*url*\/'https:\/\/www.noworudzianin.pl\/WWW\/images\/button3a.gif')\"><\/a><\/p>\n<p><\/center><\/p>\n","protected":false},"excerpt":{"rendered":"<p>O trudno\u015bciach w korzystaniu z komunikacji zbiorowej w szczeg\u00f3lno\u015bci z us\u0142ug przewozowych \u015bwiadczonych przez najwi\u0119kszego przewo\u017anika na naszym terenie, czyli<\/p>\n","protected":false},"author":6,"featured_media":22800,"comment_status":"open","ping_status":"closed","sticky":false,"template":"","format":"standard","meta":{"om_disable_all_campaigns":false,"_monsterinsights_skip_tracking":false,"_monsterinsights_sitenote_active":false,"_monsterinsights_sitenote_note":"","_monsterinsights_sitenote_category":0,"_uf_show_specific_survey":0,"_uf_disable_surveys":false,"footnotes":""},"categories":[2,29,9,6,128,1858],"tags":[6098,6104,20,5,6097],"aioseo_notices":[],"amp_enabled":true,"_links":{"self":[{"href":"https:\/\/www.noworudzianin.pl\/WWW\/wp-json\/wp\/v2\/posts\/23323"}],"collection":[{"href":"https:\/\/www.noworudzianin.pl\/WWW\/wp-json\/wp\/v2\/posts"}],"about":[{"href":"https:\/\/www.noworudzianin.pl\/WWW\/wp-json\/wp\/v2\/types\/post"}],"author":[{"embeddable":true,"href":"https:\/\/www.noworudzianin.pl\/WWW\/wp-json\/wp\/v2\/users\/6"}],"replies":[{"embeddable":true,"href":"https:\/\/www.noworudzianin.pl\/WWW\/wp-json\/wp\/v2\/comments?post=23323"}],"version-history":[{"count":1,"href":"https:\/\/www.noworudzianin.pl\/WWW\/wp-json\/wp\/v2\/posts\/23323\/revisions"}],"predecessor-version":[{"id":23324,"href":"https:\/\/www.noworudzianin.pl\/WWW\/wp-json\/wp\/v2\/posts\/23323\/revisions\/23324"}],"wp:featuredmedia":[{"embeddable":true,"href":"https:\/\/www.noworudzianin.pl\/WWW\/wp-json\/wp\/v2\/media\/22800"}],"wp:attachment":[{"href":"https:\/\/www.noworudzianin.pl\/WWW\/wp-json\/wp\/v2\/media?parent=23323"}],"wp:term":[{"taxonomy":"category","embeddable":true,"href":"https:\/\/www.noworudzianin.pl\/WWW\/wp-json\/wp\/v2\/categories?post=23323"},{"taxonomy":"post_tag","embeddable":true,"href":"https:\/\/www.noworudzianin.pl\/WWW\/wp-json\/wp\/v2\/tags?post=23323"}],"curies":[{"name":"wp","href":"https:\/\/api.w.org\/{rel}","templated":true}]}}