{"id":23388,"date":"2020-10-23T14:10:32","date_gmt":"2020-10-23T12:10:32","guid":{"rendered":"http:\/\/www.noworudzianin.pl\/WWW\/?p=23388"},"modified":"2020-10-23T14:10:32","modified_gmt":"2020-10-23T12:10:32","slug":"radkow-w-zit-aglomeracji-walbrzyskiej","status":"publish","type":"post","link":"https:\/\/www.noworudzianin.pl\/WWW\/2020\/10\/23\/radkow-w-zit-aglomeracji-walbrzyskiej\/","title":{"rendered":"Radk\u00f3w w ZIT Aglomeracji Wa\u0142brzyskiej"},"content":{"rendered":"<p><strong>Zintegrowane Inwestycje Terytorialne Aglomeracji Wa\u0142brzyskiej powi\u0119kszy\u0142y si\u0119 o gmin\u0119 Radk\u00f3w i gminy powiatu jaworskiego. W poniedzia\u0142ek 19 pa\u017adziernika, podczas spotkania na terenie Starej Kopalni CNiS w Wa\u0142brzychu, poruszono kwesti\u0119 tworzenia dokumentu strategicznego tzw. Planu dzia\u0142a\u0144 ZIT Aglomeracji Wa\u0142brzyskiej na lata 2021-2027<\/strong><\/p>\n<p>Aglomeracja Wa\u0142brzyska powi\u0119ksza si\u0119 o gmin\u0119 Radk\u00f3w i miejscowo\u015bci powiatu jaworskiego.<br \/>\n\u2013 Mi\u0142o mi poinformowa\u0107, \u017ce do ZIT AW do\u0142\u0105czy\u0142y gminy powiatu jaworskiego (Jawor, M\u015bciwoj\u00f3w, W\u0105dro\u017ce Wielkie, Paszowice, M\u0119cinka) oraz gmina Radk\u00f3w. Aglomeracja Wa\u0142brzyska to teraz 2 316 km2 powierzchni, czyli 11,6% obszaru Dolnego \u015al\u0105ska i 448 328 mieszka\u0144c\u00f3w. Wsp\u00f3lnie jeszcze skuteczniej postaramy si\u0119 o fundusze dla naszego regionu \u2013 czytamy w portalu spo\u0142eczno\u015bciowym lidera AW Romana Sze\u0142emeja.<br \/>\nPrezydenci, burmistrzowie i w\u00f3jtowie gmin wchodz\u0105cych w sk\u0142ad Aglomeracji Wa\u0142brzyskiej spotkali si\u0119 w 19 pa\u017adziernika w CNiS Stara Kopalnia w Wa\u0142brzychu, aby przywita\u0107 w swoim gronie nowych cz\u0142onk\u00f3w i om\u00f3wi\u0107 plan dzia\u0142a\u0144 Zintegrowanych IT Aglomeracji Wa\u0142brzyskiej na lata 2021-2027.<br \/>\nAglomeracja Wa\u0142brzyska powsta\u0142a w kwietniu 2012 r., z inicjatywy gminy Wa\u0142brzych. Pierwotnie tworzy\u0142o j\u0105 16 gmin: Wa\u0142brzych, Bogusz\u00f3w-Gorce, Czarny B\u00f3r, G\u0142uszyca, Jedlina-Zdr\u00f3j, Mierosz\u00f3w, Stare Bogaczowice, Szczawno-Zdr\u00f3j, Walim, Nowa Ruda \u2013 miasto, Nowa Ruda\u2013 gmina wiejska, Radk\u00f3w, Kamienna G\u00f3ra \u2013 miasto, Kamienna G\u00f3ra \u2013 gmina wiejska, Lubawka a tak\u017ce \u015awiebodzice. Pod koniec 2013 r. do Aglomeracji Wa\u0142brzyskiej do\u0142\u0105czy\u0142o siedem gmin z powiatu \u015bwidnickiego: \u015awidnica \u2013 miasto, \u015awidnica \u2013 gmina wiejska, Dobromierz, Jaworzyna \u015al\u0105ska, Marcinowice, Strzegom i \u017bar\u00f3w.<br \/>\nW po\u0142owie 2014 r. Aglomeracj\u0119 Wa\u0142brzysk\u0105 opu\u015bci\u0142a gmina Radk\u00f3w, jak si\u0119 wtedy m\u00f3wi\u0142o, sta\u0142o si\u0119 to po przy\u0142\u0105czeniu do aglomeracji gmin powiatu \u015bwidnickiego i rozpocz\u0119tych sporo inwestycji spoza tego obszaru.<br \/>\n\u2013 Do powrotu do Aglomeracji Wa\u0142brzyskiej sk\u0142oni\u0142y nas tradycyjne zwi\u0105zki z obszarem noworudzkim, tradycje g\u00f3rnicze, powi\u0105zane szkolnictwo. Zreszt\u0105 mamy przecie\u017c Partnerstwo Noworudzko-Radkowskie, mamy wsp\u00f3ln\u0105 strategi\u0119 z Now\u0105 Rud\u0105, wsp\u00f3ln\u0105 strategi\u0119 z Aglomeracja Wa\u0142brzysk\u0105, to wszystko wp\u0142yn\u0119\u0142o na to, i\u017c poprosili\u015bmy o w\u0142\u0105czenie nas do prac nad ZIT AW \u2013 t\u0142umaczy Jan Bednarczyk, burmistrz Radkowa.<br \/>\nZapytali\u015bmy burmistrza, czy przyst\u0119puj\u0105c do ZIT Aglomeracji Wa\u0142brzyskiej gmina Radk\u00f3w liczy na korzy\u015bci finansowe?<br \/>\n\u2013 Korzy\u015bci finansowych nie b\u0119dzie z tego mia\u0142 nikt, bo tam b\u0119dzie podzia\u0142 proporcjonalny. Szczerze m\u00f3wi\u0105c w minionym okresie OSI pozyska\u0142em dla gminy wi\u0119cej \u015brodk\u00f3w, ni\u017c gdybym by\u0142 np. w jakim\u015b zwi\u0105zku mi\u0119dzygminnym \u2013 odpowiada Jan Bednarczyk.<br \/>\nJedna z najwi\u0119kszych<br \/>\nDo chwili przyst\u0105pienia do Aglomeracji Wa\u0142brzyskiej 6 nowych gmin, aglomeracj\u0119 tworzy\u0142y 22 gminy: Kamienna G\u00f3ra \u2013 miasto, Kamienna G\u00f3ra \u2013 gmina wiejska, Lubawka, Nowa Ruda \u2013 miasto, Nowa Ruda \u2013 gmina wiejska, \u015awiebodzice, Bogusz\u00f3w-Gorce, Szczawno-Zdr\u00f3j, Czarny B\u00f3r, G\u0142uszyca, Mierosz\u00f3w, Walim, Wa\u0142brzych, Jedlina-Zdr\u00f3j, Stare Bogaczowice, \u015awidnica \u2013 miasto, Jaworzyna \u015al\u0105ska, Strzegom, \u017bar\u00f3w, Dobromierz, Marcinowice i \u015awidnica \u2013 gmina wiejska, zlokalizowane w po\u0142udniowej cz\u0119\u015bci wojew\u00f3dztwa dolno\u015bl\u0105skiego, kt\u00f3re nale\u017c\u0105 do czterech powiat\u00f3w (wa\u0142brzyskiego, kamiennog\u00f3rskiego, \u015bwidnickiego oraz k\u0142odzkiego). Pod wzgl\u0119dem powierzchni (1748 km2) Aglomeracja Wa\u0142brzyska stanowi\u0142a ponad 9% obszaru wojew\u00f3dztwa dolno\u015bl\u0105skiego, w du\u017cej mierze zurbanizowanego, a ludno\u015b\u0107 aglomeracji wynosi\u0142a 412 379 os\u00f3b.<br \/>\nLiderem AW jest gmina Wa\u0142brzych.<br \/>\nIde\u0105 przedsi\u0119wzi\u0119cia jest wsp\u00f3lne rozwi\u0105zywanie problem\u00f3w oraz poszukiwanie zintegrowanych metod i narz\u0119dzi rozwoju. Podstawowym celem dzia\u0142ania jest takie przeobra\u017cenie regionu, by sta\u0142 si\u0119 lepszym miejscem do pracy i \u017cycia dla jego mieszka\u0144c\u00f3w, zar\u00f3wno tych obecnych, jak i nowych.<br \/>\nGminy Aglomeracji Wa\u0142brzyskiej wsp\u00f3\u0142pracuj\u0105 na wielu p\u0142aszczyznach, szczeg\u00f3lnie w dziedzinie: komunikacji i transportu, \u015brodowiska, turystyki, edukacji, polityki spo\u0142ecznej oraz infrastruktury.<br \/>\nPodstaw\u0105 utworzenia aglomeracji by\u0142o przyj\u0119cie przez poszczeg\u00f3lne rady gmin w formie uchwa\u0142y \u201eDeklaracji Aglomeracji Wa\u0142brzyskiej\u201d, wyznaczaj\u0105cej dzia\u0142ania zmierzaj\u0105ce do nadania stosownej rangi niniejszemu obszarowi oraz aktywizacji spo\u0142eczno-gospodarczej aglomeracji. W deklaracji okre\u015blono trzy najwa\u017cniejsze priorytety, tj.:<br \/>\n\u2022 Aglomeracja Wa\u0142brzyska dost\u0119pna dla wszystkich<br \/>\n\u2022 Aglomeracja Wa\u0142brzyska lepszym miejscem do pracy<br \/>\n\u2022 Aglomeracja Wa\u0142brzyska lepszym miejscem do \u017cycia.<br \/>\nW ubieg\u0142y poniedzia\u0142ek pod tymi priorytetami podpisali si\u0119 kolejni samorz\u0105dowcy.<\/p>\n<p><strong>Obszar ZIT Aglomeracji Wa\u0142brzyskiej powi\u0119kszy si\u0119 w nowej perspektywie unijnej<\/strong><br \/>\nZIT Aglomeracji Wa\u0142brzyskiej powi\u0119kszy sw\u00f3j dotychczasowy obszar i rozszerzy swoj\u0105 dzia\u0142alno\u015b\u0107 o dodatkowe samorz\u0105dy, kt\u00f3re wyrazi\u0142y ch\u0119\u0107 i wol\u0119 wsp\u00f3\u0142pracy. B\u0119dzie to gmina Radk\u00f3w oraz gminy powiatu jaworskiego: M\u0119cinka, Jawor, Paszowice, M\u015bciwoj\u00f3w i W\u0105dro\u017ce Wielkie.<br \/>\n\u2013 Spos\u00f3b nowego zorganizowania ZIT-\u00f3w i tzw. Innego Instrumentu Terytorialnego w perspektywie 2021-2027, to efekt wsp\u00f3\u0142pracy i dialogu mi\u0119dzy samorz\u0105dem wojew\u00f3dztwa i samorz\u0105dami lokalnymi. Do ko\u0144ca pa\u017adziernika przedstawiciele poszczeg\u00f3lnych obszar\u00f3w maj\u0105 przekaza\u0107 Zarz\u0105dowi Wojew\u00f3dztwa zarysy swoich strategii i plan\u00f3w dzia\u0142a\u0144, wraz z list\u0105 projekt\u00f3w planowanych do realizacji. Zach\u0119cam do kontaktu i dialogu o formie naszej \u00adprzysz\u0142ej wsp\u00f3\u0142pracy \u2013 m\u00f3wi Grzegorz Macko, wicemarsza\u0142ek wojew\u00f3dztwa dolno\u015bl\u0105\u00adskiego.<br \/>\nW perspektywie finansowej 2021-2027 wojew\u00f3dztwo dolno\u015bl\u0105skie zosta\u0142o zaklasyfikowane jako \u201eregion w okresie przej\u015bciowym\u201d. Oznacza to, \u017ce b\u0119dziemy dysponowa\u0107 mniejszym wsparciem unijnym. Dodatkowo dofinansowania b\u0119d\u0105 na ni\u017cszych ni\u017c do tej pory poziomach. Dlatego Zarz\u0105d Wojew\u00f3dztwa Dolno\u015bl\u0105skiego podj\u0105\u0142 decyzj\u0119, aby nie powierza\u0107 roli instytucji po\u015brednicz\u0105cej poszczeg\u00f3lnym zwi\u0105zkom ZIT. \u2013 Dzi\u0119ki temu wprowadzimy uproszczenia administracyjne, a Regionalny Program Operacyjny b\u0119dzie sprawniej zarz\u0105dzany i wdra\u017cany \u2013 dodaje wicemarsza\u0142ek.<\/p>\n<p align=\"center\"><span style=\"color: #0000ff;\">Str. 5 w numerze 451 tygodnika \u201eNoworudzianin\u201d dost\u0119pnym <\/span> <a href=\"https:\/\/www.noworudzianin.pl\/WWW\/wp-content\/uploads\/2020\/10\/Noworudzianin-Nr-451a.pdf\" target=\"_blank\" rel=\"noopener noreferrer\">tutaj<\/a>.<\/p>\n<p><script language=\"JavaScript\">\n<!--\nfunction FP_swapImg() {\/\/v1.0\n var doc=document,args=arguments,elm,n; doc.$imgSwaps=new Array(); for(n=2; n<args.length;\n n+=2) { elm=FP_getObjectByID(args[n]); if(elm) { doc.$imgSwaps[doc.$imgSwaps.length]=elm;\n elm.$src=elm.src; elm.src=args[n+1]; } }\n}\nfunction FP_preloadImgs() {\/\/v1.0\n var d=document,a=arguments; if(!d.FP_imgs) d.FP_imgs=new Array();\n for(var i=0; i<a.length; i++) { d.FP_imgs[i]=new Image; d.FP_imgs[i].src=a[i]; }\n}\nfunction FP_getObjectByID(id,o) {\/\/v1.0\n var c,el,els,f,m,n; if(!o)o=document; if(o.getElementById) el=o.getElementById(id);\n else if(o.layers) c=o.layers; else if(o.all) el=o.all[id]; if(el) return el;\n if(o.id==id || o.name==id) return o; if(o.childNodes) c=o.childNodes; if(c)\n for(n=0; n<c.length; n++) { el=FP_getObjectByID(id,c[n]); if(el) return el; }\n f=o.forms; if(f) for(n=0; n<f.length; n++) { els=f[n].elements;\n for(m=0; m<els.length; m++){ el=FP_getObjectByID(id,els[n]); if(el) return el; } }\n return null;\n}\n\/\/ -->\n<\/script><\/p>\n<p align=\"center\">\n\t\t\t<a target=\"_blank\" href=\"https:\/\/www.noworudzianin.pl\/WWW\/wp-content\/uploads\/2020\/10\/Noworudzianin-Nr-451a.pdf\" rel=\"noopener noreferrer\"><br \/>\n\t\t\t<img loading=\"lazy\" decoding=\"async\" border=\"1\" src=\"http:\/\/www.noworudzianin.pl\/WWW\/images\/451_b_small.jpg\" width=\"221\" height=\"300\"><\/a><br \/>\n\t\t\t<font face=\"Verdana\">Numer 451<br \/>\n\t\t\t<font size=\"2\">23-29 pa\u017adziernika 2020 r. <\/font><\/font><br \/><center><br \/>\n<body onload=\"FP_preloadImgs(\/*url*\/'https:\/\/www.noworudzianin.pl\/WWW\/images\/button3.gif', \/*url*\/'https:\/\/www.noworudzianin.pl\/WWW\/images\/button4.gif')\"><\/p>\n<p><a target=\"_blank\" href=\"https:\/\/www.noworudzianin.pl\/WWW\/wp-content\/uploads\/2020\/10\/Noworudzianin-Nr-451a.pdf\" rel=\"noopener noreferrer\"><br \/>\n<img loading=\"lazy\" decoding=\"async\" border=\"0\" id=\"img1\" src=\"https:\/\/www.noworudzianin.pl\/WWW\/images\/button2a.gif\" height=\"50\" width=\"250\" alt=\"POBIERZ ZA DARMO TUTAJ\" fp-style=\"fp-btn: Metal Capsule 2; fp-font-size: 14; fp-transparent: 1\" fp-title=\"POBIERZ ZA DARMO TUTAJ\" onmouseover=\"FP_swapImg(1,0,\/*id*\/'img1',\/*url*\/'https:\/\/www.noworudzianin.pl\/WWW\/images\/button3a.gif')\" onmouseout=\"FP_swapImg(0,0,\/*id*\/'img1',\/*url*\/'https:\/\/www.noworudzianin.pl\/WWW\/images\/button2a.gif')\" onmousedown=\"FP_swapImg(1,0,\/*id*\/'img1',\/*url*\/'https:\/\/www.noworudzianin.pl\/WWW\/images\/button4a.gif')\" onmouseup=\"FP_swapImg(0,0,\/*id*\/'img1',\/*url*\/'https:\/\/www.noworudzianin.pl\/WWW\/images\/button3a.gif')\"><\/a><\/p>\n<p><\/center><\/p>\n","protected":false},"excerpt":{"rendered":"<p>Zintegrowane Inwestycje Terytorialne Aglomeracji Wa\u0142brzyskiej powi\u0119kszy\u0142y si\u0119 o gmin\u0119 Radk\u00f3w i gminy powiatu jaworskiego. W poniedzia\u0142ek 19 pa\u017adziernika, podczas spotkania<\/p>\n","protected":false},"author":6,"featured_media":23389,"comment_status":"open","ping_status":"closed","sticky":false,"template":"","format":"standard","meta":{"om_disable_all_campaigns":false,"_monsterinsights_skip_tracking":false,"_monsterinsights_sitenote_active":false,"_monsterinsights_sitenote_note":"","_monsterinsights_sitenote_category":0,"_uf_show_specific_survey":0,"_uf_disable_surveys":false,"footnotes":""},"categories":[2,9,4493],"tags":[6137,20,5,6136,54,6140],"aioseo_notices":[],"amp_enabled":true,"_links":{"self":[{"href":"https:\/\/www.noworudzianin.pl\/WWW\/wp-json\/wp\/v2\/posts\/23388"}],"collection":[{"href":"https:\/\/www.noworudzianin.pl\/WWW\/wp-json\/wp\/v2\/posts"}],"about":[{"href":"https:\/\/www.noworudzianin.pl\/WWW\/wp-json\/wp\/v2\/types\/post"}],"author":[{"embeddable":true,"href":"https:\/\/www.noworudzianin.pl\/WWW\/wp-json\/wp\/v2\/users\/6"}],"replies":[{"embeddable":true,"href":"https:\/\/www.noworudzianin.pl\/WWW\/wp-json\/wp\/v2\/comments?post=23388"}],"version-history":[{"count":1,"href":"https:\/\/www.noworudzianin.pl\/WWW\/wp-json\/wp\/v2\/posts\/23388\/revisions"}],"predecessor-version":[{"id":23390,"href":"https:\/\/www.noworudzianin.pl\/WWW\/wp-json\/wp\/v2\/posts\/23388\/revisions\/23390"}],"wp:featuredmedia":[{"embeddable":true,"href":"https:\/\/www.noworudzianin.pl\/WWW\/wp-json\/wp\/v2\/media\/23389"}],"wp:attachment":[{"href":"https:\/\/www.noworudzianin.pl\/WWW\/wp-json\/wp\/v2\/media?parent=23388"}],"wp:term":[{"taxonomy":"category","embeddable":true,"href":"https:\/\/www.noworudzianin.pl\/WWW\/wp-json\/wp\/v2\/categories?post=23388"},{"taxonomy":"post_tag","embeddable":true,"href":"https:\/\/www.noworudzianin.pl\/WWW\/wp-json\/wp\/v2\/tags?post=23388"}],"curies":[{"name":"wp","href":"https:\/\/api.w.org\/{rel}","templated":true}]}}