{"id":23409,"date":"2020-10-23T15:00:53","date_gmt":"2020-10-23T13:00:53","guid":{"rendered":"http:\/\/www.noworudzianin.pl\/WWW\/?p=23409"},"modified":"2020-10-23T15:00:53","modified_gmt":"2020-10-23T13:00:53","slug":"cala-polska-w-czerwonej-strefie","status":"publish","type":"post","link":"https:\/\/www.noworudzianin.pl\/WWW\/2020\/10\/23\/cala-polska-w-czerwonej-strefie\/","title":{"rendered":"Ca\u0142a Polska w czerwonej strefie"},"content":{"rendered":"<p><strong>Od soboty 24 pa\u017adziernika, ca\u0142a Polska znajdzie si\u0119 w czerwonej strefie. Wszystkie obostrzenia obowi\u0105zuj\u0105 na terytorium ca\u0142ej Polski<\/strong><\/p>\n<p>Premier Matusz Morawiecki podczas konferencji prasowej w pi\u0105tek 23 pa\u017adziernika powiedzia\u0142:<br \/>\n\u2013 Sytuacja jest niedobra, dynamiczna, jest kolejny przyrost os\u00f3b zaka\u017conych. Nasze dzia\u0142ania musz\u0105 by\u0107 zdecydowane, musimy zahamowa\u0107 przyrost zaka\u017ce\u0144 tak, by efekt by\u0142 za 10-14 dni.<br \/>\nNowe obostrzenia wprowadzane s\u0105 na razie na dwa tygodnie.<br \/>\n\u2013 O ile nie nast\u0105pi wyp\u0142aszczenie i zahamowanie tempa przyrostu zaka\u017ce\u0144, mo\u017cliwe, \u017ce b\u0119dziemy musieli wprowadza\u0107 kolejne drastyczne kroki, takie jak zamykanie granic, ograniczanie przemieszczania czy g\u0142\u0119bszy lockdown \u2013 doda\u0142 premier.<br \/>\nObowi\u0105zuje noszenie maseczki lub szalika zakrywaj\u0105cego usta i nos w przestrzeni publicznej:<br \/>\n\u2013 w \u015brodkach publicznego transportu zbiorowego,<br \/>\n\u2013 w miejscach og\u00f3lnodost\u0119pnych,<br \/>\n\u2013 w zak\u0142adach pracy oraz w budynkach u\u017cyteczno\u015bci publicznej,<br \/>\n\u2013 w obiektach handlowych lub us\u0142ugowych,<br \/>\n\u2013 w trakcie sprawowania kultu religijnego, w tym czynno\u015bci lub obrz\u0119d\u00f3w religijnych, w budynku u\u017cyteczno\u015bci publicznej, przeznaczonym na potrzeby kultu religijnego oraz na cmentarzu.<br \/>\nWyj\u0105tkiem s\u0105 osoby maj\u0105ce przy sobie za\u015bwiadczenie lekarskie, kt\u00f3re zezwala na nienoszenie maski.<br \/>\nWed\u0142ug procedowanej obecnie przez parlament ustawy za brak maseczki mo\u017cemy zap\u0142aci\u0107 nawet do 1000 z\u0142. mandatu.<\/p>\n<p><strong>Edukacja<\/strong><br \/>\n\u2013 klasy IV-VIII \u2013 zdalny tryb nauki<br \/>\n\u2013 szko\u0142y wy\u017csze i ponadpodstawowe \u2013 nauczanie zdalne<br \/>\n\u2013 w godzinach 8.00-16.00 przemieszczanie si\u0119 os\u00f3b do 16 r.\u017c. jest mo\u017cliwe tylko pod opiek\u0105 doros\u0142ego<\/p>\n<p><strong>Gastronomia<\/strong><br \/>\n\u2013 lokale zamkni\u0119te na dwa tygodnie<br \/>\n\u2013 ograniczenie dzia\u0142alno\u015bci gastronomicznej, pub\u00f3w, restauracji, kawiarni \u2013 mog\u0105 organizowa\u0107 jedynie zam\u00f3wienia na wynos i dow\u00f3z<br \/>\n\u2013 obostrzenie jest zaplanowane na 2 tygodnie, z mo\u017cliwo\u015bci\u0105 przed\u0142u\u017cenia<\/p>\n<p><strong>Zakaz wszelkiego rodzaju aktywno\u015bci powy\u017cej 5 os\u00f3b w jednej grupie<\/strong> \u2013 zebrania si\u0119, spotkania, aktywno\u015bci. Wyj\u0105tki: zawodowe, np. pracownicy np. bran\u017cy budowlanej. Nie dotyczy to rodzin.<\/p>\n<p><strong>Seniorzy<\/strong><br \/>\n\u2013 pro\u015bba o niewychodzenie z domu i nieprzemieszczanie si\u0119<br \/>\n\u2013 uruchomienie Solidarno\u015bciowego Korpus Wsparcia Senior\u00f3w<br \/>\n\u2013 og\u00f3lnopolska infolinia wsparcia \u2013 tel. 22 505 11 11<br \/>\n\u2013 sanatoria: zamkni\u0119te<\/p>\n<p><strong>Imprezy okoliczno\u015bciowe, zgromadzenia<\/strong><br \/>\n\u2013 zakaz organizacji imprez okoliczno\u015bciowych<\/p>\n<p><strong>Religia<\/strong><br \/>\nW uroczysto\u015bciach religijnych mo\u017ce uczestniczy\u0107 maksymalnie 1 osoba na 7 m2 (przy zachowaniu 1,5 m odst\u0119pu)<\/p>\n<p><strong>Handel<\/strong><br \/>\nOgraniczenie liczby os\u00f3b w plac\u00f3wkach handlowych:<br \/>\n\u2013 dla sklep\u00f3w o powierzchni do 100 m2 \u2013 5 os\u00f3b na kas\u0119<br \/>\n\u2013 dla sklep\u00f3w o powierzchni powy\u017cej 100 m2 \u2013 1 osoba na 15 m2<br \/>\n\u2013 od poniedzia\u0142ku do pi\u0105tku godziny dla senior\u00f3w mi\u0119dzy 10.00 a 12.00 \u2013 obejm\u0105 osoby powy\u017cej 60 r.\u017c. Obowi\u0105zuj\u0105 w sklepach, drogeriach, aptekach i na poczcie<\/p>\n<p><strong>Transport publiczny<\/strong><br \/>\nW transporcie publicznym mo\u017ce by\u0107 zaj\u0119te maksymalnie 50% miejsc siedz\u0105cych lub 30% wszystkich miejsc.<\/p>\n<p><strong>Kultura, rozrywka i sport<\/strong><br \/>\n\u2013 w teatrach, kinach i na wydarzeniach kulturalnych mo\u017ce przebywa\u0107 maksymalnie 25% ca\u0142ej widowni \u2013 noszenie maseczek jest obowi\u0105zkowe<br \/>\n\u2013 wydarzenia sportowe odbywaj\u0105 si\u0119 bez udzia\u0142u publiczno\u015bci<br \/>\n\u2013 zawieszona zostaje dzia\u0142alno\u015b\u0107 basen\u00f3w, aquapark\u00f3w i si\u0142owni<\/p>\n<p><strong>Co wa\u017cne!<\/strong><br \/>\nNie dzia\u0142aj\u0105 kluby i dyskoteki oraz miejsca udost\u0119pnione do ta\u0144czenia, a tak\u017ce parki rozrywki, rekreacyjne oraz weso\u0142e miasteczka.<br \/>\nSalony fryzjerskie, kosmetyczne i tatua\u017cu dzia\u0142aj\u0105 w re\u017cimie sanitarnym.<br \/>\nNie dzia\u0142aj\u0105 sauny, solaria, salony masa\u017cu.<\/p>\n","protected":false},"excerpt":{"rendered":"<p>Od soboty 24 pa\u017adziernika, ca\u0142a Polska znajdzie si\u0119 w czerwonej strefie. Wszystkie obostrzenia obowi\u0105zuj\u0105 na terytorium ca\u0142ej Polski Premier Matusz<\/p>\n","protected":false},"author":6,"featured_media":23410,"comment_status":"open","ping_status":"closed","sticky":false,"template":"","format":"standard","meta":{"om_disable_all_campaigns":false,"_monsterinsights_skip_tracking":false,"_monsterinsights_sitenote_active":false,"_monsterinsights_sitenote_note":"","_monsterinsights_sitenote_category":0,"_uf_show_specific_survey":0,"_uf_disable_surveys":false,"footnotes":""},"categories":[2,29,9,6,281],"tags":[6144,5943,5135,20,5,6145,6146],"aioseo_notices":[],"amp_enabled":true,"_links":{"self":[{"href":"https:\/\/www.noworudzianin.pl\/WWW\/wp-json\/wp\/v2\/posts\/23409"}],"collection":[{"href":"https:\/\/www.noworudzianin.pl\/WWW\/wp-json\/wp\/v2\/posts"}],"about":[{"href":"https:\/\/www.noworudzianin.pl\/WWW\/wp-json\/wp\/v2\/types\/post"}],"author":[{"embeddable":true,"href":"https:\/\/www.noworudzianin.pl\/WWW\/wp-json\/wp\/v2\/users\/6"}],"replies":[{"embeddable":true,"href":"https:\/\/www.noworudzianin.pl\/WWW\/wp-json\/wp\/v2\/comments?post=23409"}],"version-history":[{"count":1,"href":"https:\/\/www.noworudzianin.pl\/WWW\/wp-json\/wp\/v2\/posts\/23409\/revisions"}],"predecessor-version":[{"id":23411,"href":"https:\/\/www.noworudzianin.pl\/WWW\/wp-json\/wp\/v2\/posts\/23409\/revisions\/23411"}],"wp:featuredmedia":[{"embeddable":true,"href":"https:\/\/www.noworudzianin.pl\/WWW\/wp-json\/wp\/v2\/media\/23410"}],"wp:attachment":[{"href":"https:\/\/www.noworudzianin.pl\/WWW\/wp-json\/wp\/v2\/media?parent=23409"}],"wp:term":[{"taxonomy":"category","embeddable":true,"href":"https:\/\/www.noworudzianin.pl\/WWW\/wp-json\/wp\/v2\/categories?post=23409"},{"taxonomy":"post_tag","embeddable":true,"href":"https:\/\/www.noworudzianin.pl\/WWW\/wp-json\/wp\/v2\/tags?post=23409"}],"curies":[{"name":"wp","href":"https:\/\/api.w.org\/{rel}","templated":true}]}}