{"id":23579,"date":"2020-11-13T12:30:55","date_gmt":"2020-11-13T11:30:55","guid":{"rendered":"http:\/\/www.noworudzianin.pl\/WWW\/?p=23579"},"modified":"2020-11-13T12:30:55","modified_gmt":"2020-11-13T11:30:55","slug":"szpitalne-problemy-z-covidem","status":"publish","type":"post","link":"https:\/\/www.noworudzianin.pl\/WWW\/2020\/11\/13\/szpitalne-problemy-z-covidem\/","title":{"rendered":"Szpitalne problemy z covidem"},"content":{"rendered":"<p><strong>Prawie wszyscy \u017cyjemy dzi\u015b sytuacj\u0105 zwi\u0105zan\u0105 z epidemi\u0105 SARS-CoV-2. Niestety na naszym terenie sytuacja pod tym wzgl\u0119dem nie jest najlepsza<\/strong><\/p>\n<p>Sytuacja zwi\u0105zana z koronowirusem powoduje, \u017ce w ca\u0142ym kraju brakuje kadry medycznej i pomocniczej. Nie inaczej jest w k\u0142odzkim szpitalu i filialnym szpitalu w Nowej Rudzie. Jak ju\u017c informowali\u015bmy przed tygodniem z powodu nakazu wojewody dolno\u015bl\u0105skiego o utworzenie w szpitalu w K\u0142odzku 52-\u0142\u00f3\u017ckowego oddzia\u0142u, podj\u0119to decyzj\u0119 o czasowym przeniesieniu oddzia\u0142u wewn\u0119trznego z K\u0142odzka do Nowej Rudy. W ubieg\u0142y pi\u0105tek dowiedzieli\u015bmy si\u0119 o zawieszeniu funkcjonowania oddzia\u0142u dzieci\u0119cego w noworudzkim szpitalu. Przyczyn\u0105 tej decyzji by\u0142 brak bia\u0142ego personelu. Kr\u0105\u017c\u0105 s\u0142uchy o jego likwidacji, czemu stanowczo zaprzecza Jadwiga Radziejewska, dyrektor ZOZ w K\u0142odzku.<br \/>\n\u2013 Nie ma mowy o likwidacji oddzia\u0142u pediatrii w Nowej rudzie. Tych trzech pacjent\u00f3w zostanie przeniesionych na oddzia\u0142 w K\u0142odzku, a pracownicy zostan\u0105 wykorzystani do pracy w oddzia\u0142ach wewn\u0119trznym i covidowym, gdzie brakuje mi obsady piel\u0119gniarskiej. Mam w tej chwili 90 os\u00f3b na zwolnieniu lekarskim i brakuje mi r\u0105k do pracy \u2013 wyja\u015bnia dyrektor ZOZ K\u0142odzko. \u2013 Oddzia\u0142 zostaje zawieszony na czas, a\u017c panie piel\u0119gniarki wr\u00f3c\u0105 ze zwolnie\u0144 do pracy, albo do czasu, a\u017c pan wojewoda odwo\u0142a decyzj\u0119 o dodatkowych 40 \u0142\u00f3\u017ckach dla pacjent\u00f3w z SARS CoV-2, gdzie takich \u0142\u00f3\u017cek mamy ju\u017c 52, ale szczerze m\u00f3wi\u0105c nawet przy tej ilo\u015bci \u0142\u00f3\u017cek musz\u0119 zewsz\u0105d \u015bci\u0105ga\u0107 piel\u0119gniarki. S\u0105 ju\u017c panie z Kudowy i \u015bci\u0105gam z Nowej Rudy. To mo\u017ce by\u0107 tak, \u017ce piel\u0119gniarka z oddzia\u0142u wewn\u0119trznego, kt\u00f3ra jest ju\u017c ozdrowie\u0144cem, trafi na oddzia\u0142 covidowy, a piel\u0119gniarka z dzieci\u0119cego z Nowej Rudy, b\u0119dzie pracowa\u0142a na oddziale wewn\u0119trznym \u2013 dodaje.<br \/>\nMi\u0119dzy innymi spraw\u0105 zawieszenia dzia\u0142alno\u015bci oddzia\u0142y pediatrycznego szpitala w naszym mie\u015bcie zajmowali si\u0119 cz\u0142onkowie Komisji Zdrowia i Ekologii oraz Komisji Porz\u0105dku Publicznego i Komunikacji Rady Miejskiej w Nowej Rudzie. Podczas po\u0142\u0105czonego posiedzenia on-line, kt\u00f3ra odby\u0142o si\u0119 we wtorek 10 listopada, zaproszono r\u00f3wnie\u017c burmistrza Tomasza Kili\u0144skiego.<br \/>\nCo do zawieszenia funkcjonowania oddzia\u0142u dzieci\u0119cego, burmistrz twierdzi, \u017ce zar\u00f3wno starosta k\u0142odzki jak i dyrektor k\u0142odzkiego szpitala zapewniali, \u017ce jest to sytuacja tymczasowa.<br \/>\n\u2013 \u017beby by\u0142o jasne, w szpitalu w K\u0142odzku, dzieci powy\u017cej 3 roku \u017cycia trafiaj\u0105 na og\u00f3ln\u0105 izb\u0119 przyj\u0119\u0107, a nie tak jak jest u nas, \u017ce wszystkie dzieci trafiaj\u0105 na Oddzia\u0142 Pediatryczny. Tak to niestety wygl\u0105da \u2013 m\u00f3wi\u0142 burmistrz.<br \/>\nTomasz Kili\u0144ski odni\u00f3s\u0142 si\u0119 r\u00f3wnie\u017c do s\u0142\u00f3w Reginy Wa\u0142\u0119sy, przewodnicz\u0105cej Komisji Zdrowia i Ekologii Rady Miejskiej w Nowej Rudzie, kt\u00f3ra stwierdzi\u0142a, \u017ce \u017ale si\u0119 dzieje, je\u017celi zar\u00f3wno burmistrz miasta jak i radni dowiaduj\u0105 si\u0119 o takich dzia\u0142aniach w noworudzkim szpitalu po fakcie.<br \/>\n\u2013 Powtarza si\u0119 sytuacja, o kt\u00f3rej ju\u017c wielokrotnie rozmawiali\u015bmy. Rozmawiaj\u0105c zar\u00f3wno ze starost\u0105 jak i pani\u0105 wicestarost\u0105 oraz dyrektorem szpitala, zwr\u00f3ci\u0142em na to uwag\u0119. Zadzwoni\u0142em do pani dyrektor Jadwigi Radziejewskiej i w trakcie rozmowy przeprosi\u0142a mnie za brak informacji. Ja o tym fakcie dowiedzia\u0142em si\u0119 w pi\u0105tek (6 listopada) po po\u0142udniu, pan Dariusz Zab\u0142ocki, ordynator Oddzia\u0142u Pediatrycznego, dowiedzia\u0142 si\u0119 o tym tego samego dnia o godz. 10.00. Sytuacja jest bardzo trudna, decyzje s\u0105 podejmowane bardzo szybko. My nie b\u0119dziemy decydowa\u0107 co b\u0119dzie w szpitalu w Nowej Rudzie, ani w K\u0142odzku. Sytuacja og\u00f3lnie jest kryzysowa i nikt z nami pewnych decyzji nie b\u0119dzie konsultowa\u0142, co potrafi\u0119 zrozumie\u0107. \u2013 t\u0142umaczy\u0142 Tomasz Kili\u0144ski.<br \/>\nKr\u0105\u017cy\u0142y plotki, \u017ce oddzia\u0142 z \u0142\u00f3zkami covidowymi mia\u0142 by by\u0107 utworzony w Nowej Rudzie, w budynku w\u0142a\u015bnie oddzia\u0142u pediatrycznego. Starosta Maciej Awize\u0144, podczas rozmowy w czwartek 12 listopada zapewnia, \u017ce nie ma takiego planu. Zwraca uwag\u0119, \u017ce oddzia\u0142 covidowy nie m\u00f3g\u0142by tu powsta\u0107, chocia\u017cby ze wzgl\u0119du na brak instalacji tlenowej, a tlen w butlach problemu by nie rozwi\u0105za\u0142.<br \/>\nZ rozmowy ze starost\u0105 wynika, \u017ce po negocjacjach prowadzonych przez dyrekcj\u0119 k\u0142odzkiego szpitala i w\u0142adz powiatu, wojewoda zgodzi\u0142 si\u0119 na zmniejszenie ilo\u015bci nowo utworzonych \u0142\u00f3\u017cek covidowych do 20, czyli w sumie by\u0142oby ich 72 i 10 tzw. obserwacyjnych. Co prawda podczas rozmowy telefonicznej Jaros\u0142aw Obremski, wojewoda dolno\u015bl\u0105ski, wyrazi\u0142 tak\u0105 zgod\u0119, jednak jak twierdzi starosta b\u0119dzie pewny tej decyzji dopiero, gdy dostanie stosowne pismo.<br \/>\nZapytali\u015bmy te\u017c starost\u0119 o brak przep\u0142ywu informacji \u2013 dotyczy to zawieszenia funkcjonowania oddzia\u0142u dzieci\u0119cego w szpitalu w Nowej Rudzie.<br \/>\n\u2013 Zanim pani dyrektor podj\u0119\u0142a decyzj\u0119 w tej sprawie prowadzi\u0142a rozmowy z lekarzami i piel\u0119gniarkami, bo oni musz\u0105 wiedzie\u0107 pierwsi, a to, \u017ce kt\u00f3ry\u015b z nich p\u00f3\u017aniej podzieli\u0142 si\u0119 t\u0105 informacj\u0105, jeszcze przed zapadni\u0119ciem ko\u0144cowej decyzji, to ju\u017c jest dla nas pewien k\u0142opot \u2013 t\u0142umaczy Maciej Awi\u017ce\u0144. \u2013 O zaistnia\u0142ej sytuacji poinformowali\u015bmy pana burmistrza w ubieg\u0142y pi\u0105tek. Ma\u0142o tego, ta decyzja nie jest jeszcze ostateczna poniewa\u017c nie wiemy, czy to rozwi\u0105zanie wystarczy w zape\u0142nieniu personelu medycznego. Chyba dla ka\u017cdego zdrowo my\u015bl\u0105cego sytuacja jest przejrzysta, zamiast likwidowa\u0107 np. oddzia\u0142 wewn\u0119trzny, neurologiczny, czy nawet psychiatryczny, kt\u00f3ry nomen omen jest zape\u0142niony w 100 procentach, lepiej zawiesi\u0107 dzia\u0142alno\u015b\u0107 oddzia\u0142u dzieci\u0119cego, gdzie by\u0142a tr\u00f3jka pacjent\u00f3w. Warto zaznaczy\u0107, \u017ce opr\u00f3cz Nowej Rudy, oddzia\u0142y dzieci\u0119ce znajduj\u0105 si\u0119 jeszcze w K\u0142odzku i Bystrzycy K\u0142odzkiej \u2013 doda\u0142 podczas rozmowy przeprowadzonej w czwartek 12 listopada starosta.<br \/>\n10 listopada w k\u0142odzkim szpitalu zaj\u0119tych by\u0142o 57 \u0142\u00f3\u017cek covidowych. \u201eKolejne \u0142\u00f3\u017cka mo\u017cna przygotowa\u0107, tylko sk\u0105d wzi\u0105\u0107 niezb\u0119dny personel do pracy?\u201d \u2013 pytaj\u0105 wojewod\u0119, starosta k\u0142odzki wraz dyrektor szpitala.<br \/>\nSzpital w K\u0142odzku dysponuje obecnie dwoma respiratorami dla pacjent\u00f3w z SARS-CoV-2 i trzema dla pozosta\u0142ych pacjent\u00f3w \u2013 te respiratory s\u0105 ca\u0142y czas wykorzystywane.<br \/>\n\u2013 Przez ubieg\u0142y weekend na dw\u00f3ch respiratorach covidowych mieli\u015bmy pi\u0119ciu pacjent\u00f3w, to oznacza, \u017ce musia\u0142am uruchomi\u0107 wszystkie rezerwowe respiratory, dzi\u0119ki czemu mog\u0142am utrzymywa\u0107 a\u017c tylu pacjent\u00f3w \u2013 m\u00f3wi Jadwiga Radziejewska.<br \/>\nZapytali\u015bmy o tlen, kt\u00f3ry potrzebny jest nie tylko dla pacjent\u00f3w pod\u0142\u0105czonych do respirator\u00f3w, ale te\u017c przy \u0142agodniejszym przebiegu COVID-19 \u2013 niekt\u00f3rzy chorzy musz\u0105 by\u0107 wspomagani.<br \/>\n\u2013 Na chwil\u0119 obecn\u0105 nie mamy problemu z tlenem. W k\u0142odzkim szpitalu posiadamy zbiorniki i mamy tlen w sieci. Nieco gorzej jest z tlenem w butlach, dlatego \u017ce w Nowej Rudzie nie ma instalacji, ale mamy rezerw\u0119 i jestem w sta\u0142ym kontakcie z koordynatorem wojew\u00f3dzkim, \u017ceby pami\u0119ta\u0142 o nas i o naszych butlach \u2013 m\u00f3wi Jadwiga Radziejewska.<br \/>\nO komentarz do zaistnia\u0142ej sytuacji poprosili\u015bmy Andrzeja Czerniatowicza, radnego Rady Miejskiej w Nowej Rudzie.<br \/>\n\u2013 Zgodnie z decyzj\u0105 wojewody, k\u0142odzki szpital ma zwi\u0119kszy\u0107 ilo\u015b\u0107 \u0142\u00f3\u017cek covidowych do 92, w Bystrzycy K\u0142odzkiej ta ilo\u015b\u0107 ma wynosi\u0107 80 \u0142\u00f3\u017cek. Specjalistyczne Centrum Medyczne w Polanicy-Zdroju ma utworzy\u0107 jedynie 40 takich \u0142\u00f3\u017cek, co wydaje si\u0119 by\u0107 stosunkowo ma\u0142\u0105 liczb\u0105 na tle wymienionych wcze\u015bniej szpitali. O likwidacji oddzia\u0142u pediatrii naszego szpitala dowiedzia\u0142em si\u0119, kiedy przeczyta\u0142em odr\u0119cznie napisane og\u0142oszenie zamieszczone na tablicy og\u0142osze\u0144 przy ul. Piast\u00f3w. Mo\u017cna powiedzie\u0107, \u017ce czas by\u0142o przywykn\u0105\u0107, albowiem ju\u017c od dawna w\u0142adze powiatu i dyrekcji ZOZ K\u0142odzko nie traktuj\u0105 nas po partnersku i nie informuj\u0105 nas \u2013 radnych, o swoich planach, stosuj\u0105c polityk\u0119 fakt\u00f3w dokonanych \u2013 twierdzi Andrzej Czerniatowicz. \u2013 Uwa\u017cam, \u017ce jest to decyzja podj\u0119ta ad hoc, kt\u00f3ra z pewno\u015bci\u0105 nie wp\u0142ynie znacz\u0105co na zwi\u0119kszenie ilo\u015bci tzw. bia\u0142ego personelu, natomiast dla naszego miasta b\u0119dzie to mia\u0142o daleko id\u0105ce konsekwencje w przysz\u0142o\u015bci. Dostrzegam w tym pewn\u0105 przera\u017caj\u0105ca logik\u0119, kt\u00f3r\u0105 mo\u017cna zawrze\u0107 w jednym zdaniu: skoro w Nowej Rudzie nie ma oddzia\u0142u wewn\u0119trznego, to zamknijmy jeszcze oddzia\u0142 dzieci\u0119cy, a wtedy ju\u017c niczego nie b\u0119dzie. O drastycznym zmniejszeniu dost\u0119pno\u015bci do pediatrii dzieci\u0119cej na terenie powiatu k\u0142odzkiego nie wspominam, bo to jest oczywiste \u2013 dodaje.<\/p>\n<p align=\"center\"><span style=\"color: #0000ff;\">Str. 7 w numerze 452 tygodnika \u201eNoworudzianin\u201d dost\u0119pnym <\/span> <a href=\"https:\/\/www.noworudzianin.pl\/WWW\/wp-content\/uploads\/2020\/11\/Noworudzianin-Nr-454a.pdf\" target=\"_blank\" rel=\"noopener noreferrer\">tutaj<\/a>.<\/p>\n<p><script language=\"JavaScript\">\n<!--\nfunction FP_swapImg() {\/\/v1.0\n var doc=document,args=arguments,elm,n; doc.$imgSwaps=new Array(); for(n=2; n<args.length;\n n+=2) { elm=FP_getObjectByID(args[n]); if(elm) { doc.$imgSwaps[doc.$imgSwaps.length]=elm;\n elm.$src=elm.src; elm.src=args[n+1]; } }\n}\nfunction FP_preloadImgs() {\/\/v1.0\n var d=document,a=arguments; if(!d.FP_imgs) d.FP_imgs=new Array();\n for(var i=0; i<a.length; i++) { d.FP_imgs[i]=new Image; d.FP_imgs[i].src=a[i]; }\n}\nfunction FP_getObjectByID(id,o) {\/\/v1.0\n var c,el,els,f,m,n; if(!o)o=document; if(o.getElementById) el=o.getElementById(id);\n else if(o.layers) c=o.layers; else if(o.all) el=o.all[id]; if(el) return el;\n if(o.id==id || o.name==id) return o; if(o.childNodes) c=o.childNodes; if(c)\n for(n=0; n<c.length; n++) { el=FP_getObjectByID(id,c[n]); if(el) return el; }\n f=o.forms; if(f) for(n=0; n<f.length; n++) { els=f[n].elements;\n for(m=0; m<els.length; m++){ el=FP_getObjectByID(id,els[n]); if(el) return el; } }\n return null;\n}\n\/\/ -->\n<\/script><\/p>\n<p align=\"center\">\n\t\t\t<a target=\"_blank\" href=\"https:\/\/www.noworudzianin.pl\/WWW\/wp-content\/uploads\/2020\/11\/Noworudzianin-Nr-454a.pdf\" rel=\"noopener noreferrer\"><br \/>\n\t\t\t<img loading=\"lazy\" decoding=\"async\" border=\"1\" src=\"http:\/\/www.noworudzianin.pl\/WWW\/images\/454_b_small.jpg\" width=\"221\" height=\"300\"><\/a><br \/>\n\t\t\t<font face=\"Verdana\">Numer 454<br \/>\n\t\t\t<font size=\"2\">6-12 listopada 2020 r. <\/font><\/font><br \/><center><br \/>\n<body onload=\"FP_preloadImgs(\/*url*\/'https:\/\/www.noworudzianin.pl\/WWW\/images\/button3.gif', \/*url*\/'https:\/\/www.noworudzianin.pl\/WWW\/images\/button4.gif')\"><\/p>\n<p><a target=\"_blank\" href=\"https:\/\/www.noworudzianin.pl\/WWW\/wp-content\/uploads\/2020\/11\/Noworudzianin-Nr-454a.pdf\" rel=\"noopener noreferrer\"><br \/>\n<img loading=\"lazy\" decoding=\"async\" border=\"0\" id=\"img1\" src=\"https:\/\/www.noworudzianin.pl\/WWW\/images\/button2a.gif\" height=\"50\" width=\"250\" alt=\"POBIERZ ZA DARMO TUTAJ\" fp-style=\"fp-btn: Metal Capsule 2; fp-font-size: 14; fp-transparent: 1\" fp-title=\"POBIERZ ZA DARMO TUTAJ\" onmouseover=\"FP_swapImg(1,0,\/*id*\/'img1',\/*url*\/'https:\/\/www.noworudzianin.pl\/WWW\/images\/button3a.gif')\" onmouseout=\"FP_swapImg(0,0,\/*id*\/'img1',\/*url*\/'https:\/\/www.noworudzianin.pl\/WWW\/images\/button2a.gif')\" onmousedown=\"FP_swapImg(1,0,\/*id*\/'img1',\/*url*\/'https:\/\/www.noworudzianin.pl\/WWW\/images\/button4a.gif')\" onmouseup=\"FP_swapImg(0,0,\/*id*\/'img1',\/*url*\/'https:\/\/www.noworudzianin.pl\/WWW\/images\/button3a.gif')\"><\/a><\/p>\n<p><\/center><\/p>\n","protected":false},"excerpt":{"rendered":"<p>Prawie wszyscy \u017cyjemy dzi\u015b sytuacj\u0105 zwi\u0105zan\u0105 z epidemi\u0105 SARS-CoV-2. Niestety na naszym terenie sytuacja pod tym wzgl\u0119dem nie jest najlepsza<\/p>\n","protected":false},"author":6,"featured_media":22763,"comment_status":"open","ping_status":"closed","sticky":false,"template":"","format":"standard","meta":{"om_disable_all_campaigns":false,"_monsterinsights_skip_tracking":false,"_monsterinsights_sitenote_active":false,"_monsterinsights_sitenote_note":"","_monsterinsights_sitenote_category":0,"_uf_show_specific_survey":0,"_uf_disable_surveys":false,"footnotes":""},"categories":[2,6,281],"tags":[6210,5579,6000,5943,3399,255,5213,5135,1017,20,5,6209,6195,878,1125,6224,3535,1126],"aioseo_notices":[],"amp_enabled":true,"_links":{"self":[{"href":"https:\/\/www.noworudzianin.pl\/WWW\/wp-json\/wp\/v2\/posts\/23579"}],"collection":[{"href":"https:\/\/www.noworudzianin.pl\/WWW\/wp-json\/wp\/v2\/posts"}],"about":[{"href":"https:\/\/www.noworudzianin.pl\/WWW\/wp-json\/wp\/v2\/types\/post"}],"author":[{"embeddable":true,"href":"https:\/\/www.noworudzianin.pl\/WWW\/wp-json\/wp\/v2\/users\/6"}],"replies":[{"embeddable":true,"href":"https:\/\/www.noworudzianin.pl\/WWW\/wp-json\/wp\/v2\/comments?post=23579"}],"version-history":[{"count":1,"href":"https:\/\/www.noworudzianin.pl\/WWW\/wp-json\/wp\/v2\/posts\/23579\/revisions"}],"predecessor-version":[{"id":23580,"href":"https:\/\/www.noworudzianin.pl\/WWW\/wp-json\/wp\/v2\/posts\/23579\/revisions\/23580"}],"wp:featuredmedia":[{"embeddable":true,"href":"https:\/\/www.noworudzianin.pl\/WWW\/wp-json\/wp\/v2\/media\/22763"}],"wp:attachment":[{"href":"https:\/\/www.noworudzianin.pl\/WWW\/wp-json\/wp\/v2\/media?parent=23579"}],"wp:term":[{"taxonomy":"category","embeddable":true,"href":"https:\/\/www.noworudzianin.pl\/WWW\/wp-json\/wp\/v2\/categories?post=23579"},{"taxonomy":"post_tag","embeddable":true,"href":"https:\/\/www.noworudzianin.pl\/WWW\/wp-json\/wp\/v2\/tags?post=23579"}],"curies":[{"name":"wp","href":"https:\/\/api.w.org\/{rel}","templated":true}]}}