{"id":23612,"date":"2020-11-20T15:05:37","date_gmt":"2020-11-20T14:05:37","guid":{"rendered":"http:\/\/www.noworudzianin.pl\/WWW\/?p=23612"},"modified":"2020-11-20T15:05:37","modified_gmt":"2020-11-20T14:05:37","slug":"kolejne-ciecia","status":"publish","type":"post","link":"https:\/\/www.noworudzianin.pl\/WWW\/2020\/11\/20\/kolejne-ciecia\/","title":{"rendered":"Kolejne ci\u0119cia"},"content":{"rendered":"<p><strong>K\u0142odzki PKS S.A. \u2013 w restrukturyzacji wprowadzi\u0142 od 17 listopada kolejne ograniczenia w funkcjonowaniu swoich linii autobusowych \u2013 w listopadzie to ju\u017c trzeci raz<\/strong><\/p>\n<p>Ju\u017c przed ci\u0119ciami oferta sp\u00f3\u0142ki by\u0142a skromna, a teraz w rozk\u0142adzie jazdy pozosta\u0142o tylko 28 kurs\u00f3w. W rozmowie z naszymi dziennikarzami 12 listopada, starosta tak t\u0142umaczy\u0142 sytuacj\u0119 PKS-u.<br \/>\n\u2013 Pierwszy lockdown prze\u017cyli\u015bmy, restrukturyzacja zadzia\u0142a\u0142a, bo ju\u017c we wrze\u015bniu, kiedy by\u0142o \u201enormalnie\u201d, PKS przynosi\u0142 niewielki, ale jednak 70.000 z\u0142 zysk. Mieli\u015bmy 66 tras i poma\u0142u to wszystko zaczyna\u0142o si\u0119 kr\u0119ci\u0107, a teraz mamy drugi lockdown \u2013 pierwszy nas prawie zabi\u0142, a drugi nas chyba zabije. M\u00f3wi\u0119 chyba, poniewa\u017c jestem po rozmowie z firm\u0105 wskazan\u0105 przez s\u0105d do restrukturyzacji i jest propozycja, \u017ceby nasz PKS utrzyma\u0107 \u2013 wyja\u015bnia Maciej Awi\u017ce\u0144, starosta k\u0142odzki. \u2013 Trzeba zda\u0107 sobie spraw\u0119 z tego, \u017ce dzieciaki do szk\u00f3\u0142 nie je\u017cd\u017c\u0105, wi\u0119c tu nie mamy \u017cadnego dochodu. Je\u017celi chodzi o przewo\u017a os\u00f3b, to tu niby lockdownu nie ma, ale mo\u017cemy wykorzystywa\u0107 w autobusach tylko do 50% miejsc, ale nawet tyle miejsc nie jest wykorzystywanych, bo wi\u0119kszo\u015b\u0107 ludzi siedzi w domach. Sprzeda\u017c bilet\u00f3w jest pojedyncza, w zwi\u0105zku z tym nie ma op\u0142acalno\u015bci przewoz\u00f3w, ale przymierzamy si\u0119 do tego, \u017ceby PKS \u201ena ja\u0142owym biegu\u201d obs\u0142ugiwa\u0142 te 50 tras, kt\u00f3re robi w tej chwili. Mamy dofinansowanie od wojewody, ale tak jak powiedzia\u0142em, poniewa\u017c sprzeda\u017c bilet\u00f3w jest prawie \u017cadna, to b\u0119dzie musia\u0142o by\u0107 zwi\u0119kszone dofinansowanie z powiatu. Taki wniosek do powiatu b\u0119dzie wp\u0142ywa\u0142 z wyliczeniem jakie \u015brodki s\u0105 potrzebne, \u017ceby utrzyma\u0107 ca\u0142y czas te przewozy. Mowa tu o kwocie mi\u0119dzy 150 a 200 tys. z\u0142 miesi\u0119cznie i tyle musia\u0142by do\u0142o\u017cy\u0107 powiat, \u017ceby nie zwalnia\u0107 kierowc\u00f3w, przecie\u017c jak ich zwolnimy, to oni najprawdopodobniej do nas ju\u017c nie wr\u00f3c\u0105, wiemy przecie\u017c \u017ce kierowca to deficytowy zaw\u00f3d. Szacujemy, \u017ce dopiero w kwietniu przysz\u0142ego roku mo\u017cliwe b\u0119dzie zmniejszenie lockdownu, kt\u00f3ry mamy w tej chwili, czy nasze przypuszczenia si\u0119 sprawdz\u0105, nikt tego nie wie, ale liczymy, \u017ce w pierwszej po\u0142owie 2021 r. pojawi si\u0119 szczepionka i zaczn\u0105 by\u0107 zmniejszane obostrzenia \u2013 dodaje.<br \/>\nZadajemy pytanie 17 listopada, jak wi\u0119c ma si\u0119 sytuacja ci\u0119cia kolejnych kurs\u00f3w przez dyrekcj\u0119 k\u0142odzkiego PKS-u do s\u0142\u00f3w Macieja Awi\u017cenia, co z po\u0142\u0105czeniami i dofinansowaniami?<br \/>\n\u2013 Zarz\u0105d Powiatu K\u0142odzkiego jeszcze decyzji nie podj\u0105\u0142, wi\u0119c w tym momencie PKS musi funkcjonowa\u0107 z w\u0142asnymi dofinansowaniami wojewody, plus 10% dofinansowania ca\u0142y czas. Natomiast my przewidujemy dofinansowania w przysz\u0142ym roku przez okres pierwszych trzech miesi\u0119cy. Je\u017celi tego nie zrobimy, to PKS K\u0142odzko od stycznia przestanie funkcjonowa\u0107. Na ten moment musz\u0105 sobie radzi\u0107 sami, bo my w bud\u017cecie tych pieni\u0119dzy nie mieli\u015bmy na ten rok, w kt\u00f3rym zreszt\u0105 z bud\u017cetu przerzucamy 2,9 mln z\u0142 na szpital, to g\u0142\u00f3wny nasz wydatek i nie b\u0119dziemy dodawa\u0107 do PKS-u, poniewa\u017c nas ju\u017c na to nie sta\u0107, ale w przysz\u0142ym roku istnieje mo\u017cliwo\u015b\u0107 dofinansowania o ile wsp\u00f3lnie z radnymi uznamy, \u017ce trzeba utrzyma\u0107 k\u0142odzki PKS \u2013 odpowiada starosta.<\/p>\n<p><img loading=\"lazy\" decoding=\"async\" src=\"http:\/\/www.noworudzianin.pl\/WWW\/wp-content\/uploads\/2020\/11\/PKS-Zmieniony-rozklad.jpg\" alt=\"\" width=\"1289\" height=\"2233\" class=\"alignnone size-full wp-image-23613\" srcset=\"https:\/\/www.noworudzianin.pl\/WWW\/wp-content\/uploads\/2020\/11\/PKS-Zmieniony-rozklad.jpg 1289w, https:\/\/www.noworudzianin.pl\/WWW\/wp-content\/uploads\/2020\/11\/PKS-Zmieniony-rozklad-173x300.jpg 173w, https:\/\/www.noworudzianin.pl\/WWW\/wp-content\/uploads\/2020\/11\/PKS-Zmieniony-rozklad-591x1024.jpg 591w, https:\/\/www.noworudzianin.pl\/WWW\/wp-content\/uploads\/2020\/11\/PKS-Zmieniony-rozklad-768x1330.jpg 768w, https:\/\/www.noworudzianin.pl\/WWW\/wp-content\/uploads\/2020\/11\/PKS-Zmieniony-rozklad-887x1536.jpg 887w, https:\/\/www.noworudzianin.pl\/WWW\/wp-content\/uploads\/2020\/11\/PKS-Zmieniony-rozklad-1182x2048.jpg 1182w\" sizes=\"(max-width: 1289px) 100vw, 1289px\" \/><\/p>\n<p align=\"center\"><span style=\"color: #0000ff;\">Str. 5 w numerze 455 tygodnika \u201eNoworudzianin\u201d dost\u0119pnym <\/span> <a href=\"https:\/\/www.noworudzianin.pl\/WWW\/wp-content\/uploads\/2020\/11\/Noworudzianin-Nr-455a.pdf\" target=\"_blank\" rel=\"noopener noreferrer\">tutaj<\/a>.<\/p>\n<p><script language=\"JavaScript\">\n<!--\nfunction FP_swapImg() {\/\/v1.0\n var doc=document,args=arguments,elm,n; doc.$imgSwaps=new Array(); for(n=2; n<args.length;\n n+=2) { elm=FP_getObjectByID(args[n]); if(elm) { doc.$imgSwaps[doc.$imgSwaps.length]=elm;\n elm.$src=elm.src; elm.src=args[n+1]; } }\n}\nfunction FP_preloadImgs() {\/\/v1.0\n var d=document,a=arguments; if(!d.FP_imgs) d.FP_imgs=new Array();\n for(var i=0; i<a.length; i++) { d.FP_imgs[i]=new Image; d.FP_imgs[i].src=a[i]; }\n}\nfunction FP_getObjectByID(id,o) {\/\/v1.0\n var c,el,els,f,m,n; if(!o)o=document; if(o.getElementById) el=o.getElementById(id);\n else if(o.layers) c=o.layers; else if(o.all) el=o.all[id]; if(el) return el;\n if(o.id==id || o.name==id) return o; if(o.childNodes) c=o.childNodes; if(c)\n for(n=0; n<c.length; n++) { el=FP_getObjectByID(id,c[n]); if(el) return el; }\n f=o.forms; if(f) for(n=0; n<f.length; n++) { els=f[n].elements;\n for(m=0; m<els.length; m++){ el=FP_getObjectByID(id,els[n]); if(el) return el; } }\n return null;\n}\n\/\/ -->\n<\/script><\/p>\n<p align=\"center\">\n\t\t\t<a target=\"_blank\" href=\"https:\/\/www.noworudzianin.pl\/WWW\/wp-content\/uploads\/2020\/11\/Noworudzianin-Nr-455a.pdf\" rel=\"noopener noreferrer\"><br \/>\n\t\t\t<img loading=\"lazy\" decoding=\"async\" border=\"1\" src=\"http:\/\/www.noworudzianin.pl\/WWW\/images\/455_b_small.jpg\" width=\"221\" height=\"300\"><\/a><br \/>\n\t\t\t<font face=\"Verdana\">Numer 455<br \/>\n\t\t\t<font size=\"2\">20-26 listopada 2020 r. <\/font><\/font><br \/><center><br \/>\n<body onload=\"FP_preloadImgs(\/*url*\/'https:\/\/www.noworudzianin.pl\/WWW\/images\/button3.gif', \/*url*\/'https:\/\/www.noworudzianin.pl\/WWW\/images\/button4.gif')\"><\/p>\n<p><a target=\"_blank\" href=\"https:\/\/www.noworudzianin.pl\/WWW\/wp-content\/uploads\/2020\/11\/Noworudzianin-Nr-455a.pdf\" rel=\"noopener noreferrer\"><br \/>\n<img loading=\"lazy\" decoding=\"async\" border=\"0\" id=\"img1\" src=\"https:\/\/www.noworudzianin.pl\/WWW\/images\/button2a.gif\" height=\"50\" width=\"250\" alt=\"POBIERZ ZA DARMO TUTAJ\" fp-style=\"fp-btn: Metal Capsule 2; fp-font-size: 14; fp-transparent: 1\" fp-title=\"POBIERZ ZA DARMO TUTAJ\" onmouseover=\"FP_swapImg(1,0,\/*id*\/'img1',\/*url*\/'https:\/\/www.noworudzianin.pl\/WWW\/images\/button3a.gif')\" onmouseout=\"FP_swapImg(0,0,\/*id*\/'img1',\/*url*\/'https:\/\/www.noworudzianin.pl\/WWW\/images\/button2a.gif')\" onmousedown=\"FP_swapImg(1,0,\/*id*\/'img1',\/*url*\/'https:\/\/www.noworudzianin.pl\/WWW\/images\/button4a.gif')\" onmouseup=\"FP_swapImg(0,0,\/*id*\/'img1',\/*url*\/'https:\/\/www.noworudzianin.pl\/WWW\/images\/button3a.gif')\"><\/a><\/p>\n<p><\/center><\/p>\n","protected":false},"excerpt":{"rendered":"<p>K\u0142odzki PKS S.A. \u2013 w restrukturyzacji wprowadzi\u0142 od 17 listopada kolejne ograniczenia w funkcjonowaniu swoich linii autobusowych \u2013 w listopadzie<\/p>\n","protected":false},"author":6,"featured_media":22800,"comment_status":"open","ping_status":"closed","sticky":false,"template":"","format":"standard","meta":{"om_disable_all_campaigns":false,"_monsterinsights_skip_tracking":false,"_monsterinsights_sitenote_active":false,"_monsterinsights_sitenote_note":"","_monsterinsights_sitenote_category":0,"_uf_show_specific_survey":0,"_uf_disable_surveys":false,"footnotes":""},"categories":[2,29,9,6,2076,1858],"tags":[6231,6244,1017,20,5,6230,5812],"aioseo_notices":[],"amp_enabled":true,"_links":{"self":[{"href":"https:\/\/www.noworudzianin.pl\/WWW\/wp-json\/wp\/v2\/posts\/23612"}],"collection":[{"href":"https:\/\/www.noworudzianin.pl\/WWW\/wp-json\/wp\/v2\/posts"}],"about":[{"href":"https:\/\/www.noworudzianin.pl\/WWW\/wp-json\/wp\/v2\/types\/post"}],"author":[{"embeddable":true,"href":"https:\/\/www.noworudzianin.pl\/WWW\/wp-json\/wp\/v2\/users\/6"}],"replies":[{"embeddable":true,"href":"https:\/\/www.noworudzianin.pl\/WWW\/wp-json\/wp\/v2\/comments?post=23612"}],"version-history":[{"count":1,"href":"https:\/\/www.noworudzianin.pl\/WWW\/wp-json\/wp\/v2\/posts\/23612\/revisions"}],"predecessor-version":[{"id":23614,"href":"https:\/\/www.noworudzianin.pl\/WWW\/wp-json\/wp\/v2\/posts\/23612\/revisions\/23614"}],"wp:featuredmedia":[{"embeddable":true,"href":"https:\/\/www.noworudzianin.pl\/WWW\/wp-json\/wp\/v2\/media\/22800"}],"wp:attachment":[{"href":"https:\/\/www.noworudzianin.pl\/WWW\/wp-json\/wp\/v2\/media?parent=23612"}],"wp:term":[{"taxonomy":"category","embeddable":true,"href":"https:\/\/www.noworudzianin.pl\/WWW\/wp-json\/wp\/v2\/categories?post=23612"},{"taxonomy":"post_tag","embeddable":true,"href":"https:\/\/www.noworudzianin.pl\/WWW\/wp-json\/wp\/v2\/tags?post=23612"}],"curies":[{"name":"wp","href":"https:\/\/api.w.org\/{rel}","templated":true}]}}