{"id":23627,"date":"2020-11-21T11:23:28","date_gmt":"2020-11-21T10:23:28","guid":{"rendered":"http:\/\/www.noworudzianin.pl\/WWW\/?p=23627"},"modified":"2020-11-21T11:23:28","modified_gmt":"2020-11-21T10:23:28","slug":"restrykcje-sanitarne-do-konca-roku","status":"publish","type":"post","link":"https:\/\/www.noworudzianin.pl\/WWW\/2020\/11\/21\/restrykcje-sanitarne-do-konca-roku\/","title":{"rendered":"Restrykcje sanitarne do ko\u0144ca roku"},"content":{"rendered":"<p><strong>Koronawirus to trudny przeciwnik. Walka z nim musi by\u0107 przemy\u015blana. Ostatnie obostrzenia doprowadzi\u0142y do wyhamowania epidemii. Jednak nie na tyle, \u017ceby w daleko id\u0105cy spos\u00f3b rozlu\u017ania\u0107 obecne restrykcje<\/strong><\/p>\n<p>Po analizie danych dotychczasowych zachorowa\u0144, rz\u0105d przedstawi\u0142 w sobot\u0119 21 listopada kompleksowy plan i jasne za\u0142o\u017cenia na nadchodz\u0105ce 100 dni. Pozwoli to \u0142atwiej dostosowa\u0107 si\u0119 do epidemicznej rzeczywisto\u015bci \u2013 zar\u00f3wno tej gospodarczej, jak i spo\u0142ecznej. Zosta\u0142a podj\u0119ta decyzja o otwarciu sklep\u00f3w i us\u0142ug w galeriach handlowych \u2013 b\u0119d\u0105 musia\u0142y one dzia\u0142a\u0107 w zaostrzonym re\u017cimie sanitarnym. Ferie zimowe odb\u0119d\u0105 si\u0119 w ca\u0142ym kraju w tym samym terminie, jednak uczniowie nie wyjad\u0105 na zimowiska.<br \/>\nDalsze rozlu\u017anianie restrykcji lub ich zaostrzenie zale\u017cy od naszego odpowiedzialnego zachowania, kt\u00f3re przek\u0142ada si\u0119 na liczb\u0119 zachorowa\u0144.<br \/>\nRz\u0105dz\u0105cy przygotowali trzy projekty rozporz\u0105dze\u0144 w sprawie ogranicze\u0144, nakaz\u00f3w i zakaz\u00f3w w zwi\u0105zku z wyst\u0105pieniem stanu epidemii. To trzy warianty obostrze\u0144, w zale\u017cno\u015bci od rozwoju sytuacji. Dotycz\u0105 one:<br \/>\n\u2022 tzw. etapu odpowiedzialno\u015bci (b\u0119dzie obowi\u0105zywa\u0142 od 28.11. do 27.12),<br \/>\n\u2022 etapu stabilizacji, czyli powrotu do podzia\u0142u Polski na trzy nowe strefy \u2013 czerwon\u0105, \u017c\u00f3\u0142t\u0105 i zielon\u0105 (najwcze\u015bniej od 28.12. \u2013 zale\u017cnie od sytuacji epidemicznej),<br \/>\n\u2022 kwarantanny narodowej (kt\u00f3ra zostanie wprowadzona w ostateczno\u015bci, kiedy trzeba b\u0119dzie natychmiast i radykalnie ograniczy\u0107 transmisj\u0119 wirusa w spo\u0142ecze\u0144stwie).<\/p>\n<p><strong>Etap odpowiedzialno\u015bci \u2013 od 28 listopada do 27 grudnia<\/strong><\/p>\n<p><strong>Sklepy w galeriach handlowych z re\u017cimem sanitarnym<\/strong><br \/>\nUtrzymuj\u0105ca si\u0119 wysoka liczba zachorowa\u0144 na COVID-19 nie pozwala na daleko id\u0105ce znoszenie restrykcji i ogranicze\u0144. Od 28 listopada mo\u017cliwo\u015b\u0107 funkcjonowania sklep\u00f3w i us\u0142ug w galeriach i parkach handlowych w \u015bcis\u0142ym re\u017cimie sanitarnym.<br \/>\nW sklepach i galeriach handlowych b\u0119dzie obowi\u0105zywa\u0142 limit os\u00f3b \u2013 maksymalnie 1 os. na 15 m2. Pami\u0119taj, \u017ce w przestrzeni publicznej masz obowi\u0105zek zas\u0142ania\u0107 nos i usta. Przy wej\u015bciu do sklepu zdezynfekuj r\u0119ce lub u\u017cywaj r\u0119kawiczek ochronnych podczas ca\u0142ych zakup\u00f3w.<\/p>\n<p><strong>Ferie zimowe od 4 do 17 stycznia<\/strong><br \/>\nPrzerwa w nauce w ca\u0142ym kraju potrwa od 4 do 17 stycznia 2021 r. i zast\u0105pi dotychczasowe ferie zimowe. Tegoroczny wypoczynek b\u0119dzie si\u0119 jednak r\u00f3\u017cni\u0142 od pozosta\u0142ych. Dzieci i m\u0142odzie\u017c pozostan\u0105 w domach, ze wzgl\u0119du na zakaz organizacji wyjazd\u00f3w na ferie zimowe.<br \/>\nRz\u0105d wspiera bran\u017c\u0119 turystyczn\u0105. Na pomoc mog\u0105 liczy\u0107 r\u00f3wnie\u017c przedsi\u0119biorcy, kt\u00f3rzy dzia\u0142aj\u0105 w bran\u017cy turystyki zimowej. Otrzymaj\u0105 oni rekompensaty, kt\u00f3re pomog\u0105 z\u0142agodzi\u0107 skutki kryzysu.<\/p>\n<p><strong>Pozosta\u0142e zasady i ograniczenia \u2013 etap odpowiedzialno\u015bci<\/strong><\/p>\n<p><strong>Przemieszczanie si\u0119<\/strong><br \/>\n\u2022 dystans 1,5 m od innych os\u00f3b<br \/>\n\u2022 ograniczenia w przemieszczaniu si\u0119 dzieci i m\u0142odzie\u017cy poni\u017cej 16 roku \u017cycia. Od poniedzia\u0142ku do pi\u0105tku (w dni nauki szkolnej) w godz. 8.00-16.00 mog\u0105 porusza\u0107 si\u0119 jedynie z rodzicem lub opiekunem prawnym<\/p>\n<p><strong>Wydarzenia kulturalne i kina<\/strong><br \/>\n\u2022 dzia\u0142alno\u015b\u0107 zawieszona<\/p>\n<p><strong>Komunikacja zbiorowa<\/strong><br \/>\n\u2022 ograniczenia liczby os\u00f3b w transporcie publicznym:<br \/>\n&#8211; 50% liczby miejsc siedz\u0105cych, albo<br \/>\n&#8211; 30% liczby wszystkich miejsc siedz\u0105cych i stoj\u0105cych, przy jednoczesnym pozostawieniu w poje\u017adzie co najmniej 50% miejsc siedz\u0105cych niezaj\u0119tych<\/p>\n<p><strong>Kult religijny<\/strong><br \/>\n\u2022 ograniczenie liczby os\u00f3b w ko\u015bcio\u0142ach \u2013 max. 1 os. na 15 m2<br \/>\n\u2022 obowi\u0105zek zachowania odleg\u0142o\u015bci min. 1,5 m od innych os\u00f3b oraz zakrywania nosa i ust<\/p>\n<p><strong>Zgromadzenia i spotkania<\/strong><br \/>\n\u2022 w zgromadzeniu mo\u017ce uczestniczy\u0107 max. 5 os\u00f3b<br \/>\n\u2022 imprezy organizowane w domu \u2013 z udzia\u0142em max. 5 os\u00f3b (limit ten nie dotyczy os\u00f3b, kt\u00f3re wsp\u00f3lnie mieszkaj\u0105)<\/p>\n<p><strong>Wesela, komunie i konsolacje<\/strong><br \/>\n\u2022 zakaz organizacji<\/p>\n<p><strong>Targi i wydarzenia<\/strong><br \/>\n\u2022 wy\u0142\u0105cznie w formie online<\/p>\n<p><strong>Parki rozrywki<\/strong><br \/>\n\u2022 dzia\u0142alno\u015b\u0107 zawieszona<\/p>\n<p><strong>Edukacja<\/strong><br \/>\n\u2022 nauczanie zdalne dla uczni\u00f3w wszystkich klas szko\u0142y podstawowej i ponadpodstawowej.<\/p>\n<p><strong>Sklepy i galerie handlowe<\/strong><br \/>\n\u2022 ograniczona liczba klient\u00f3w \u2013 max. 1 os.\/15 m2<br \/>\n\u2022 godziny dla senior\u00f3w \u2013 od poniedzia\u0142ku do pi\u0105tku w godz. 10.00-12.00<\/p>\n<p><strong>Hotele<\/strong><br \/>\n\u2022 dzia\u0142alno\u015b\u0107 zawieszona, z wyj\u0105tkiem go\u015bci przebywaj\u0105cych w podr\u00f3\u017cy s\u0142u\u017cbowej, sportowc\u00f3w oraz medyk\u00f3w<\/p>\n<p><strong>Gastronomia<\/strong><br \/>\n\u2022 wy\u0142\u0105cznie \u201ena wynos\u201d i \u201ena dow\u00f3z\u201d<\/p>\n<p><strong>Salony fryzjerskie i kosmetyczne<\/strong><br \/>\n\u2022 funkcjonowanie w re\u017cimie sanitarnym \u2013 min. 1,5 m odleg\u0142o\u015bci mi\u0119dzy stanowiskami<\/p>\n<p><strong>Si\u0142ownie, kluby fitness i aquaparki<\/strong><br \/>\n\u2022 dzia\u0142alno\u015b\u0107 zawieszona<\/p>\n<p><strong>Wsp\u00f3\u0142zawodnictwo i wydarzenia sportowe<\/strong><br \/>\n\u2022 bez udzia\u0142u publiczno\u015bci<\/p>\n<p><strong>Od 28.12. etap stabilizacji<\/strong> \u2013 zale\u017cnie od sytuacji epidemicznej mo\u017cliwy stopniowy powr\u00f3t do stref czerwonych, \u017c\u00f3\u0142tych i zielonych<\/p>\n<p>W momencie spadku liczby zachorowa\u0144, wr\u00f3cimy do podzia\u0142u na strefy: czerwon\u0105 \u2013 powiaty z najwy\u017csz\u0105 liczb\u0105 chorych, \u017c\u00f3\u0142t\u0105 i zielon\u0105 \u2013 powiaty z najni\u017csz\u0105 liczb\u0105 chorych.<\/p>\n","protected":false},"excerpt":{"rendered":"<p>Koronawirus to trudny przeciwnik. Walka z nim musi by\u0107 przemy\u015blana. Ostatnie obostrzenia doprowadzi\u0142y do wyhamowania epidemii. Jednak nie na tyle,<\/p>\n","protected":false},"author":6,"featured_media":23628,"comment_status":"open","ping_status":"closed","sticky":false,"template":"","format":"standard","meta":{"om_disable_all_campaigns":false,"_monsterinsights_skip_tracking":false,"_monsterinsights_sitenote_active":false,"_monsterinsights_sitenote_note":"","_monsterinsights_sitenote_category":0,"_uf_show_specific_survey":0,"_uf_disable_surveys":false,"footnotes":""},"categories":[2,29,9,6,2076,281],"tags":[6094,20,5,5802,6252],"aioseo_notices":[],"amp_enabled":true,"_links":{"self":[{"href":"https:\/\/www.noworudzianin.pl\/WWW\/wp-json\/wp\/v2\/posts\/23627"}],"collection":[{"href":"https:\/\/www.noworudzianin.pl\/WWW\/wp-json\/wp\/v2\/posts"}],"about":[{"href":"https:\/\/www.noworudzianin.pl\/WWW\/wp-json\/wp\/v2\/types\/post"}],"author":[{"embeddable":true,"href":"https:\/\/www.noworudzianin.pl\/WWW\/wp-json\/wp\/v2\/users\/6"}],"replies":[{"embeddable":true,"href":"https:\/\/www.noworudzianin.pl\/WWW\/wp-json\/wp\/v2\/comments?post=23627"}],"version-history":[{"count":1,"href":"https:\/\/www.noworudzianin.pl\/WWW\/wp-json\/wp\/v2\/posts\/23627\/revisions"}],"predecessor-version":[{"id":23629,"href":"https:\/\/www.noworudzianin.pl\/WWW\/wp-json\/wp\/v2\/posts\/23627\/revisions\/23629"}],"wp:featuredmedia":[{"embeddable":true,"href":"https:\/\/www.noworudzianin.pl\/WWW\/wp-json\/wp\/v2\/media\/23628"}],"wp:attachment":[{"href":"https:\/\/www.noworudzianin.pl\/WWW\/wp-json\/wp\/v2\/media?parent=23627"}],"wp:term":[{"taxonomy":"category","embeddable":true,"href":"https:\/\/www.noworudzianin.pl\/WWW\/wp-json\/wp\/v2\/categories?post=23627"},{"taxonomy":"post_tag","embeddable":true,"href":"https:\/\/www.noworudzianin.pl\/WWW\/wp-json\/wp\/v2\/tags?post=23627"}],"curies":[{"name":"wp","href":"https:\/\/api.w.org\/{rel}","templated":true}]}}