{"id":23881,"date":"2020-12-28T14:52:14","date_gmt":"2020-12-28T13:52:14","guid":{"rendered":"https:\/\/www.noworudzianin.pl\/WWW\/?p=23881"},"modified":"2020-12-28T14:56:30","modified_gmt":"2020-12-28T13:56:30","slug":"aktualne-zasady-i-ograniczenia-w-polsce","status":"publish","type":"post","link":"https:\/\/www.noworudzianin.pl\/WWW\/2020\/12\/28\/aktualne-zasady-i-ograniczenia-w-polsce\/","title":{"rendered":"Aktualne zasady i ograniczenia w Polsce"},"content":{"rendered":"<p><strong>Od 28 grudnia obowi\u0105zuj\u0105 dodatkowe ograniczenia. Zapoznaj si\u0119 z aktualnymi zasadami bezpiecze\u0144stwa oraz sprawd\u017a, co si\u0119 zmieni\u0142o<\/strong><\/p>\n<p><strong>OGRANICZENIA W PRZEMIESZCZANIU SI\u0118<\/strong><\/p>\n<p><strong>1,5 METRA \u2013 MINIMALNA ODLEG\u0141O\u015a\u0106 MI\u0118DZY PIESZYMI<\/strong><br \/>\nObowi\u0105zek utrzymania co najmniej 1,5-metrowej odleg\u0142o\u015bci mi\u0119dzy pieszymi.<br \/>\nWy\u0142\u0105czeni z tego obowi\u0105zku s\u0105:<br \/>\n\u2022 rodzice z dzie\u0107mi wymagaj\u0105cymi opieki (do 13. roku \u017cycia),<br \/>\n\u2022 osoby wsp\u00f3lnie mieszkaj\u0105ce lub gospodaruj\u0105ce,<br \/>\n\u2022 osoby niepe\u0142nosprawne, niemog\u0105ce si\u0119 samodzielnie porusza\u0107, osoby z orzeczeniem o potrzebie kszta\u0142cenia specjalnego i ich opiekunowie.<\/p>\n<p><strong>ZAS\u0141ANIANIE UST I NOSA W MIEJSCACH PUBLICZNYCH<\/strong><br \/>\nZas\u0142anianie ust i nosa w miejscach publicznych jest obowi\u0105zkowe w ca\u0142ym kraju.<\/p>\n<p><strong>Usta i nos trzeba obowi\u0105zkowo zas\u0142ania\u0107 m.in.:<\/strong><br \/>\n\u2022 na ulicy, na drogach i placach, na terenie cmentarzy, promenad, bulwar\u00f3w, miejsc postoju pojazd\u00f3w, parking\u00f3w le\u015bnych,<br \/>\n\u2022 w autobusie, tramwaju i poci\u0105gu,<br \/>\n\u2022 w sklepie, galerii handlowej, banku, na targu i na poczcie,<br \/>\n\u2022 w zak\u0142adzie pracy, je\u015bli w pomieszczeniu przebywa wi\u0119cej ni\u017c 1 osoba. Wprowadzenie tej zasady zale\u017cy od decyzji pracodawcy,<br \/>\n\u2022 w zak\u0142adzie pracy podczas bezpo\u015bredniej obs\u0142ugi klienta\/interesanta,<br \/>\n\u2022 w kinie i teatrze,<br \/>\n\u2022 u lekarza, w przychodni, w szpitalu, salonie masa\u017cu i tatua\u017cu,<br \/>\n\u2022 w ko\u015bciele i szkole, na uczelni,<br \/>\n\u2022 w urz\u0119dzie (je\u015bli idziesz za\u0142atwi\u0107 tam jak\u0105\u015b spraw\u0119) i innych budynkach u\u017cyteczno\u015bci publicznej.<\/p>\n<p><strong>Gdzie nie trzeba zas\u0142ania\u0107 ust i nosa?<\/strong><br \/>\n\u2022 w lesie, parku, w ziele\u0144cach, ogrodach botanicznych, ogrodach zabytkowych, w rodzinnych ogr\u00f3dkach dzia\u0142kowych i na pla\u017cy oraz w czasie podr\u00f3\u017cy prywatnym samochodem.<br \/>\n\u2022 w zak\u0142adzie pracy w celu spo\u017cycia posi\u0142ku.<\/p>\n<p>Z obowi\u0105zku zakrywania ust i nosa s\u0105 zwolnione jedynie osoby posiadaj\u0105ce za\u015bwiadczenie lekarskie lub dokument potwierdzaj\u0105cy:<br \/>\n\u2022 ca\u0142o\u015bciowe zaburzenia rozwoju,<br \/>\n\u2022 zaburzenia psychiczne,<br \/>\n\u2022 niepe\u0142nosprawno\u015b\u0107 intelektualn\u0105 w stopniu umiarkowanym, znacznym lub g\u0142\u0119bokim,<br \/>\n\u2022 trudno\u015bci w samodzielnym odkryciu lub zakryciu ust lub nosa.<\/p>\n<p><strong>PRZEMIESZCZANIE SI\u0118 OS\u00d3B<\/strong><br \/>\nObowi\u0105zuje zakaz przemieszczania si\u0119 z 31 grudnia 2020 r. na 1 stycznia 2021 r. w godz. 19.00-6.00 (premier jednak na konferencji prasowej powiedzia\u0142, \u017ce \u201egodziny policyjnej nie wdra\u017camy\u201d).<br \/>\nWyj\u0105tkiem jest wykonywanie czynno\u015bci s\u0142u\u017cbowych lub zawodowych, dzia\u0142alno\u015bci gospodarczej, a tak\u017ce zaspokojenie niezb\u0119dnych potrzeb zwi\u0105zanych z bie\u017c\u0105cymi sprawami \u017cycia codziennego.<\/p>\n<p><strong>Dzieci i m\u0142odzie\u017c do 16 roku \u017cycia<\/strong><br \/>\nW godzinach 8.00-16.00 od poniedzia\u0142ku do pi\u0105tku dzieci i m\u0142odzie\u017c do 16 roku \u017cycia musz\u0105 przemieszcza\u0107 si\u0119 pod opiek\u0105 rodzica lub opiekuna. Wyj\u0105tki:<br \/>\n\u2022 dotarcie do szko\u0142y lub plac\u00f3wki o\u015bwiatowej,<br \/>\n\u2022 dotarcie do miejsca przeprowadzania egzaminu potwierdzaj\u0105cego kwalifikacje w zawodzie lub egzaminu zawodowego,<br \/>\n\u2022 w przypadku ma\u0142oletnich realizuj\u0105cych praktyczn\u0105 nauk\u0119 zawodu \u2013 dotarcie do miejsca realizacji tej nauki, powr\u00f3t z nich do miejsca zamieszkania,<br \/>\n\u2022 przemieszczanie si\u0119 w ramach oboz\u00f3w szkoleniowych dla uczni\u00f3w szk\u00f3\u0142 mistrzostwa sportowego oraz uczni\u00f3w oddzia\u0142\u00f3w mistrzostwa sportowego,<br \/>\n\u2022 przemieszczanie si\u0119 w ramach p\u00f3\u0142kolonii,<br \/>\n\u2022 weekendy.<br \/>\n<strong>Obowi\u0105zuje do: 17 stycznia 2021 r.<\/strong><\/p>\n<p><strong>Seniorzy<\/strong><br \/>\nSeniorze, zosta\u0144 w domu! Apelujemy o ograniczenie przemieszczania si\u0119 senior\u00f3w \u2013 zw\u0142aszcza os\u00f3b po 70. roku \u017cycia. Wyj\u0105tkiem s\u0105 sytuacje zwi\u0105zane z:<br \/>\n\u2022 wykonywaniem czynno\u015bci zawodowych,<br \/>\n\u2022 zaspokajaniem niezb\u0119dnych potrzeb zwi\u0105zanych z bie\u017c\u0105cymi sprawami \u017cycia codziennego,<br \/>\n\u2022 sprawowaniem lub uczestniczeniem w sprawowaniu kultu religijnego, w tym czynno\u015bci lub obrz\u0119d\u00f3w religijnych.<br \/>\n<strong>Obowi\u0105zuje do: odwo\u0142ania<\/strong><\/p>\n<p><strong>KWARANTANNA<br \/>\nOgraniczenie dotyczy os\u00f3b, kt\u00f3re:<\/strong><br \/>\n\u2022 przekraczaj\u0105 granic\u0119 RP stanowi\u0105c\u0105 zewn\u0119trzn\u0105 granic\u0119 UE*,<br \/>\n\u2022 przekraczaj\u0105 granic\u0119 RP transportem zorganizowanym (od 28 grudnia)**,<br \/>\n\u2022 mia\u0142y kontakt z osobami zaka\u017conymi (lub potencjalnie zaka\u017conymi) koronawirusem,<br \/>\n\u2022 zosta\u0142y skierowane na test w kierunku COVID-19 przez lekarza podstawowej lub nocnej opieki zdrowotnej.<br \/>\n* Granic\u0119 zewn\u0119trzn\u0105 okre\u015blaj\u0105 przepisy art. 2 pkt 2 rozporz\u0105dzenia Parlamentu Europejskiego i Rady (UE) 2016\/399 z 9 marca w sprawie unijnego kodeksu zasad reguluj\u0105cych przep\u0142yw os\u00f3b przez granice (kodeks graniczny Schengen) (Dz. Urz. UE L 77 z 23.03.2016, str. 1, z p\u00f3\u017an. zm.).<br \/>\n** Dotyczy os\u00f3b, kt\u00f3re przekroczy\u0142y granic\u0119 Polski (stanowi\u0105c\u0105 zar\u00f3wno zewn\u0119trzn\u0105 jak i wewn\u0119trzn\u0105 granic\u0119 UE) samolotem, autobusem lub innym \u015brodkiem transportu zbiorowego. Ograniczenie obowi\u0105zuje od 28 grudnia 2020 r. do 17 stycznia 2021 r.<\/p>\n<p>List\u0119 os\u00f3b wy\u0142\u0105czonych z obowi\u0105zkowej kwarantanny przy przekraczaniu granicy zewn\u0119trznej UE okre\u015blaj\u0105 przepisy rozporz\u0105dzenia Rady Ministr\u00f3w z 21 grudnia 2020 r. w sprawie ustanowienia okre\u015blonych ogranicze\u0144, nakaz\u00f3w i zakaz\u00f3w w zwi\u0105zku z wyst\u0105pieniem stanu epidemii.<\/p>\n<p>Sprawd\u017a na stronie <a href=\"https:\/\/www.strazgraniczna.pl\/pl\/aktualnosci\/8880,Od-28-grudnia-nowe-obostrzenia-na-polskiej-granicy.html\" rel=\"noopener\" target=\"_blank\"><strong>Stra\u017cy Granicznej<\/strong><\/a>, kto jest zwolniony z kwarantanny po przekroczeniu granicy RP.<br \/>\nWa\u017cne! Od 28 grudnia z obowi\u0105zkowej kwarantanny zwolnione s\u0105 osoby zaszczepione przeciwko COVID-19 (na podstawie za\u015bwiadczenia o wykonaniu szczepienia ochronnego przeciwko COVID-19).<\/p>\n<p><strong>Na czym polega?<\/strong><\/p>\n<p><strong>Obowi\u0105zuj\u0105ce zasady dotycz\u0105:<\/strong><br \/>\n\u2022 kwarantanny (odosobnienie osoby zdrowej, z powodu nara\u017cenia na zaka\u017cenie);<br \/>\n\u2022 izolacji (odosobnienie osoby, kt\u00f3rej pierwszy wynik testu diagnostycznego w kierunku SARS-CoV-2  jest dodatni).<\/p>\n<p><strong>Izolacja:<\/strong><br \/>\nIzolacja domowa trwa 10 dni, je\u017celi u pacjenta nie wyst\u0105pi\u0142y objawy COVID-19.<br \/>\nW przypadku, gdy w czasie izolacji domowej wyst\u0105pi\u0105 objawy koronawirusa, lekarz podstawowej opieki zdrowotnej postanawia o przed\u0142u\u017ceniu izolacji, a jej zako\u0144czenie mo\u017ce nast\u0105pi\u0107 nie wcze\u015bniej ni\u017c po 13 dniach od dnia wyst\u0105pienia objaw\u00f3w.<br \/>\nW przypadku izolacji szpitalnej i w izolatorium o zako\u0144czeniu izolacji decyduje lekarz sprawuj\u0105cy opiek\u0119 nad pacjentem. Jej zako\u0144czenie nie mo\u017ce nast\u0105pi\u0107 wcze\u015bniej ni\u017c po 13 dniach od dnia wyst\u0105pienia objaw\u00f3w, a ostatnie 3 dni musz\u0105 by\u0107 bez objaw\u00f3w choroby.<\/p>\n<p><strong>Kwarantanna:<\/strong><br \/>\nKwarantanna trwa 10 dni, je\u015bli w jej trakcie nie wyst\u0105pi\u0142y objawy COVID-19. Odst\u0105piono od testowania os\u00f3b bezobjawowych w kwarantannie.<br \/>\nJe\u015bli dana osoba nie mia\u0142a bezpo\u015bredniego kontaktu z osob\u0105 zaka\u017con\u0105 koronawirusem nie zostanie skierowana na kwarantann\u0119. Zgodnie z obowi\u0105zuj\u0105cym prawem osoby wsp\u00f3\u0142zamieszkuj\u0105ce z osob\u0105 na kwarantannie nie podlegaj\u0105 ju\u017c kwarantannie.<br \/>\nOsoba wsp\u00f3\u0142zamieszkuj\u0105ca z osob\u0105 zaka\u017con\u0105 wirusem SARS-CoV-2 (pozytywny wynik testu) ma obowi\u0105zek poddania si\u0119 kwarantannie od dnia uzyskania pozytywnego wyniku testu do 7 dni po zako\u0144czeniu izolacji osoby zaka\u017conej.<br \/>\nObowi\u0105zku poddania si\u0119 kwarantannie nie stosuje si\u0119 do osoby wykonuj\u0105cej zaw\u00f3d medyczny. Od 28 grudnia obowi\u0105zkowej kwarantanny nie musz\u0105 odbywa\u0107 tak\u017ce osoby, kt\u00f3re zaszczepi\u0142y si\u0119 przeciwko COVID-19.<\/p>\n<p><strong>Przez ten czas:<\/strong><br \/>\n\u2022 nie mo\u017cna opuszcza\u0107 domu,<br \/>\n\u2022 spacery z psem, wyj\u015bcie do sklepu czy do lekarza s\u0105 zakazane,<br \/>\n\u2022 w przypadku wyst\u0119powania objaw\u00f3w choroby (z\u0142e samopoczucie, gor\u0105czka, kaszel, duszno\u015bci) nale\u017cy skontaktowa\u0107 si\u0119 z przychodni\u0105 i um\u00f3wi\u0107 teleporad\u0119 u lekarza pierwszego kontaktu.<br \/>\nWa\u017cne! Policja, w ramach patroli odwiedza osoby, kt\u00f3re s\u0105 obj\u0119te kwarantann\u0105 i sprawdza, czy pozostaj\u0105 w miejscu swojego zamieszkania. Przepisy przewiduj\u0105 mo\u017cliwo\u015b\u0107 na\u0142o\u017cenia kary finansowej do 30 tys. z\u0142 na te osoby, kt\u00f3re kwarantanny nie przestrzegaj\u0105. Decyzja, co do konkretnej wysoko\u015bci kary jest zawsze indywidualna.<br \/>\nUwaga! Kwarantanna jest zawieszona na czas wykonania testu, na kt\u00f3ry skierowa\u0142 nas lekarz podstawowej lub nocnej opieki zdrowotnej (droga do miejsca pobrania wymazu i powr\u00f3t do domu). Od 28 listopada zawieszenie kwarantanny lub izolacji ma miejsce, tak\u017ce kiedy konieczna jest wizyta u lekarza. W tych sytuacjach nie ma obowi\u0105zku zg\u0142aszania si\u0119 do sanepidu.<br \/>\n<strong>Obowi\u0105zuje do: 17 stycznia 2021 r.<\/strong><\/p>\n<p><strong>\u017bYCIE SPO\u0141ECZNE<\/strong><\/p>\n<p><strong>WYDARZENIA KULTURALNE \u2013 OGRANICZENIA<\/strong><\/p>\n<p>Dzia\u0142alno\u015b\u0107 plac\u00f3wek kultury w tym min. teatr\u00f3w, kin, muze\u00f3w, galerii sztuk, dom\u00f3w kultury, jest zawieszona.<br \/>\nWa\u017cne! Od 28 listopada, dzia\u0142alno\u015b\u0107 bibliotek jest mo\u017cliwa przy zachowaniu limitu 1 osoby na 15 m2 powierzchni przeznaczonej do udost\u0119pniania zbior\u00f3w.<br \/>\n<strong>Obowi\u0105zuje do: 17 stycznia 2021 r.<\/strong><\/p>\n<p><strong>KOMUNIKACJA PUBLICZNA<\/strong><br \/>\n\u015arodkami transportu zbiorowego mo\u017ce podr\u00f3\u017cowa\u0107 ograniczona liczba os\u00f3b.<br \/>\nW ca\u0142ym kraju \u015brodkami transportu publicznego mo\u017cna przewozi\u0107, w tym samym czasie, nie wi\u0119cej os\u00f3b ni\u017c wynosi:<br \/>\n\u2022 50% liczby miejsc siedz\u0105cych, albo<br \/>\n\u2022 30% liczby wszystkich miejsc siedz\u0105cych i stoj\u0105cych, przy jednoczesnym pozostawieniu w poje\u017adzie co najmniej 50% miejsc siedz\u0105cych niezaj\u0119tych.<br \/>\n<strong>Obowi\u0105zuje do: 17 stycznia 2021 r.<\/strong><\/p>\n<p><strong>UROCZYSTO\u015aCI RELIGIJNE<\/strong><br \/>\nW ko\u015bcio\u0142ach obowi\u0105zuje limit os\u00f3b &#8211; max. 1 osoba na 15 m2, przy przy zachowaniu odleg\u0142o\u015bci nie mniejszej ni\u017c 1,5 m. Je\u017celi wydarzenie odbywa si\u0119 na zewn\u0105trz nale\u017cy zachowa\u0107 dystans 1,5 m i zakry\u0107 usta i nos.<br \/>\nJe\u017celi wydarzenie odbywa si\u0119 na zewn\u0105trz nale\u017cy zachowa\u0107 dystans 1,5 m i zakry\u0107 usta i nos.<br \/>\nWa\u017cne! W \u015bwi\u0105tyniach i obiektach kultu religijnego obowi\u0105zkowe jest zakrywanie ust i nosa, z wy\u0142\u0105czeniem os\u00f3b sprawuj\u0105cych kult.<br \/>\n<strong>Obowi\u0105zuje do: 17 stycznia 2021 r.<\/strong><\/p>\n<p><strong>ZGROMADZENIA I SPOTKANIA<\/strong><br \/>\nW zgromadzeniach publicznych mo\u017ce uczestniczy\u0107 max. 5 os\u00f3b. Uczestnicy maj\u0105 obowi\u0105zek zakrywania nosa i ust oraz zachowania 1,5 m odleg\u0142o\u015bci od innych os\u00f3b. Ponadto odleg\u0142o\u015b\u0107 mi\u0119dzy zgromadzeniami nie mo\u017ce by\u0107 mniejsza ni\u017c 100 m.<br \/>\nOd 28 listopada w imprezach i spotkaniach organizowanych w domu mo\u017ce uczestniczy\u0107 maksymalnie 5 os\u00f3b- do tego limitu nie wliczamy osoby zapraszaj\u0105cej na imprez\u0119 oraz os\u00f3b, kt\u00f3re wsp\u00f3lnie mieszkaj\u0105 lub gospodaruj\u0105 z t\u0105 osob\u0105.<br \/>\n<strong>Obowi\u0105zuje do: 17 stycznia 2021 r.<\/strong><\/p>\n<p><strong>WESELA, KOMUNIE, KONSOLACJE I INNE UROCZYSTO\u015aCI ORAZ PRZYJ\u0118CIA OKOLICZNO\u015aCIOWE<\/strong><br \/>\nObowi\u0105zuje zakaz organizacji tego typu wydarze\u0144.<br \/>\n<strong>Obowi\u0105zuje do: 17 stycznia 2021 r.<\/strong><\/p>\n<p><strong>KLUBY NOCNE, DYSKOTEKI I INNE MIEJSCA UDOST\u0118PNIONE DO TA\u0143CZENIA<\/strong><br \/>\nObowi\u0105zuje zakaz dzia\u0142alno\u015bci takich miejsc.<br \/>\nWyj\u0105tkiem s\u0105: sportowe kluby taneczne.<br \/>\n<strong>Obowi\u0105zuje do: 17 stycznia 2021 r.<\/strong><\/p>\n<p><strong>TARGI, WYSTAWY, KONGRESY, KONFERENCJE<\/strong><br \/>\nTargi, wystawy, kongresy i konferencje mog\u0105 odbywa\u0107 si\u0119 wy\u0142\u0105cznie on-line.<br \/>\n<strong>Obowi\u0105zuje do: 17 stycznia 2021 r.<\/strong><\/p>\n<p><strong>OPIEKA I EDUKACJA<\/strong><\/p>\n<p><strong>EDUKACJA<\/strong><br \/>\nUczniowie wszystkich klas szk\u00f3\u0142 podstawowych, wszystkich klas szk\u00f3\u0142 ponadpodstawowych, s\u0142uchacze plac\u00f3wek kszta\u0142cenia ustawicznego oraz centr\u00f3w kszta\u0142cenia zawodowego, ucz\u0105 si\u0119 zdalnie.<br \/>\nWa\u017cne! Przedszkola i \u017c\u0142obki funkcjonuj\u0105 bez zmian.<br \/>\n<strong>Obowi\u0105zuje do: 3 stycznia 2021 r.<\/strong><\/p>\n<p><strong>\u017b\u0141OBKI I PRZEDSZKOLA<\/strong><br \/>\nDzieci pracuj\u0105cych rodzic\u00f3w mog\u0105 ucz\u0119szcza\u0107 do \u017c\u0142obk\u00f3w lub przedszkoli. Organy prowadz\u0105ce te plac\u00f3wki mog\u0105 je prowadzi\u0107, maj\u0105c na uwadze wytyczne G\u0142\u00f3wnego Inspektoratu Sanitarnego, a tak\u017ce Ministerstwa Edukacji Narodowej oraz Ministerstwa Rodziny, Pracy i Polityki Spo\u0142ecznej.<br \/>\nWa\u017cne! Ze wzgl\u0119du na sytuacj\u0119 epidemiologiczn\u0105 organ prowadz\u0105cy mo\u017ce ograniczy\u0107 liczebno\u015b\u0107 grupy przedszkolnej lub ograniczy\u0107 liczb\u0119 dzieci obj\u0119tych opiek\u0105 w \u017c\u0142obkach.<br \/>\nWa\u017cne! Jednostka samorz\u0105du terytorialnego na podstawie dotychczasowych przepis\u00f3w og\u00f3lnych mo\u017ce zamkn\u0105\u0107 wszystkie \u017c\u0142obki i przedszkola na swoim terenie.<\/p>\n<p><strong>GRANICE I RUCH MI\u0118DZYNARODOWY<\/strong><\/p>\n<p><strong>GRANICE POLSKI<\/strong><br \/>\nW Polska obowi\u0105zuje ruch graniczny w ramach granic wewn\u0119trznych Unii Europejskiej. Oznacza to, \u017ce mo\u017cna podr\u00f3\u017cowa\u0107 i przekracza\u0107 granice wewn\u0119trzne UE. Podr\u00f3\u017cni maj\u0105 prawo do swobodnego wjazdu, wyjazdu oraz tranzytu przez terytorium RP. Nie musz\u0105 odbywa\u0107 kwarantanny. Planuj\u0105c podr\u00f3\u017c zagraniczn\u0105, nale\u017cy uwzgl\u0119dni\u0107 obostrzenia obowi\u0105zuj\u0105ce w kraju s\u0105siednim.<br \/>\nOgraniczenie dotyczy przekraczania zewn\u0119trznej granicy UE przez cudzoziemc\u00f3w.<br \/>\nSprawd\u017a na stronie <strong><a href=\"https:\/\/www.strazgraniczna.pl\/pl\/aktualnosci\/8880,Od-28-grudnia-nowe-obostrzenia-na-polskiej-granicy.html\" rel=\"noopener\" target=\"_blank\">Stra\u017cy Granicznej<\/a><\/strong>, kto mo\u017ce wjecha\u0107 do Polski.<\/p>\n<p><strong>RUCH LOTNICZY<\/strong><br \/>\nOgraniczenie dotyczy lot\u00f3w mi\u0119dzynarodowych.<br \/>\nOd 22 grudnia do 6 stycznia obowi\u0105zuje zakaz l\u0105dowania samolot\u00f3w cywilnych wykonuj\u0105cych loty mi\u0119dzynarodowe z lotnisk po\u0142o\u017conych na terytorium:<br \/>\n1) Bo\u015bni i Hercegowiny;<br \/>\n2) Czarnog\u00f3ry;<br \/>\n3) Gruzji;<br \/>\n4) Jorda\u0144skiego Kr\u00f3lestwa Haszymidzkiego;<br \/>\n5) Republiki Armenii;<br \/>\n6) Republiki Kosowa;<br \/>\n7) Republiki Macedonii P\u00f3\u0142nocnej;<br \/>\n8) Republiki Serbii;<br \/>\n9) Stan\u00f3w Zjednoczonych Ameryki, z wyj\u0105tkiem lotnisk po\u0142o\u017conych na terytorium stan\u00f3w Illinois i Nowy Jork<br \/>\n10) Zjednoczonego Kr\u00f3lestwa Wielkiej Brytanii i Irlandii P\u00f3\u0142nocnej<br \/>\nZakaz nie obowi\u0105zuje lot\u00f3w wyczarterowanych przed 8 grudnia 2020 r.<br \/>\nZakazu lot\u00f3w nie stosuje si\u0119 tak\u017ce do pa\u0144stw, kt\u00f3re notyfikowa\u0142y Polsce wprowadzenie rozwi\u0105za\u0144 gwarantuj\u0105cych, \u017ce na pok\u0142ad samolotu b\u0119d\u0105 przyjmowani wy\u0142\u0105cznie pasa\u017cerowie z negatywnym wynikiem testu diagnostycznego w kierunku SARS-CoV-2. Wykaz takich pa\u0144stw og\u0142asza w obwieszczeniu minister do spraw zagranicznych.<br \/>\nZar\u00f3wno w przypadku lot\u00f3w mi\u0119dzynarodowych jak i krajowych jest obowi\u0105zek:<br \/>\n\u2022 zapewnienia p\u0142yn\u00f3w do dezynfekcji r\u0105k na pok\u0142adzie samolotu,<br \/>\n\u2022 dezynfekcji statku powietrznego:<br \/>\n&#8211; raz na dob\u0119 w przypadku wykonywania operacji lotniczych z pasa\u017cerami,<br \/>\n&#8211; po ka\u017cdej operacji lotniczej z osob\u0105 chor\u0105 albo z podejrzeniem zaka\u017cenia chorob\u0105 zaka\u017an\u0105,<br \/>\n&#8211; przed i po ka\u017cdej operacji lotniczej z pasa\u017cerami trwaj\u0105cej co najmniej 6 godzin;<br \/>\n\u2022 przekazania pasa\u017cerom, za po\u015brednictwem personelu pok\u0142adowego, do wype\u0142nienia formularzy kart lokalizacji podr\u00f3\u017cnego dla cel\u00f3w zdrowotnych oraz odebrania wype\u0142nionych kart \u2013 w przypadku, gdy pasa\u017cer przekracza granic\u0119 pa\u0144stwow\u0105, \u017ceby uda\u0107 si\u0119 do swojego miejsca zamieszkania lub pobytu na terytorium Polski.<\/p>\n<p><strong>MI\u0118DZYNARODOWY RUCH KOLEJOWY<\/strong><br \/>\nObecnie funkcjonuje mi\u0119dzynarodowy ruch kolejowy w ramach granic wewn\u0119trznych Unii Europejskiej.<br \/>\nOgraniczenie dotyczy podr\u00f3\u017cy poci\u0105gami relacji mi\u0119dzynarodowych poza granice zewn\u0119trzne UE.<\/p>\n<p><strong>GOSPODARKA<\/strong><\/p>\n<p><strong>CENTRA HANDLOWE I SKLEPY WIELKOPOWIERZCHNIOWE<\/strong><br \/>\nOd 28 grudnia dzia\u0142alno\u015b\u0107 galerii handlowych b\u0119dzie ograniczona. Otwarte pozostan\u0105 tylko niekt\u00f3re punkty us\u0142ugowe maj\u0105ce istotne znaczenie dla \u017cycia codziennego (np. us\u0142ugi fryzjerskie, kosmetyczne, medyczne) oraz m.in. apteki, punkty apteczne, sklepy z artyku\u0142ami spo\u017cywczymi, kosmetycznymi, artyku\u0142ami toaletowymi oraz \u015brodkami czysto\u015bci, artyku\u0142ami remontowo-budowalnymi, artyku\u0142ami dla zwierz\u0105t, gazetami lub ksi\u0105\u017ckami, meblami.<br \/>\nW plac\u00f3wkach handlowych, na targu lub poczcie, obowi\u0105zuje limit klient\u00f3w:<br \/>\n\u2022 1 os\/10 m2 \u2013 w sklepach do 100 m2<br \/>\n\u2022 1 os\/15 m2  \u2013 w sklepach powy\u017cej 100 m2<br \/>\n<strong>Obowi\u0105zuje do: 17 stycznia 2021 r.<\/strong><\/p>\n<p><strong>GODZINY DLA SENIOR\u00d3W<\/strong><br \/>\nOd poniedzia\u0142ku do pi\u0105tku w godzinach 10.00-12.00 w sklepie, drogerii, aptece oraz na poczcie mog\u0105 przebywa\u0107 wy\u0142\u0105cznie osoby powy\u017cej 60 roku \u017cycia.<br \/>\nWyj\u0105tkiem jest sytuacja, gdy wydanie produktu leczniczego, wyrobu medycznego albo \u015brodka spo\u017cywczego specjalnego przeznaczenia \u017cywieniowego nast\u0119puje w sytuacji zagro\u017cenia \u017cycia lub zdrowia.<br \/>\n<strong>Obowi\u0105zuje do: 17 stycznia 2021 r.<\/strong><\/p>\n<p><strong>GASTRONOMIA<\/strong><br \/>\nObowi\u0105zuje zakaz dzia\u0142alno\u015bci stacjonarnej restauracji. Mo\u017cliwa jest jedynie realizacja us\u0142ug polegaj\u0105cych na przygotowywaniu i podawaniu \u017cywno\u015bci na wynos oraz w dowozie.<br \/>\n<strong>Obowi\u0105zuje do: 17 stycznia 2021 r.<\/strong><\/p>\n<p><strong>Restauracje hotelowe<\/strong><br \/>\nDozwolone jest prowadzenie restauracji w hotelach, ale tylko w dostarczaniu posi\u0142k\u00f3w dla go\u015bci hotelowych do pokoi.<br \/>\n<strong>Obowi\u0105zuje do: 17 stycznia 2021 r.<\/strong><\/p>\n<p><strong>SALONY FRYZJERSKIE, KOSMETYCZNE, TATUA\u017bU<\/strong><br \/>\nW ca\u0142ym kraju salony urody, tatua\u017cu, fryzjerzy, a tak\u017ce kosmetyczki dzia\u0142aj\u0105 w re\u017cimie sanitarnym.<br \/>\nStanowiska obs\u0142ugi musz\u0105 znajdowa\u0107 si\u0119 w odleg\u0142o\u015bci co najmniej 1,5 m od siebie, chyba \u017ce mi\u0119dzy tymi stanowiskami znajduje si\u0119 przegroda o wysoko\u015bci co najmniej 2 m od powierzchni pod\u0142ogi.<br \/>\nW\u015br\u00f3d zalece\u0144 dla salon\u00f3w urody znalaz\u0142y si\u0119 m.in.:<br \/>\n\u2022 u\u017cywanie r\u0119cznik\u00f3w jednorazowych, gdy jest to mo\u017cliwe;<br \/>\n\u2022 przyjmowanie klient\u00f3w po wcze\u015bniejszym um\u00f3wieniu si\u0119 na wizyt\u0119 telefonicznie lub online.<br \/>\nWa\u017cne! W miejscu, w kt\u00f3rym jest prowadzona taka dzia\u0142alno\u015b\u0107, przebywa wy\u0142\u0105cznie obs\u0142uga oraz obs\u0142ugiwani klienci (max. 1 osoba na 1 stanowisko obs\u0142ugi, z wyj\u0105tkiem obs\u0142ugi), a w przypadku, gdy klient wymaga opieki, tak\u017ce jego opiekun.<br \/>\nPomimo ograniczenia dzia\u0142alno\u015bci galerii i park\u00f3w handlowych, salony fryzjerskie i kosmetyczne w tych miejscach mog\u0105 funkcjonowa\u0107 w re\u017cimie sanitarnym.<br \/>\n<strong>Obowi\u0105zuje do: 17 stycznia 2021 r.<\/strong><\/p>\n<p><strong>HOTELE<\/strong><br \/>\nOd 28 grudnia ograniczone jest prowadzenie dzia\u0142alno\u015bci hotelarskiej. Hotele dost\u0119pne tylko m.in. dla:<br \/>\n\u2022 s\u0142u\u017cb mundurowych,<br \/>\n\u2022 medyk\u00f3w,<br \/>\n\u2022 dla pacjent\u00f3w i ich opiekun\u00f3w, w celu uzyskania \u015bwiadczenia opieki zdrowotnej w podmiocie wykonuj\u0105cym dzia\u0142alno\u015b\u0107 lecznicz\u0105,<br \/>\n\u2022 dla zawodnik\u00f3w, trener\u00f3w i cz\u0142onk\u00f3w sztabu szkoleniowego, korzystaj\u0105cych z tych us\u0142ug w czasie zgrupowa\u0144 lub wsp\u00f3\u0142zawodnictwa sportowego,<br \/>\n\u2022 cz\u0142onk\u00f3w za\u0142ogi samolotu,<br \/>\n\u2022 kierowc\u00f3w wykonuj\u0105cych transport drogowy,<br \/>\n\u2022 cz\u0142onk\u00f3w obsady poci\u0105gu,<br \/>\n\u2022 dla zdaj\u0105cych oraz innych os\u00f3b uczestnicz\u0105cych w organizowaniu i przeprowadzaniu egzaminu potwierdzaj\u0105cego kwalifikacje w zawodzie lub egzaminu zawodowego,<br \/>\n\u2022 dla pe\u0142nomocnik\u00f3w procesowych, obro\u0144c\u00f3w i pe\u0142nomocnik\u00f3w stron, stron post\u0119powania karnego, cywilnego i s\u0105dowoadministracyjnego, ich przedstawicieli ustawowych, \u015bwiadk\u00f3w, bieg\u0142ych oraz t\u0142umaczy s\u0105dowych, w dniu posiedzenia s\u0105du lub przegl\u0105dania akt sprawy oraz w dniu poprzedzaj\u0105cym,<br \/>\n\u2022 dla cz\u0142onk\u00f3w misji dyplomatycznych, urz\u0119d\u00f3w konsularnych i przedstawicieli organizacji mi\u0119dzynarodowych oraz cz\u0142onk\u00f3w ich rodzin, a tak\u017ce innych os\u00f3b b\u0119d\u0105cych posiadaczami paszportu dyplomatycznego w zwi\u0105zku z wykonywaniem przez nich oficjalnych funkcji.<br \/>\nWyj\u0105tkiem s\u0105 hotele pracownicze.<br \/>\n<strong>Obowi\u0105zuje do: 17 stycznia 2021 r.<\/strong><\/p>\n<p><strong>SPORT I REKREACJA<\/strong><\/p>\n<p><strong>SI\u0141OWNIE, KLUBY I CENTRA FITNESS, BASENY ORAZ AQUAPARKI<\/strong><br \/>\nOd 28 grudnia zawieszona zostaje dzia\u0142alno\u015b\u0107 basen\u00f3w, aquapark\u00f3w, si\u0142owni, klub\u00f3w i centr\u00f3w fitness. Wyj\u0105tkiem s\u0105 baseny, si\u0142ownie i kluby i centra fitness:<br \/>\n\u2022 dzia\u0142aj\u0105ce w podmiotach wykonuj\u0105cych dzia\u0142alno\u015b\u0107 lecznicz\u0105 przeznaczonych dla pacjent\u00f3w,<br \/>\n\u2022 dla cz\u0142onk\u00f3w kadry narodowej polskich zwi\u0105zk\u00f3w sportowych.<br \/>\n<strong>Obowi\u0105zuje do: 17 stycznia 2021 r.<\/strong><\/p>\n<p><strong>SPORTOWE KLUBY TANECZNE<\/strong><br \/>\nObowi\u0105zuje zakaz prowadzenia dzia\u0142alno\u015bci polegaj\u0105cej na udost\u0119pnieniu miejsca do ta\u0144czenia organizowanego w pomieszczeniach lub w innych miejscach o zamkni\u0119tej przestrzeni. Z zakazu wy\u0142\u0105czone s\u0105 sportowe kluby taneczne.<br \/>\n<strong>Obowi\u0105zuje do: 17 stycznia 2021 r.<\/strong><\/p>\n<p><strong>TRENINGI NA OTWARTEJ PRZESTRZENI I WSP\u00d3\u0141ZAWODNICTWO SPORTOWE<\/strong><br \/>\nOsoby uprawiaj\u0105ce sport w ramach wsp\u00f3\u0142zawodnictwa sportowego s\u0105 zwolnione z obowi\u0105zku zakrywania ust i nosa.<br \/>\nZ tego obowi\u0105zku nie s\u0105 zwolnione osoby, kt\u00f3re uprawiaj\u0105 sport rekreacyjnie, chyba, \u017ce np. biegaj\u0105 na terenie las\u00f3w, parku, ziele\u0144ca, ogrodu botanicznego, ogrodu zabytkowego, rodzinnego ogr\u00f3dka dzia\u0142kowego i pla\u017cy.<br \/>\n<strong>Obowi\u0105zuje do: 17 stycznia 2021 r.<\/strong><\/p>\n<p><strong>WSP\u00d3\u0141ZAWODNICTWO I WYDARZENIA SPORTOWE<\/strong><br \/>\nOd 28 grudnia organizacja wsp\u00f3\u0142zawodnictwa sportowego, zaj\u0119\u0107 sportowych i wydarze\u0144 sportowych jest dopuszczalna wy\u0142\u0105cznie w przypadku sportu zawodowego. Wydarzenia mog\u0105 odbywa\u0107 si\u0119 bez udzia\u0142u publiczno\u015bci.<br \/>\n<strong>Obowi\u0105zuje do: 17 stycznia 2021 r.<\/strong><\/p>\n<p><strong>ZWOLNIENIE Z OBOWI\u0104ZKU KWARANTANNY DLA UCZESTNIK\u00d3W MI\u0118DZYNARODOWYCH ZAWOD\u00d3W SPORTOWYCH<\/strong><br \/>\nZwolnienie z obowi\u0105zku kwarantanny dla os\u00f3b spoza UE dotyczy:<br \/>\n\u2022 zawodnik\u00f3w,<br \/>\n\u2022 cz\u0142onk\u00f3w sztabu szkoleniowego,<br \/>\n\u2022 lekarzy, fizjoterapeut\u00f3w,<br \/>\n\u2022 s\u0119dzi\u00f3w,<br \/>\n\u2022 akredytowanych dziennikarzy.<br \/>\nZwolnienie dotyczy os\u00f3b, kt\u00f3re bior\u0105 udzia\u0142 w zawodach organizowanych przez:<br \/>\n\u2022 mi\u0119dzynarodow\u0105 federacj\u0119 sportow\u0105 dzia\u0142aj\u0105c\u0105 w sporcie olimpijskim lub paraolimpijskim lub inn\u0105 uznan\u0105 przez Mi\u0119dzynarodowy Komitet Olimpijski,<br \/>\n\u2022 mi\u0119dzynarodow\u0105 organizacj\u0119 sportow\u0105 o zasi\u0119gu kontynentalnym nale\u017c\u0105c\u0105 do federacji sportowej<br \/>\n\u2022 polski zwi\u0105zek sportowy.<br \/>\nWa\u017cne! Osoby, kt\u00f3re przekraczaj\u0105 polsk\u0105 granic\u0119, musz\u0105 przedstawi\u0107 Stra\u017cy Granicznej pismo wystawione przez organizatora zawod\u00f3w sportowych. Mo\u017ce to by\u0107 tak\u017ce \u2013 po\u015bwiadczony przez w\u0142a\u015bciwy w danym sporcie polski zwi\u0105zek sportowy \u2013 dokument zawieraj\u0105cy dane dotycz\u0105ce odbywania si\u0119 zawod\u00f3w sportowych, ich terminu oraz charakteru uczestnictwa.<\/p>\n<p><strong>O\u015aRODKI PORZYGOTOWA\u0143 OLIMPIJSKICH OTWARTE DLA SPORTOWC\u00d3W<\/strong><br \/>\nZawodnicy mog\u0105 przygotowywa\u0107 si\u0119 do najwa\u017cniejszych imprez rangi mi\u0119dzynarodowej w O\u015brodkach Przygotowa\u0144 Olimpijskich. (Spa\u0142a, Wa\u0142cz, Zakopane, Cetniewo, Szczyrk i Gi\u017cycko).<\/p>\n<p><strong>SANATORIA, UZDROWISKA, REHABILITACJA<\/strong><br \/>\nSanatoria i dzia\u0142alno\u015b\u0107 uzdrowiskowa jest zawieszona, z mo\u017cliwo\u015bci\u0105 doko\u0144czenia ju\u017c rozpocz\u0119tych turnus\u00f3w. Wyj\u0105tkiem s\u0105 przypadki, w kt\u00f3rych zaprzestanie rehabilitacji grozi powa\u017cnym pogorszeniem stanu zdrowia pacjenta.<br \/>\n<strong>Obowi\u0105zuje do: odwo\u0142ania<\/strong><\/p>\n","protected":false},"excerpt":{"rendered":"<p>Od 28 grudnia obowi\u0105zuj\u0105 dodatkowe ograniczenia. Zapoznaj si\u0119 z aktualnymi zasadami bezpiecze\u0144stwa oraz sprawd\u017a, co si\u0119 zmieni\u0142o OGRANICZENIA W PRZEMIESZCZANIU<\/p>\n","protected":false},"author":6,"featured_media":23115,"comment_status":"open","ping_status":"closed","sticky":false,"template":"","format":"standard","meta":{"om_disable_all_campaigns":false,"_monsterinsights_skip_tracking":false,"_monsterinsights_sitenote_active":false,"_monsterinsights_sitenote_note":"","_monsterinsights_sitenote_category":0,"_uf_show_specific_survey":0,"_uf_disable_surveys":false,"footnotes":""},"categories":[2],"tags":[6443,5943,6445,5135,20,5,6145,6444],"aioseo_notices":[],"amp_enabled":true,"_links":{"self":[{"href":"https:\/\/www.noworudzianin.pl\/WWW\/wp-json\/wp\/v2\/posts\/23881"}],"collection":[{"href":"https:\/\/www.noworudzianin.pl\/WWW\/wp-json\/wp\/v2\/posts"}],"about":[{"href":"https:\/\/www.noworudzianin.pl\/WWW\/wp-json\/wp\/v2\/types\/post"}],"author":[{"embeddable":true,"href":"https:\/\/www.noworudzianin.pl\/WWW\/wp-json\/wp\/v2\/users\/6"}],"replies":[{"embeddable":true,"href":"https:\/\/www.noworudzianin.pl\/WWW\/wp-json\/wp\/v2\/comments?post=23881"}],"version-history":[{"count":3,"href":"https:\/\/www.noworudzianin.pl\/WWW\/wp-json\/wp\/v2\/posts\/23881\/revisions"}],"predecessor-version":[{"id":23884,"href":"https:\/\/www.noworudzianin.pl\/WWW\/wp-json\/wp\/v2\/posts\/23881\/revisions\/23884"}],"wp:featuredmedia":[{"embeddable":true,"href":"https:\/\/www.noworudzianin.pl\/WWW\/wp-json\/wp\/v2\/media\/23115"}],"wp:attachment":[{"href":"https:\/\/www.noworudzianin.pl\/WWW\/wp-json\/wp\/v2\/media?parent=23881"}],"wp:term":[{"taxonomy":"category","embeddable":true,"href":"https:\/\/www.noworudzianin.pl\/WWW\/wp-json\/wp\/v2\/categories?post=23881"},{"taxonomy":"post_tag","embeddable":true,"href":"https:\/\/www.noworudzianin.pl\/WWW\/wp-json\/wp\/v2\/tags?post=23881"}],"curies":[{"name":"wp","href":"https:\/\/api.w.org\/{rel}","templated":true}]}}