{"id":23928,"date":"2021-01-07T15:35:21","date_gmt":"2021-01-07T14:35:21","guid":{"rendered":"https:\/\/www.noworudzianin.pl\/WWW\/?p=23928"},"modified":"2021-01-07T15:40:00","modified_gmt":"2021-01-07T14:40:00","slug":"maly-zus-plus","status":"publish","type":"post","link":"https:\/\/www.noworudzianin.pl\/WWW\/2021\/01\/07\/maly-zus-plus\/","title":{"rendered":"Ma\u0142y ZUS plus"},"content":{"rendered":"<p><strong>Od pocz\u0105tku 2021 roku mo\u017cna zg\u0142asza\u0107 si\u0119 do ma\u0142ego ZUS plus, kt\u00f3ry uprawnia do p\u0142acenia ni\u017cszych sk\u0142adek na ubezpieczenie spo\u0142eczne. Ulga nie dotyczy sk\u0142adki zdrowotnej<\/strong><\/p>\n<p>Ma\u0142y ZUS plus jest dla przedsi\u0119biorcy, kt\u00f3rego przych\u00f3d w poprzednim roku kalendarzowym nie przekroczy\u0142 120 tys. z\u0142. Je\u015bli dzia\u0142alno\u015b\u0107 gospodarcza by\u0142a prowadzona kr\u00f3cej, limit przychodu wylicza si\u0119 proporcjonalnie do liczby dni prowadzenia firmy.<br \/>\n\u2013 Z ulgi skorzysta tylko osoba, kt\u00f3ra prowadzi\u0142a dzia\u0142alno\u015b\u0107 gospodarcz\u0105 w poprzednim roku przez co najmniej 60 dni \u2013 wyja\u015bnia Iwona Kowalska-Matis, rzecznik prasowy ZUS na Dolnym \u015al\u0105sku.<br \/>\nNa ma\u0142ym ZUS plus mo\u017cna by\u0107 maksymalnie przez 36 miesi\u0119cy w ci\u0105gu ostatnich 60 miesi\u0119cy prowadzenia firmy. Ulga dotyczy tylko sk\u0142adek na ubezpieczenia spo\u0142eczne.<br \/>\n\u2013 Przypominam, \u017ce ulga nie obejmuje sk\u0142adki zdrowotnej, kt\u00f3ra ca\u0142y czas trzeba p\u0142aci\u0107 w pe\u0142nej wysoko\u015bci \u2013 dodaje Kowalska-Matis.<br \/>\nPrzedsi\u0119biorca, kt\u00f3ry chce korzysta\u0107 z ma\u0142ego ZUS plus i spe\u0142nia warunki, powinien zg\u0142osi\u0107 si\u0119 do ulgi maksymalnie do 1 lutego 2021 r. \u017beby zg\u0142osi\u0107 si\u0119 do ma\u0142ego ZUS plus, najpierw nale\u017cy wyrejestrowa\u0107 si\u0119 z dotychczasowego kodu ubezpieczenia, czyli z\u0142o\u017cy\u0107 dokument ZUS ZWUA i zg\u0142osi\u0107 si\u0119 do ubezpiecze\u0144 na dokumencie ZUS ZUA lub ZUS ZZA z kodem w\u0142a\u015bciwym dla ma\u0142ego ZUS plus czyli 05 90 lub 05 92.<br \/>\nRzecznik zapewnia, \u017ce osoba, kt\u00f3ra korzysta\u0142a z ma\u0142ego ZUS plus w 2020 r. i nadal spe\u0142nia warunki w 2021 r. nie musi ponownie zg\u0142asza\u0107 si\u0119 do ulgi.<br \/>\nDodatkowo ka\u017cdy korzystaj\u0105cy z ma\u0142ego ZUS plus w 2021 r. musi z\u0142o\u017cy\u0107 dokumenty rozliczeniowe z informacj\u0105 o rocznym przychodzie, rocznym dochodzie oraz formach opodatkowania z tytu\u0142u prowadzenia dzia\u0142alno\u015bci gospodarczej.<br \/>\nKwota sk\u0142adek przy ma\u0142ym ZUS plus zale\u017cy od dochodu. Podstaw\u0105 wymiaru sk\u0142adek na ubezpieczenia spo\u0142eczne jest po\u0142owa przeci\u0119tnego miesi\u0119cznego dochodu uzyskanego z dzia\u0142alno\u015bci w poprzednim roku. Nie zmieni\u0142 si\u0119 za to spos\u00f3b obliczania minimalnej i maksymalnej podstawy wymiaru sk\u0142adek. Podstawa wymiaru sk\u0142adek nadal b\u0119dzie musia\u0142a si\u0119 mie\u015bci\u0107 pomi\u0119dzy 30 proc. minimalnego wynagrodzenia krajowego a 60 proc. prognozowanego przeci\u0119tnego wynagrodzenia (czyli mi\u0119dzy 840 a 3155,40 z\u0142 w 2021 roku).<br \/>\nZ ma\u0142ego ZUS plus wykluczone s\u0105 firmy, kt\u00f3re rozliczaj\u0105 si\u0119 na podstawie karty podatkowej z jednoczesnym zwolnieniem sprzeda\u017cy od podatku VAT oraz te, kt\u00f3re prowadz\u0105 tak\u017ce inn\u0105 pozarolnicz\u0105 dzia\u0142alno\u015b\u0107 (np. jako wsp\u00f3lnik sp\u00f3\u0142ki jawnej). Z ulgi nie skorzysta tak\u017ce osoba, kt\u00f3ra wykonuje dla by\u0142ego lub obecnego pracodawcy to, co robi\u0142a dla niego jako pracownik w bie\u017c\u0105cym lub poprzednim roku kalendarzowym.<br \/>\nUlga nie jest przeznaczona dla os\u00f3b, kt\u00f3re dopiero za\u0142o\u017cy\u0142y swoj\u0105 dzia\u0142alno\u015b\u0107. One mog\u0105 skorzysta\u0107 z innych mo\u017cliwo\u015bci: najpierw 6-miesi\u0119czna \u201eulga na start\u201d, a nast\u0119pnie dwa lata \u201epreferencyjnych sk\u0142adek\u201d op\u0142acanych od podstawy stanowi\u0105cej 30 proc. minimalnego wynagrodzenia. Wszystkie te ulgi s\u0105 dobrowolne. Wi\u0119cej informacji na temat ma\u0142ego ZUS plus na stronie internetowej www.zus.pl.<\/p>\n","protected":false},"excerpt":{"rendered":"<p>Od pocz\u0105tku 2021 roku mo\u017cna zg\u0142asza\u0107 si\u0119 do ma\u0142ego ZUS plus, kt\u00f3ry uprawnia do p\u0142acenia ni\u017cszych sk\u0142adek na ubezpieczenie spo\u0142eczne.<\/p>\n","protected":false},"author":6,"featured_media":22046,"comment_status":"open","ping_status":"closed","sticky":false,"template":"","format":"standard","meta":{"om_disable_all_campaigns":false,"_monsterinsights_skip_tracking":false,"_monsterinsights_sitenote_active":false,"_monsterinsights_sitenote_note":"","_monsterinsights_sitenote_category":0,"_uf_show_specific_survey":0,"_uf_disable_surveys":false,"footnotes":""},"categories":[2,363,29,9,6,3968],"tags":[6454,4986,6453,3970],"aioseo_notices":[],"amp_enabled":true,"_links":{"self":[{"href":"https:\/\/www.noworudzianin.pl\/WWW\/wp-json\/wp\/v2\/posts\/23928"}],"collection":[{"href":"https:\/\/www.noworudzianin.pl\/WWW\/wp-json\/wp\/v2\/posts"}],"about":[{"href":"https:\/\/www.noworudzianin.pl\/WWW\/wp-json\/wp\/v2\/types\/post"}],"author":[{"embeddable":true,"href":"https:\/\/www.noworudzianin.pl\/WWW\/wp-json\/wp\/v2\/users\/6"}],"replies":[{"embeddable":true,"href":"https:\/\/www.noworudzianin.pl\/WWW\/wp-json\/wp\/v2\/comments?post=23928"}],"version-history":[{"count":1,"href":"https:\/\/www.noworudzianin.pl\/WWW\/wp-json\/wp\/v2\/posts\/23928\/revisions"}],"predecessor-version":[{"id":23929,"href":"https:\/\/www.noworudzianin.pl\/WWW\/wp-json\/wp\/v2\/posts\/23928\/revisions\/23929"}],"wp:featuredmedia":[{"embeddable":true,"href":"https:\/\/www.noworudzianin.pl\/WWW\/wp-json\/wp\/v2\/media\/22046"}],"wp:attachment":[{"href":"https:\/\/www.noworudzianin.pl\/WWW\/wp-json\/wp\/v2\/media?parent=23928"}],"wp:term":[{"taxonomy":"category","embeddable":true,"href":"https:\/\/www.noworudzianin.pl\/WWW\/wp-json\/wp\/v2\/categories?post=23928"},{"taxonomy":"post_tag","embeddable":true,"href":"https:\/\/www.noworudzianin.pl\/WWW\/wp-json\/wp\/v2\/tags?post=23928"}],"curies":[{"name":"wp","href":"https:\/\/api.w.org\/{rel}","templated":true}]}}