{"id":23943,"date":"2021-01-08T12:24:29","date_gmt":"2021-01-08T11:24:29","guid":{"rendered":"https:\/\/www.noworudzianin.pl\/WWW\/?p=23943"},"modified":"2021-01-08T12:27:26","modified_gmt":"2021-01-08T11:27:26","slug":"nowy-rozklad-jazdy-pks-klodzko","status":"publish","type":"post","link":"https:\/\/www.noworudzianin.pl\/WWW\/2021\/01\/08\/nowy-rozklad-jazdy-pks-klodzko\/","title":{"rendered":"Nowy rozk\u0142ad jazdy PKS K\u0142odzko"},"content":{"rendered":"<p><strong>PKS w K\u0142odzku przedstawi\u0142 rozk\u0142ad jazdy, kt\u00f3ry obowi\u0105zuje od 1 stycznia 2021 r.<\/strong><\/p>\n<p>Przewo\u017anik zaplanowa\u0142 29 kurs\u00f3w \u0142\u0105cz\u0105cych K\u0142odzko z miejscowo\u015bciami na terenie powiatu k\u0142odzkiego. Trzeba pami\u0119ta\u0107, \u017ce w transporcie publicznym obowi\u0105zuj\u0105 ograniczenia: 50% liczby miejsc siedz\u0105cych, albo 30% liczby wszystkich miejsc siedz\u0105cych i stoj\u0105cych, przy jednoczesnym pozostawieniu w poje\u017adzie co najmniej 50% miejsc siedz\u0105cych niezaj\u0119tych.<\/p>\n<p><a href=\"https:\/\/www.noworudzianin.pl\/WWW\/wp-content\/uploads\/2021\/01\/rozklad.jpg\"><img loading=\"lazy\" decoding=\"async\" src=\"https:\/\/www.noworudzianin.pl\/WWW\/wp-content\/uploads\/2021\/01\/rozklad.jpg\" alt=\"\" width=\"1140\" height=\"1439\" class=\"alignnone size-full wp-image-23944\" srcset=\"https:\/\/www.noworudzianin.pl\/WWW\/wp-content\/uploads\/2021\/01\/rozklad.jpg 1140w, https:\/\/www.noworudzianin.pl\/WWW\/wp-content\/uploads\/2021\/01\/rozklad-238x300.jpg 238w, https:\/\/www.noworudzianin.pl\/WWW\/wp-content\/uploads\/2021\/01\/rozklad-630x795.jpg 630w, https:\/\/www.noworudzianin.pl\/WWW\/wp-content\/uploads\/2021\/01\/rozklad-768x969.jpg 768w\" sizes=\"(max-width: 1140px) 100vw, 1140px\" \/><\/a><br \/>\n<a href=\"https:\/\/www.noworudzianin.pl\/WWW\/wp-content\/uploads\/2021\/01\/rozklad-2.jpg\"><img loading=\"lazy\" decoding=\"async\" src=\"https:\/\/www.noworudzianin.pl\/WWW\/wp-content\/uploads\/2021\/01\/rozklad-2.jpg\" alt=\"\" width=\"1144\" height=\"1079\" class=\"alignnone size-full wp-image-23945\" srcset=\"https:\/\/www.noworudzianin.pl\/WWW\/wp-content\/uploads\/2021\/01\/rozklad-2.jpg 1144w, https:\/\/www.noworudzianin.pl\/WWW\/wp-content\/uploads\/2021\/01\/rozklad-2-300x283.jpg 300w, https:\/\/www.noworudzianin.pl\/WWW\/wp-content\/uploads\/2021\/01\/rozklad-2-630x594.jpg 630w, https:\/\/www.noworudzianin.pl\/WWW\/wp-content\/uploads\/2021\/01\/rozklad-2-768x724.jpg 768w\" sizes=\"(max-width: 1144px) 100vw, 1144px\" \/><\/a><\/p>\n","protected":false},"excerpt":{"rendered":"<p>PKS w K\u0142odzku przedstawi\u0142 rozk\u0142ad jazdy, kt\u00f3ry obowi\u0105zuje od 1 stycznia 2021 r. Przewo\u017anik zaplanowa\u0142 29 kurs\u00f3w \u0142\u0105cz\u0105cych K\u0142odzko z<\/p>\n","protected":false},"author":6,"featured_media":22800,"comment_status":"open","ping_status":"closed","sticky":false,"template":"","format":"standard","meta":{"om_disable_all_campaigns":false,"_monsterinsights_skip_tracking":false,"_monsterinsights_sitenote_active":false,"_monsterinsights_sitenote_note":"","_monsterinsights_sitenote_category":0,"_uf_show_specific_survey":0,"_uf_disable_surveys":false,"footnotes":""},"categories":[2,29,9,6,2076,1858],"tags":[6351,5813,20,5,6464,5812],"aioseo_notices":[],"amp_enabled":true,"_links":{"self":[{"href":"https:\/\/www.noworudzianin.pl\/WWW\/wp-json\/wp\/v2\/posts\/23943"}],"collection":[{"href":"https:\/\/www.noworudzianin.pl\/WWW\/wp-json\/wp\/v2\/posts"}],"about":[{"href":"https:\/\/www.noworudzianin.pl\/WWW\/wp-json\/wp\/v2\/types\/post"}],"author":[{"embeddable":true,"href":"https:\/\/www.noworudzianin.pl\/WWW\/wp-json\/wp\/v2\/users\/6"}],"replies":[{"embeddable":true,"href":"https:\/\/www.noworudzianin.pl\/WWW\/wp-json\/wp\/v2\/comments?post=23943"}],"version-history":[{"count":4,"href":"https:\/\/www.noworudzianin.pl\/WWW\/wp-json\/wp\/v2\/posts\/23943\/revisions"}],"predecessor-version":[{"id":23949,"href":"https:\/\/www.noworudzianin.pl\/WWW\/wp-json\/wp\/v2\/posts\/23943\/revisions\/23949"}],"wp:featuredmedia":[{"embeddable":true,"href":"https:\/\/www.noworudzianin.pl\/WWW\/wp-json\/wp\/v2\/media\/22800"}],"wp:attachment":[{"href":"https:\/\/www.noworudzianin.pl\/WWW\/wp-json\/wp\/v2\/media?parent=23943"}],"wp:term":[{"taxonomy":"category","embeddable":true,"href":"https:\/\/www.noworudzianin.pl\/WWW\/wp-json\/wp\/v2\/categories?post=23943"},{"taxonomy":"post_tag","embeddable":true,"href":"https:\/\/www.noworudzianin.pl\/WWW\/wp-json\/wp\/v2\/tags?post=23943"}],"curies":[{"name":"wp","href":"https:\/\/api.w.org\/{rel}","templated":true}]}}