{"id":23974,"date":"2021-01-11T21:00:23","date_gmt":"2021-01-11T20:00:23","guid":{"rendered":"https:\/\/www.noworudzianin.pl\/WWW\/?p=23974"},"modified":"2021-01-11T21:00:23","modified_gmt":"2021-01-11T20:00:23","slug":"ograniczenia-w-polsce-przedluzone","status":"publish","type":"post","link":"https:\/\/www.noworudzianin.pl\/WWW\/2021\/01\/11\/ograniczenia-w-polsce-przedluzone\/","title":{"rendered":"Ograniczenia w Polsce przed\u0142u\u017cone"},"content":{"rendered":"<p><strong>Rz\u0105d zdecydowa\u0142 o przed\u0142u\u017ceniu obowi\u0105zuj\u0105cych ogranicze\u0144 i restrykcji o kolejne dwa tygodnie. Trudna sytuacja w Europie dotycz\u0105ca COVID-19 oraz wci\u0105\u017c wysoka liczba os\u00f3b w szpitalach i pod respiratorami w Polsce powoduj\u0105, \u017ce konieczne jest przed\u0142u\u017cenie obowi\u0105zuj\u0105cych obostrze\u0144 zwi\u0105zanych z pandemi\u0105 do 31 stycznia<\/strong><\/p>\n<p>\u2013 Wsz\u0119dzie w Europie wida\u0107 narastaj\u0105c\u0105 trzeci\u0105 fal\u0119. Widzimy w Czechach i na S\u0142owacji, \u017ce sytuacja ulega pogorszeniu \u2013 powiedzia\u0142 Adam Niedzielski, minister zdrowia. \u2013 Nie mamy dynamicznego wzrostu czy zgon\u00f3w, czy ob\u0142o\u017cenia szpitalnego. Poziom zaj\u0119to\u015bci respirator\u00f3w, \u0142\u00f3\u017cek nadal waha si\u0119 poni\u017cej 50 proc. \u2013 powiedzia\u0142 minister.<br \/>\nZbyt wczesne wycofanie obostrze\u0144, mo\u017ce doprowadzi\u0107 do drastycznego przyrostu zachorowa\u0144. 18 stycznia uczniowie klas I-III wr\u00f3c\u0105 do szk\u00f3\u0142 w \u015bcis\u0142ym re\u017cimie sanitarnym. Przygotowali\u015bmy wytyczne oraz harmonogram testowania nauczycieli.<\/p>\n<p>Decyzje w sprawie przed\u0142u\u017cenia obowi\u0105zuj\u0105cych obostrze\u0144 podejmujemy wsp\u00f3lnie z naszymi specjalistami z zakresu zdrowia publicznego, profesorami, wirusologami, epidemiologami. Musimy podejmowa\u0107 odpowiedzialne decyzje, uwzgl\u0119dniaj\u0105c realia epidemiczne. Wysoka liczba os\u00f3b w szpitalach i pod respiratorami w Polsce powoduje, \u017ce konieczne jest przed\u0142u\u017cenie obowi\u0105zuj\u0105cych obostrze\u0144 zwi\u0105zanych z pandemi\u0105. Dotychczasowe zasady bezpiecze\u0144stwa dotycz\u0105ce zamkni\u0119cia lub ograniczenia np. niekt\u00f3rych bran\u017c gospodarki b\u0119d\u0105 obowi\u0105zywa\u0142y tak\u017ce po 17 stycznia \u2013 do 31 stycznia. O tym, co b\u0119dzie dalej, zadecydujemy my sami. To od nas zale\u017cy, czy przed\u0142u\u017cenie etapu odpowiedzialno\u015bci umo\u017cliwi ograniczenie rozprzestrzeniania si\u0119 wirusa i pozwoli na znoszenie ogranicze\u0144.<\/p>\n<p><strong>Najwa\u017cniejsze obostrzenia zwi\u0105zane z COVID-19<\/strong><br \/>\nObowi\u0105zuje utrzymywanie co najmniej 1,5-metrowej odleg\u0142o\u015bci mi\u0119dzy pieszymi.<br \/>\nKonieczne jest zas\u0142anianie ust i nosa w miejscach publicznych, m.in. na ulicy, w autobusie, w przychodni czy w ko\u015bciele.<br \/>\nOgraniczona jest dzia\u0142alno\u015b\u0107 galerii handlowych \u2013 otwarte pozostaj\u0105 tam np. tylko apteki czy sklepy z artyku\u0142ami spo\u017cywczymi.<br \/>\nObowi\u0105zuje zakaz dzia\u0142alno\u015bci stacjonarnej restauracji \u2013 mo\u017cliwy jest jedynie dow\u00f3z oraz podawanie \u017cywno\u015bci na wynos.<br \/>\nOgraniczone jest prowadzenie dzia\u0142alno\u015bci hotelarskiej (z wyj\u0105tkami).<br \/>\nNieczynne s\u0105 stoki narciarskie.<br \/>\nZawieszona jest dzia\u0142alno\u015b\u0107 plac\u00f3wek kultury, w tym m.in. teatr\u00f3w, kin czy muze\u00f3w.<br \/>\nObowi\u0105zuje zakaz dzia\u0142alno\u015bci klub\u00f3w nocnych, dyskotek i innych miejsc udost\u0119pnionych do ta\u0144czenia.<br \/>\nZawieszona jest dzia\u0142alno\u015b\u0107 basen\u00f3w, aquapark\u00f3w, si\u0142owni, klub\u00f3w i centr\u00f3w fitness (z wyj\u0105tkami).<br \/>\n\u015arodkami transportu zbiorowego mo\u017ce podr\u00f3\u017cowa\u0107 ograniczona liczba os\u00f3b.<br \/>\nW ko\u015bcio\u0142ach obowi\u0105zuje limit os\u00f3b \u2013 max. 1 osoba na 15 m2, przy zachowaniu odleg\u0142o\u015bci nie mniejszej ni\u017c 1,5 m.<br \/>\nW zgromadzeniach publicznych mo\u017ce uczestniczy\u0107 max. 5 os\u00f3b.<br \/>\nObowi\u0105zuj\u0105 godziny dla senior\u00f3w (od poniedzia\u0142ku do pi\u0105tku w godzinach 10:00 \u2013 12:00).<br \/>\nObowi\u0105zuje zakaz organizacji wesel, komunii, konsolacji i innych uroczysto\u015bci oraz przyj\u0119\u0107 okoliczno\u015bciowych.<br \/>\nTargi, wystawy, kongresy i konferencje mog\u0105 odbywa\u0107 si\u0119 wy\u0142\u0105cznie on-line.<br \/>\nObowi\u0105zuj\u0105 ograniczenia zwi\u0105zane z przekraczaniem granicy i ruchem mi\u0119dzynarodowym.<\/p>\n<p><strong>Powr\u00f3t klas I-III do szk\u00f3\u0142<\/strong><br \/>\nMamy gotowe wytyczne sanitarne oraz harmonogram przeprowadzania test\u00f3w przesiewowych na obecno\u015b\u0107 SARS-Cov-2 dla nauczycieli klas I-III szk\u00f3\u0142 podstawowych. Ministerstwo Nauki i Edukacji odby\u0142o szereg rozm\u00f3w z kuratorami o\u015bwiaty, Rad\u0105 Konsultacyjn\u0105 ds. bezpiecze\u0144stwa w edukacji, G\u0142\u00f3wnym Inspektorem Sanitarnym oraz Ministerstwem Zdrowia.<br \/>\nPowr\u00f3t uczni\u00f3w klas I-III do szk\u00f3\u0142 odb\u0119dzie si\u0119 18 stycznia w \u015bcis\u0142ym re\u017cimie sanitarnym. Wytyczne w du\u017cej mierze opieraj\u0105 si\u0119 na zapisach znanych ju\u017c z wrze\u015bnia 2020 r. Nauczycieli mog\u0105 wykona\u0107 test PCR, w kierunku wykrycia koronawirusa w jednostkach inspekcji sanitarnej oraz w punktach drive thru. Listy punkt\u00f3w i godziny poboru wymaz\u00f3w od nauczycieli i pracownik\u00f3w szk\u00f3\u0142 opublikowane zostan\u0105 na stronach internetowych Wojew\u00f3dzkich Stacji Sanitarno-Epidemiologicznych i Powiatowych Stacji Sanitarno-Epidemiologicznych.<\/p>\n<p><strong>Rz\u0105d wspiera polskich przedsi\u0119biorc\u00f3w<\/strong><br \/>\nWsparcie wyp\u0142acone firmom i pracownikom z Tarczy Antykryzysowej, Finansowej i Pomocowej przekroczy\u0142o 170 mld z\u0142 i uratowa\u0142o ponad 5 mln miejsc pracy.<br \/>\nPolskich przedsi\u0119biorc\u00f3w wespr\u0105 tak\u017ce rozwi\u0105zania przewidziane w Tarczy Bran\u017cowej m.in. zwolnienie ze sk\u0142adek ZUS za listopad, ustanowienie jednorazowego dodatkowego \u015bwiadczenia postojowego w wysoko\u015bci 2080 z\u0142, dop\u0142ata dla przedsi\u0119biorc\u00f3w w wysoko\u015bci 2 tys. z\u0142 do ka\u017cdego miejsca pracy, w tym umowy zlecenie, dotacja w wysoko\u015bci do 5 tys. z\u0142 oraz zawieszenie op\u0142aty targowej w 2021 roku.<br \/>\nKomisja Europejska zatwierdzi\u0142a za\u0142o\u017cenia Tarczy Finansowej PFR 2.0, kt\u00f3ra zak\u0142ada wyp\u0142acenie 13 mld z\u0142 dla mikro i \u015brednich firm. Polski rz\u0105d wesprze finansowo przedsi\u0119biorc\u00f3w z 38 bran\u017c, najbardziej dotkni\u0119tych skutkami wywo\u0142anymi pandemi\u0105 koronawirusa. Uprawnione firmy b\u0119d\u0105 mog\u0142y sk\u0142ada\u0107 wnioski ju\u017c od 15 stycznia do 28 lutego br.<\/p>\n<p><strong>Trwa akcja szczepie\u0144 przeciw COVID-19<\/strong><br \/>\nDysponujemy skuteczn\u0105 broni\u0105 w walce z wirusem &#8211; szczepionk\u0105. Trudny czas pandemii b\u0119dzie dobiega\u0142 ko\u0144ca z ka\u017cd\u0105 kolejn\u0105 zaszczepion\u0105 osob\u0105. Dop\u00f3ki du\u017ca cz\u0119\u015b\u0107 spo\u0142ecze\u0144stwa nie zaszczepi si\u0119 na koronawirusa, b\u0119dziemy musieli nadal przestrzega\u0107 podstawowych zasad bezpiecze\u0144stwa.<br \/>\nObecnie nasz kraj jest w pierwszej 10 pod wzgl\u0119dem liczby wykonywanych szczepie\u0144 w Unii Europejskiej. W Polsce uda\u0142o si\u0119 zaszczepi\u0107 ju\u017c ponad 200 tys. os\u00f3b.<br \/>\nAktualnie trwaj\u0105 szczepienia w tzw. grupie \u201ezero\u201d, czyli przeznaczone dla os\u00f3b, kt\u00f3re walcz\u0105 na pierwszym froncie z COVID-19. S\u0105 to m.in. pracownicy sektora ochrony zdrowia, personel pomocniczy i administracyjny w plac\u00f3wkach medycznych czy pracownicy dom\u00f3w pomocy spo\u0142ecznej.<br \/>\nW kolejnym etapie, kt\u00f3ry rozpocznie si\u0119 15 stycznia, ze szczepie\u0144 b\u0119d\u0105 mogli skorzysta\u0107 pensjonariusze dom\u00f3w pomocy spo\u0142ecznej oraz zak\u0142ad\u00f3w opieku\u0144czo-leczniczych piel\u0119gnacyjno-opieku\u0144czych i innych miejsc stacjonarnego pobytu. Tego dnia rozpocznie si\u0119 tak\u017ce rejestracja do szczepienia dla os\u00f3b powy\u017cej 80. roku \u017cycia, kt\u00f3ra potrwa do 21 stycznia. W nast\u0119pnym kroku zaszczepione zostan\u0105 osoby powy\u017cej 70. roku \u017cycia oraz s\u0142u\u017cby mundurowe, w tym Wojsko Polskie oraz nauczyciele. Rejestracja pacjent\u00f3w powy\u017cej 70. roku \u017cycia rozpocznie si\u0119 od 22 stycznia.<\/p>\n<p><strong>Rzetelne \u017ar\u00f3d\u0142a informacji<\/strong><br \/>\nKancelaria Premiera uruchomi\u0142a stron\u0119 internetow\u0105 gov.pl\/szczepimysie, gdzie znajduj\u0105 si\u0119 kompleksowe i sprawdzone informacje na temat szczepionki. Dla obywateli przeznaczona jest r\u00f3wnie\u017c bezp\u0142atna, ca\u0142odobowa infolinia Narodowego Programu Szczepie\u0144 przeciw COVID-19, dost\u0119pna pod numerem 989.<br \/>\nTrwa tak\u017ce kampania informacyjna pod has\u0142em #SzczepimySi\u0119. W telewizji, radiu i Internecie prezentowane s\u0105 specjalne spoty, a na ulicach polskich miast zawis\u0142y billboardy. Ponadto akcja #SzczepimySi\u0119 obecna jest w mediach spo\u0142eczno\u015bciowych, gdzie mo\u017cemy m.in. obejrze\u0107 kr\u00f3tkie animacje oraz dowiedzie\u0107 si\u0119 wi\u0119cej na temat szczepie\u0144 z infografik.<\/p>\n<p>Szczeg\u00f3\u0142owe informacje na stronach:<br \/>\n<strong><a href=\"http:\/\/www.gov.pl\/szczepimysie\" rel=\"noopener\" target=\"_blank\">gov.pl\/szczepimysie<\/a><\/strong><br \/>\n<strong><a href=\"http:\/\/www.gov.pl\/koronawirus\" rel=\"noopener\" target=\"_blank\">gov.pl\/koronawirus<\/a><\/strong><\/p>\n","protected":false},"excerpt":{"rendered":"<p>Rz\u0105d zdecydowa\u0142 o przed\u0142u\u017ceniu obowi\u0105zuj\u0105cych ogranicze\u0144 i restrykcji o kolejne dwa tygodnie. Trudna sytuacja w Europie dotycz\u0105ca COVID-19 oraz wci\u0105\u017c<\/p>\n","protected":false},"author":6,"featured_media":23975,"comment_status":"open","ping_status":"closed","sticky":false,"template":"","format":"standard","meta":{"om_disable_all_campaigns":false,"_monsterinsights_skip_tracking":false,"_monsterinsights_sitenote_active":false,"_monsterinsights_sitenote_note":"","_monsterinsights_sitenote_category":0,"_uf_show_specific_survey":0,"_uf_disable_surveys":false,"footnotes":""},"categories":[2,29,9,6,281],"tags":[5943,5206,6472,5803,6473,20,5,6145,6471,6146],"aioseo_notices":[],"amp_enabled":true,"_links":{"self":[{"href":"https:\/\/www.noworudzianin.pl\/WWW\/wp-json\/wp\/v2\/posts\/23974"}],"collection":[{"href":"https:\/\/www.noworudzianin.pl\/WWW\/wp-json\/wp\/v2\/posts"}],"about":[{"href":"https:\/\/www.noworudzianin.pl\/WWW\/wp-json\/wp\/v2\/types\/post"}],"author":[{"embeddable":true,"href":"https:\/\/www.noworudzianin.pl\/WWW\/wp-json\/wp\/v2\/users\/6"}],"replies":[{"embeddable":true,"href":"https:\/\/www.noworudzianin.pl\/WWW\/wp-json\/wp\/v2\/comments?post=23974"}],"version-history":[{"count":1,"href":"https:\/\/www.noworudzianin.pl\/WWW\/wp-json\/wp\/v2\/posts\/23974\/revisions"}],"predecessor-version":[{"id":23976,"href":"https:\/\/www.noworudzianin.pl\/WWW\/wp-json\/wp\/v2\/posts\/23974\/revisions\/23976"}],"wp:featuredmedia":[{"embeddable":true,"href":"https:\/\/www.noworudzianin.pl\/WWW\/wp-json\/wp\/v2\/media\/23975"}],"wp:attachment":[{"href":"https:\/\/www.noworudzianin.pl\/WWW\/wp-json\/wp\/v2\/media?parent=23974"}],"wp:term":[{"taxonomy":"category","embeddable":true,"href":"https:\/\/www.noworudzianin.pl\/WWW\/wp-json\/wp\/v2\/categories?post=23974"},{"taxonomy":"post_tag","embeddable":true,"href":"https:\/\/www.noworudzianin.pl\/WWW\/wp-json\/wp\/v2\/tags?post=23974"}],"curies":[{"name":"wp","href":"https:\/\/api.w.org\/{rel}","templated":true}]}}