{"id":24266,"date":"2021-01-28T09:26:16","date_gmt":"2021-01-28T08:26:16","guid":{"rendered":"https:\/\/www.noworudzianin.pl\/WWW\/?p=24266"},"modified":"2021-01-28T09:26:16","modified_gmt":"2021-01-28T08:26:16","slug":"wazna-informacja-dla-wlascicieli-pojazdow","status":"publish","type":"post","link":"https:\/\/www.noworudzianin.pl\/WWW\/2021\/01\/28\/wazna-informacja-dla-wlascicieli-pojazdow\/","title":{"rendered":"Wa\u017cna informacja dla w\u0142a\u015bcicieli pojazd\u00f3w"},"content":{"rendered":"<p><strong>Od 1 stycznia 2021 r. obowi\u0105zuj\u0105 30-dniowe terminy na rejestracj\u0119 pojazdu oraz na zawiadomienie o zbyciu lub nabyciu pojazdu<\/strong><\/p>\n<p>Po 31 grudnia 2020 r. powr\u00f3ci\u0142y terminy 30-dniowe. Przepisy dotycz\u0105 pojazd\u00f3w sprowadzonych z terytorium pa\u0144stw cz\u0142onkowskich Unii Europejskiej po 31 grudnia 2020 r. oraz zarejestrowanych na terytorium Polski zakupionych lub sprzedanych po 31 grudnia 2020 r.<br \/>\nWyd\u0142u\u017cone 180-dniowe terminy na zarejestrowanie pojazdu, wprowadzone ustaw\u0105 antycovidow\u0105, obowi\u0105zywa\u0142y od 31 marca do 31 grudnia 2020 r.<br \/>\nStarostwo Powiatowe w K\u0142odzku zach\u0119ca do za\u0142atwienia spraw zwi\u0105zanych z rejestracj\u0105 pojazdu w nast\u0119puj\u0105cy spos\u00f3b:<br \/>\n\u2013 umawiaj\u0105c si\u0119 przez internetow\u0105 rejestracj\u0119 do kolejki do Wydzia\u0142u Komunikacji w K\u0142odzku <strong><a href=\"http:\/\/www.kolejka.powiat.klodzko.pl\" rel=\"noopener\" target=\"_blank\">www.kolejka.powiat.klodzko.pl<\/a><\/strong><br \/>\n\u2013 lub przez e-PUAP, u\u017cywaj\u0105c Profil Zaufany lub Podpis Kwalifikowany,<br \/>\n\u2013 osobi\u015bcie w Starostwie Powiatowym w K\u0142odzku oraz Oddzia\u0142ach zamiejscowych w Nowej Rudzie i Bystrzycy K\u0142.<\/p>\n","protected":false},"excerpt":{"rendered":"<p>Od 1 stycznia 2021 r. obowi\u0105zuj\u0105 30-dniowe terminy na rejestracj\u0119 pojazdu oraz na zawiadomienie o zbyciu lub nabyciu pojazdu Po<\/p>\n","protected":false},"author":6,"featured_media":24267,"comment_status":"open","ping_status":"closed","sticky":false,"template":"","format":"standard","meta":{"om_disable_all_campaigns":false,"_monsterinsights_skip_tracking":false,"_monsterinsights_sitenote_active":false,"_monsterinsights_sitenote_note":"","_monsterinsights_sitenote_category":0,"_uf_show_specific_survey":0,"_uf_disable_surveys":false,"footnotes":""},"categories":[2,29,9,6,2076,1858],"tags":[20,5,1860,6470,6532,4804],"aioseo_notices":[],"amp_enabled":true,"_links":{"self":[{"href":"https:\/\/www.noworudzianin.pl\/WWW\/wp-json\/wp\/v2\/posts\/24266"}],"collection":[{"href":"https:\/\/www.noworudzianin.pl\/WWW\/wp-json\/wp\/v2\/posts"}],"about":[{"href":"https:\/\/www.noworudzianin.pl\/WWW\/wp-json\/wp\/v2\/types\/post"}],"author":[{"embeddable":true,"href":"https:\/\/www.noworudzianin.pl\/WWW\/wp-json\/wp\/v2\/users\/6"}],"replies":[{"embeddable":true,"href":"https:\/\/www.noworudzianin.pl\/WWW\/wp-json\/wp\/v2\/comments?post=24266"}],"version-history":[{"count":1,"href":"https:\/\/www.noworudzianin.pl\/WWW\/wp-json\/wp\/v2\/posts\/24266\/revisions"}],"predecessor-version":[{"id":24268,"href":"https:\/\/www.noworudzianin.pl\/WWW\/wp-json\/wp\/v2\/posts\/24266\/revisions\/24268"}],"wp:featuredmedia":[{"embeddable":true,"href":"https:\/\/www.noworudzianin.pl\/WWW\/wp-json\/wp\/v2\/media\/24267"}],"wp:attachment":[{"href":"https:\/\/www.noworudzianin.pl\/WWW\/wp-json\/wp\/v2\/media?parent=24266"}],"wp:term":[{"taxonomy":"category","embeddable":true,"href":"https:\/\/www.noworudzianin.pl\/WWW\/wp-json\/wp\/v2\/categories?post=24266"},{"taxonomy":"post_tag","embeddable":true,"href":"https:\/\/www.noworudzianin.pl\/WWW\/wp-json\/wp\/v2\/tags?post=24266"}],"curies":[{"name":"wp","href":"https:\/\/api.w.org\/{rel}","templated":true}]}}