{"id":24514,"date":"2021-02-22T10:00:53","date_gmt":"2021-02-22T09:00:53","guid":{"rendered":"https:\/\/www.noworudzianin.pl\/WWW\/?p=24514"},"modified":"2021-02-22T10:01:24","modified_gmt":"2021-02-22T09:01:24","slug":"monika-mnich-nie-zyje","status":"publish","type":"post","link":"https:\/\/www.noworudzianin.pl\/WWW\/2021\/02\/22\/monika-mnich-nie-zyje\/","title":{"rendered":"Monika Mnich nie \u017cyje"},"content":{"rendered":"<p><strong>\u201eOgromnie boli my\u015bl o chwili,<br \/>\nw kt\u00f3rej nie b\u0119dzie ju\u017c nast\u0119pnych dni\u2026\u201d<\/strong><\/p>\n<p><strong>Z wielkim \u017calem \u017cegnamy Monik\u0119 Mnich (z domu Muzyka).<\/strong><\/p>\n<p>Monika urodzi\u0142a si\u0119 26 sierpnia 1990 r. Dzieci\u0144stwo i m\u0142odo\u015b\u0107 sp\u0119dzi\u0142a w Jugowie, kt\u00f3ry opu\u015bci\u0142a po zawarciu zwi\u0105zku ma\u0142\u017ce\u0144skiego z Robertem Mnichem, przenosz\u0105c si\u0119 do Opola. Tam na \u015bwiat przysz\u0142a dw\u00f3jka ich dzieci: \u0141ucja oraz Heniu.<br \/>\nWspania\u0142a \u017cona, mama, c\u00f3rka, siostra, przyjaci\u00f3\u0142ka, instruktorka harcerska, nauczycielka, ale przede wszystkim Dobry Cz\u0142owiek. Podczas swojego, bardzo kr\u00f3tkiego, ziemskiego \u017cycia nie szcz\u0119dzi\u0142a si\u0142, aby pomaga\u0107 tym, kt\u00f3rzy tej pomocy potrzebowali.<br \/>\nPrzez wiele lat dzia\u0142a\u0142a jako wolontariuszka jednej z najbardziej rozpoznawalnych akcji spo\u0142ecznych w Polsce \u2013 Szlachetna paczka. Jednym z jej ostatnich dzia\u0142a\u0144 by\u0142o organizowanie pomocy na leczenie chorej Paulinki, poprzez przekazywanie 1% podatku, oddawanie nakr\u0119tek oraz dokonywanie wp\u0142at poprzez link:<br \/>\n<a href=\"https:\/\/dzieciom.pl\/podopieczni\/38208\" rel=\"noopener\" target=\"_blank\">https:\/\/dzieciom.pl\/podopieczni\/38208<\/a>.<br \/>\nNiestety, Moniki ju\u017c z nami nie ma. B\u0119dziemy o Niej pami\u0119ta\u0107, patrz\u0105c jak rosn\u0105 i rozwijaj\u0105 si\u0119 jej dzieci: czteroletnia \u0141ucja oraz pi\u0119tnastomiesi\u0119czny Heniu. Nigdy nie zast\u0105pimy im mamy: jej blisko\u015bci, matczynej opieki i bezwarunkowej mi\u0142o\u015bci. Chcemy jednak wesprze\u0107 ich tat\u0119 Roberta, w tym jak\u017ce trudnym dla niego i dzieci czasie.<br \/>\nProsimy o wsparcie Zbi\u00f3rki dla Henia i \u0141ucji \u2013 dzieci zmar\u0142ej Moniki:<br \/>\n<a href=\"https:\/\/zrzutka.pl\/vd4dsw\" rel=\"noopener\" target=\"_blank\"><strong>https:\/\/zrzutka.pl\/vd4dsw<\/strong><\/a>.<\/p>\n","protected":false},"excerpt":{"rendered":"<p>\u201eOgromnie boli my\u015bl o chwili, w kt\u00f3rej nie b\u0119dzie ju\u017c nast\u0119pnych dni\u2026\u201d Z wielkim \u017calem \u017cegnamy Monik\u0119 Mnich (z domu<\/p>\n","protected":false},"author":6,"featured_media":24515,"comment_status":"open","ping_status":"closed","sticky":false,"template":"","format":"standard","meta":{"om_disable_all_campaigns":false,"_monsterinsights_skip_tracking":false,"_monsterinsights_sitenote_active":false,"_monsterinsights_sitenote_note":"","_monsterinsights_sitenote_category":0,"_uf_show_specific_survey":0,"_uf_disable_surveys":false,"footnotes":""},"categories":[2,29,152],"tags":[6618,6617,6619,20,5],"aioseo_notices":[],"amp_enabled":true,"_links":{"self":[{"href":"https:\/\/www.noworudzianin.pl\/WWW\/wp-json\/wp\/v2\/posts\/24514"}],"collection":[{"href":"https:\/\/www.noworudzianin.pl\/WWW\/wp-json\/wp\/v2\/posts"}],"about":[{"href":"https:\/\/www.noworudzianin.pl\/WWW\/wp-json\/wp\/v2\/types\/post"}],"author":[{"embeddable":true,"href":"https:\/\/www.noworudzianin.pl\/WWW\/wp-json\/wp\/v2\/users\/6"}],"replies":[{"embeddable":true,"href":"https:\/\/www.noworudzianin.pl\/WWW\/wp-json\/wp\/v2\/comments?post=24514"}],"version-history":[{"count":2,"href":"https:\/\/www.noworudzianin.pl\/WWW\/wp-json\/wp\/v2\/posts\/24514\/revisions"}],"predecessor-version":[{"id":24517,"href":"https:\/\/www.noworudzianin.pl\/WWW\/wp-json\/wp\/v2\/posts\/24514\/revisions\/24517"}],"wp:featuredmedia":[{"embeddable":true,"href":"https:\/\/www.noworudzianin.pl\/WWW\/wp-json\/wp\/v2\/media\/24515"}],"wp:attachment":[{"href":"https:\/\/www.noworudzianin.pl\/WWW\/wp-json\/wp\/v2\/media?parent=24514"}],"wp:term":[{"taxonomy":"category","embeddable":true,"href":"https:\/\/www.noworudzianin.pl\/WWW\/wp-json\/wp\/v2\/categories?post=24514"},{"taxonomy":"post_tag","embeddable":true,"href":"https:\/\/www.noworudzianin.pl\/WWW\/wp-json\/wp\/v2\/tags?post=24514"}],"curies":[{"name":"wp","href":"https:\/\/api.w.org\/{rel}","templated":true}]}}