{"id":24686,"date":"2021-03-09T13:32:42","date_gmt":"2021-03-09T12:32:42","guid":{"rendered":"https:\/\/www.noworudzianin.pl\/WWW\/?p=24686"},"modified":"2021-03-09T13:32:42","modified_gmt":"2021-03-09T12:32:42","slug":"wyjazdy-do-sanatoriow-wznowione","status":"publish","type":"post","link":"https:\/\/www.noworudzianin.pl\/WWW\/2021\/03\/09\/wyjazdy-do-sanatoriow-wznowione\/","title":{"rendered":"Wyjazdy do sanatori\u00f3w wznowione"},"content":{"rendered":"<p><strong>ZUS znowu kieruje do sanator\u00f3w na rehabilitacj\u0119 w ramach prewencji rentowej. Wyjazdy zostan\u0105 wznowione od 15 marca 2021 roku. Osoby, kt\u00f3re b\u0119d\u0105 z nich korzysta\u0107 musz\u0105 pami\u0119ta\u0107 o kilku wa\u017cnych rzeczach, w\u015br\u00f3d kt\u00f3rych najwa\u017cniejszy jest negatywny test na Covid-19<\/strong><\/p>\n<p>Osobie, kt\u00f3ra zosta\u0142a skierowana na rehabilitacj\u0119 lecznicz\u0105 w systemie stacjonarnym, ZUS przeka\u017ce zawiadomienie o skierowaniu na rehabilitacj\u0119 wraz z ulotk\u0105 informacyjn\u0105. Takie zawiadomienia dostan\u0105 r\u00f3wnie\u017c te osoby, kt\u00f3re otrzyma\u0142y je wcze\u015bniej, a ze wzgl\u0119du na wstrzymanie wyjazd\u00f3w nie mog\u0142y z nich skorzysta\u0107.<br \/>\n\u2013 Gdy kto\u015b dostanie zawiadomienie o wyje\u017adzie powinien przekaza\u0107 sw\u00f3j numer telefonu do oddzia\u0142u ZUS, kt\u00f3ry skierowa\u0142 na rehabilitacj\u0119 albo do o\u015brodka rehabilitacyjnego, do kt\u00f3rego jest skierowanie \u2013 wyja\u015bnia Iwona Kowalska-Matis, rzecznik prasowy ZUS na Dolnym \u015al\u0105sku. \u2013 Warunkiem rozpocz\u0119cia rehabilitacji leczniczej w systemie stacjonarnym jest negatywny wynik testu diagnostycznego w kierunku SARS-CoV-2 \u2013 dodaje.<br \/>\nJak wyja\u015bnia rzecznik, przed wyjazdem do o\u015brodka rehabilitacyjnego konieczne jest wykonanie testu. O zleceniu wykonania testu poinformuje o\u015brodek rehabilitacyjny. Test jest bezp\u0142atny i nie mo\u017ce by\u0107 starszy ni\u017c 4 dni.<br \/>\n\u2013 Aby test wykona\u0107 nale\u017cy zg\u0142osi\u0107 si\u0119 do punktu pobra\u0144, do kt\u00f3rego skieruje nas sanatorium i poczeka\u0107 z wyjazdem na informacj\u0119 czy test jest negatywny \u2013 dodaje Iwona Kowalska-Matis.<br \/>\nNa badanie nale\u017cy zabra\u0107 dokument to\u017csamo\u015bci ze zdj\u0119ciem oraz zawiadomienie o skierowaniu na rehabilitacj\u0119 lecznicz\u0105. O wyniku testu poinformuje telefonicznie o\u015brodek rehabilitacyjny. Co wa\u017cne, nie nale\u017cy planowa\u0107 wyjazdu zanim o\u015brodek nie poinformuje o negatywnym wyniku testu. Osoby, kt\u00f3re przebywaj\u0105 na kwarantannie albo w izolacji musz\u0105 pozosta\u0107 w domu. Ci, kt\u00f3rzy nie mog\u0105 jecha\u0107 na rehabilitacj\u0119 powinni poinformowa\u0107 o tym ZUS. Istotne jest r\u00f3wnie\u017c to, \u017ce nale\u017cy poinformowa\u0107 o\u015brodek rehabilitacyjny o zmianie numeru telefonu.<\/p>\n","protected":false},"excerpt":{"rendered":"<p>ZUS znowu kieruje do sanator\u00f3w na rehabilitacj\u0119 w ramach prewencji rentowej. Wyjazdy zostan\u0105 wznowione od 15 marca 2021 roku. Osoby,<\/p>\n","protected":false},"author":6,"featured_media":24688,"comment_status":"open","ping_status":"closed","sticky":false,"template":"","format":"standard","meta":{"om_disable_all_campaigns":false,"_monsterinsights_skip_tracking":false,"_monsterinsights_sitenote_active":false,"_monsterinsights_sitenote_note":"","_monsterinsights_sitenote_category":0,"_uf_show_specific_survey":0,"_uf_disable_surveys":false,"footnotes":""},"categories":[2,29,9,6,281,3968],"tags":[3464,6668,20,5,6667,3970],"aioseo_notices":[],"amp_enabled":true,"_links":{"self":[{"href":"https:\/\/www.noworudzianin.pl\/WWW\/wp-json\/wp\/v2\/posts\/24686"}],"collection":[{"href":"https:\/\/www.noworudzianin.pl\/WWW\/wp-json\/wp\/v2\/posts"}],"about":[{"href":"https:\/\/www.noworudzianin.pl\/WWW\/wp-json\/wp\/v2\/types\/post"}],"author":[{"embeddable":true,"href":"https:\/\/www.noworudzianin.pl\/WWW\/wp-json\/wp\/v2\/users\/6"}],"replies":[{"embeddable":true,"href":"https:\/\/www.noworudzianin.pl\/WWW\/wp-json\/wp\/v2\/comments?post=24686"}],"version-history":[{"count":1,"href":"https:\/\/www.noworudzianin.pl\/WWW\/wp-json\/wp\/v2\/posts\/24686\/revisions"}],"predecessor-version":[{"id":24689,"href":"https:\/\/www.noworudzianin.pl\/WWW\/wp-json\/wp\/v2\/posts\/24686\/revisions\/24689"}],"wp:featuredmedia":[{"embeddable":true,"href":"https:\/\/www.noworudzianin.pl\/WWW\/wp-json\/wp\/v2\/media\/24688"}],"wp:attachment":[{"href":"https:\/\/www.noworudzianin.pl\/WWW\/wp-json\/wp\/v2\/media?parent=24686"}],"wp:term":[{"taxonomy":"category","embeddable":true,"href":"https:\/\/www.noworudzianin.pl\/WWW\/wp-json\/wp\/v2\/categories?post=24686"},{"taxonomy":"post_tag","embeddable":true,"href":"https:\/\/www.noworudzianin.pl\/WWW\/wp-json\/wp\/v2\/tags?post=24686"}],"curies":[{"name":"wp","href":"https:\/\/api.w.org\/{rel}","templated":true}]}}