{"id":24944,"date":"2021-04-08T08:27:02","date_gmt":"2021-04-08T06:27:02","guid":{"rendered":"https:\/\/www.noworudzianin.pl\/WWW\/?p=24944"},"modified":"2021-04-08T08:27:02","modified_gmt":"2021-04-08T06:27:02","slug":"przedluzono-obostrzenia-do-18-kwietnia","status":"publish","type":"post","link":"https:\/\/www.noworudzianin.pl\/WWW\/2021\/04\/08\/przedluzono-obostrzenia-do-18-kwietnia\/","title":{"rendered":"Przed\u0142u\u017cono obostrzenia do 18 kwietnia"},"content":{"rendered":"<p><strong>Cho\u0107 od kilku dni odnotowujemy mniejsz\u0105 liczb\u0119 zaka\u017ce\u0144, to sytuacja w szpitalach wci\u0105\u017c jest bardzo trudna. Ka\u017cdego dnia przybywaj\u0105 pacjenci wymagaj\u0105cy hospitalizacji, a tak\u017ce pomocy respirator\u00f3w. Dlatego rz\u0105d przed\u0142u\u017ca obowi\u0105zuj\u0105ce obostrzenia do 18 kwietnia<\/strong><\/p>\n<p>Blisko 34,7 tysi\u0119cy (78%) zaj\u0119tych \u0142\u00f3\u017cek covidowych, ponad 3300 (ok. 79%) wykorzystywanych respirator\u00f3w. Dla por\u00f3wnania, dwa tygodnie temu mieli\u015bmy ponad 27 tys. zaj\u0119tych \u0142\u00f3\u017cek i ponad 2600 respirator\u00f3w. Odnotowywany w ostatnich dniach spadek zaka\u017ce\u0144 niestety nie znajduje odzwierciedlenia w szpitalach, do kt\u00f3rych trafiaj\u0105 chorzy zaka\u017ceni w poprzednich tygodniach. Mamy wci\u0105\u017c bardzo trudn\u0105 sytuacj\u0119.<\/p>\n<p><strong>Sytuacja epidemiczna nadal trudna<\/strong><br \/>\nOstatnie trzy dni przynios\u0142y spadek zaka\u017ce\u0144. Jednak poprzedni tydzie\u0144, ale te\u017c weekend by\u0142y bardzo trudne. 1 kwietnia mieli\u015bmy ponad 35 tys. nowych przypadk\u00f3w zaka\u017ce\u0144.<br \/>\nRz\u0105d zdecydowa\u0142 o utrzymaniu obowi\u0105zuj\u0105cych obostrze\u0144, ale bacznie przygl\u0105da si\u0119 nap\u0142ywaj\u0105cym ka\u017cdego dnia informacjom o liczbie zaka\u017conych, liczbie zgon\u00f3w, zaj\u0119tych \u0142\u00f3\u017cek i wykorzystanych respirator\u00f3w. Od tych danych uzale\u017cnione s\u0105 dalsze decyzje. Na szali le\u017cy ludzkie \u017cycie. Ono jest najwa\u017cniejsze.<\/p>\n<p><strong>Przed\u0142u\u017cono obowi\u0105zuj\u0105ce zasady bezpiecze\u0144stwa do 18 kwietnia<\/strong><br \/>\n<strong>Handel \u2013 ograniczenia<\/strong><br \/>\n\u2022 Wielkopowierzchniowe sklepy meblowe i budowlane o powierzchni powy\u017cej 2 000 m2 pozostan\u0105 zamkni\u0119te.<br \/>\n\u2022 Centra i galerie handlowe \u2013 tak jak obecnie \u2013 pozostaj\u0105 zamkni\u0119te, z wyj\u0105tkiem m.in.: sklep\u00f3w spo\u017cywczych, aptek i drogerii, salon\u00f3w prasowych, ksi\u0119garni.<br \/>\nW plac\u00f3wkach handlowych na targu lub poczcie obowi\u0105zuj\u0105 limity os\u00f3b:<br \/>\n\u2022 1 osoba na 15 m2 \u2013 w sklepach do 100 m2,<br \/>\n\u2022 1 osoba na 20 m2 \u2013 w sklepach powy\u017cej 100 m2.<br \/>\n<strong>Kult religijny<\/strong> \u2013 w miejscach kultu religijnego obowi\u0105zuje limit os\u00f3b \u2013 na 1 osob\u0119 musi przypada\u0107 20 m2. Bez zmian pozostaje obowi\u0105zek zakrywania ust i nosa oraz zachowywanie 1,5 m odleg\u0142o\u015bci od innych os\u00f3b.<br \/>\nSalony fryzjerskie i kosmetyczne \u2013 pozostaj\u0105 zamkni\u0119te<br \/>\n<strong>\u017b\u0142obki i przedszkola<\/strong> \u2013 nadal s\u0105 nieczynne. Wyj\u0105tkiem jest sprawowanie opieki nad dzie\u0107mi pracownik\u00f3w medycznych i s\u0142u\u017cb porz\u0105dkowych (m.in. \u017co\u0142nierzy, funkcjonariuszy policji i stra\u017cy po\u017carnej).<br \/>\n<strong>Sport <\/strong>\u2013 dzia\u0142alno\u015b\u0107 obiekt\u00f3w sportowych jest ograniczona wy\u0142\u0105cznie do sportu zawodowego. Wszelkie wydarzenia mog\u0105 si\u0119 odbywa\u0107 bez udzia\u0142u publiczno\u015bci. Zamkni\u0119te pozostaj\u0105 m.in. si\u0142ownie, kluby fitness, stoki narciarskie, baseny, sauny i solaria.<br \/>\n<strong>Edukacja <\/strong>\u2013 uczniowie wszystkich klas szk\u00f3\u0142 podstawowych, szk\u00f3\u0142 ponadpodstawowych, s\u0142uchacze plac\u00f3wek kszta\u0142cenia ustawicznego oraz centr\u00f3w kszta\u0142cenia zawodowego ucz\u0105 si\u0119 zdalnie.<br \/>\n<strong>Hotele <\/strong>\u2013 obiekty noclegowe pozostaj\u0105 zamkni\u0119te (z wyj\u0105tkiem m.in. hoteli robotniczych, a tak\u017ce np. dla medyk\u00f3w, kierowc\u00f3w wykonuj\u0105cych transport drogowy czy \u017co\u0142nierzy).<br \/>\n<strong>Kultura <\/strong>\u2013 wci\u0105\u017c zamkni\u0119te s\u0105 teatry, kina, muzea i galerie sztuki.<\/p>\n","protected":false},"excerpt":{"rendered":"<p>Cho\u0107 od kilku dni odnotowujemy mniejsz\u0105 liczb\u0119 zaka\u017ce\u0144, to sytuacja w szpitalach wci\u0105\u017c jest bardzo trudna. Ka\u017cdego dnia przybywaj\u0105 pacjenci<\/p>\n","protected":false},"author":6,"featured_media":24945,"comment_status":"open","ping_status":"closed","sticky":false,"template":"","format":"standard","meta":{"om_disable_all_campaigns":false,"_monsterinsights_skip_tracking":false,"_monsterinsights_sitenote_active":false,"_monsterinsights_sitenote_note":"","_monsterinsights_sitenote_category":0,"_uf_show_specific_survey":0,"_uf_disable_surveys":false,"footnotes":""},"categories":[2,29,9,6,281],"tags":[5943,20,5,5802,6145,6726],"aioseo_notices":[],"amp_enabled":true,"_links":{"self":[{"href":"https:\/\/www.noworudzianin.pl\/WWW\/wp-json\/wp\/v2\/posts\/24944"}],"collection":[{"href":"https:\/\/www.noworudzianin.pl\/WWW\/wp-json\/wp\/v2\/posts"}],"about":[{"href":"https:\/\/www.noworudzianin.pl\/WWW\/wp-json\/wp\/v2\/types\/post"}],"author":[{"embeddable":true,"href":"https:\/\/www.noworudzianin.pl\/WWW\/wp-json\/wp\/v2\/users\/6"}],"replies":[{"embeddable":true,"href":"https:\/\/www.noworudzianin.pl\/WWW\/wp-json\/wp\/v2\/comments?post=24944"}],"version-history":[{"count":1,"href":"https:\/\/www.noworudzianin.pl\/WWW\/wp-json\/wp\/v2\/posts\/24944\/revisions"}],"predecessor-version":[{"id":24946,"href":"https:\/\/www.noworudzianin.pl\/WWW\/wp-json\/wp\/v2\/posts\/24944\/revisions\/24946"}],"wp:featuredmedia":[{"embeddable":true,"href":"https:\/\/www.noworudzianin.pl\/WWW\/wp-json\/wp\/v2\/media\/24945"}],"wp:attachment":[{"href":"https:\/\/www.noworudzianin.pl\/WWW\/wp-json\/wp\/v2\/media?parent=24944"}],"wp:term":[{"taxonomy":"category","embeddable":true,"href":"https:\/\/www.noworudzianin.pl\/WWW\/wp-json\/wp\/v2\/categories?post=24944"},{"taxonomy":"post_tag","embeddable":true,"href":"https:\/\/www.noworudzianin.pl\/WWW\/wp-json\/wp\/v2\/tags?post=24944"}],"curies":[{"name":"wp","href":"https:\/\/api.w.org\/{rel}","templated":true}]}}