{"id":24977,"date":"2021-04-12T15:50:32","date_gmt":"2021-04-12T13:50:32","guid":{"rendered":"https:\/\/www.noworudzianin.pl\/WWW\/?p=24977"},"modified":"2021-04-12T15:59:35","modified_gmt":"2021-04-12T13:59:35","slug":"w-81-rocznice-deportacji-na-sybir","status":"publish","type":"post","link":"https:\/\/www.noworudzianin.pl\/WWW\/2021\/04\/12\/w-81-rocznice-deportacji-na-sybir\/","title":{"rendered":"W 81 rocznic\u0119 deportacji na Sybir"},"content":{"rendered":"<p><strong>W 81 rocznic\u0119 kwietniowych deportacji, przedstawiciele Ko\u0142a Zwi\u0105zku Sybirak\u00f3w w Nowej Rudzie oddadz\u0105 ho\u0142d Ofiarom Zbrodni Katy\u0144skiej oraz Sybirakom w rocznic\u0119 zes\u0142a\u0144 i deportacji na Sybir<\/strong><\/p>\n<p>Sybiracy z\u0142o\u017c\u0105 wi\u0105zanki kwiat\u00f3w i zapal\u0105 znicze pami\u0119ci przy wizerunku Matki Bo\u017cej Katy\u0144skiej i rocznicy Smole\u0144skiej 2010 przy ko\u015bciele parafialnym, a tak\u017ce przed \u201ePomnikiem Pami\u0119ci Sybirak\u00f3w zes\u0142anych na nieludzk\u0105 ziemi\u0119 w latach 1939-1956\u201d przy Miejskim O\u015brodku Kultury w Nowej Rudzie. Znicze zap\u0142on\u0105 tak\u017ce w Drogos\u0142awiu.<\/p>\n<p><strong>Na nieludzk\u0105 ziemi\u0119 \u2013 sowieckie deportacje Polak\u00f3w na Sybir<\/strong><br \/>\n10 lutego 1940 roku rozpocz\u0119\u0142a si\u0119 pierwsza masowa deportacja Polak\u00f3w na Sybir, przeprowadzona przez NKWD. W g\u0142\u0105b Zwi\u0105zku Sowieckiego wywieziono oko\u0142o 140 tys. obywateli polskich. Wielu umar\u0142o ju\u017c w drodze, tysi\u0105ce nie wr\u00f3ci\u0142y do kraju. Polacy stanowili w tym kontyngencie 70% wszystkich wywo\u017conych, pozosta\u0142e 30% ludno\u015b\u0107 bia\u0142oruska i ukrai\u0144ska. Wywo\u017cono przede wszystkim osadnik\u00f3w wojskowych, \u015brednich i ni\u017cszych urz\u0119dnik\u00f3w pa\u0144stwowych, s\u0142u\u017cb\u0119 le\u015bn\u0105 oraz pracownik\u00f3w PKP. Zabierano ca\u0142e rodziny bez wyj\u0105tku. Zes\u0142a\u0144c\u00f3w rozlokowano w Komi ASRR, w p\u00f3\u0142nocnych obwodach RFSRR: archangielskim, czelabi\u0144skim, czka\u0142owskim, gorkowskim, irkuckim, iwanowskim, jaros\u0142awskim, kirowskim, mo\u0142otowskim, nowosybirskim, omskim, swierd\u0142owskim i wo\u0142ogodzkim, w Jakuckiej i Baszkirskiej ASRR oraz Kraju Krasnojarskim i A\u0142tajskim. Wysiedlony kontyngent okre\u015blono mianem \u201espiecpieriesieliency-osadniki\u201d. Bardzo z\u0142e warunki atmosferyczne, praca ponad si\u0142y przy wyr\u0119bie las\u00f3w oraz osady o charakterze prawie \u017ce \u0142agrowym i takiej dyscyplinie pracy, do kt\u00f3rych trafi\u0142a deportowana ludno\u015b\u0107, sprawi\u0142y, \u017ce \u015bmiertelno\u015b\u0107 tego kontyngentu by\u0142a najwy\u017csza i wynios\u0142a w ju\u017c pierwszych miesi\u0105cach zes\u0142ania oko\u0142o 3-4%.<\/p>\n<p><a href=\"https:\/\/www.noworudzianin.pl\/WWW\/wp-content\/uploads\/2021\/02\/deportacje-7.jpg\"><img loading=\"lazy\" decoding=\"async\" src=\"https:\/\/www.noworudzianin.pl\/WWW\/wp-content\/uploads\/2021\/02\/deportacje-7.jpg\" alt=\"\" width=\"840\" height=\"454\" class=\"alignnone size-full wp-image-24397\" srcset=\"https:\/\/www.noworudzianin.pl\/WWW\/wp-content\/uploads\/2021\/02\/deportacje-7.jpg 840w, https:\/\/www.noworudzianin.pl\/WWW\/wp-content\/uploads\/2021\/02\/deportacje-7-300x162.jpg 300w, https:\/\/www.noworudzianin.pl\/WWW\/wp-content\/uploads\/2021\/02\/deportacje-7-630x341.jpg 630w, https:\/\/www.noworudzianin.pl\/WWW\/wp-content\/uploads\/2021\/02\/deportacje-7-768x415.jpg 768w\" sizes=\"(max-width: 840px) 100vw, 840px\" \/><\/a><\/p>\n<p><a href=\"https:\/\/www.noworudzianin.pl\/WWW\/wp-content\/uploads\/2021\/02\/Deportacje.jpg\"><img loading=\"lazy\" decoding=\"async\" src=\"https:\/\/www.noworudzianin.pl\/WWW\/wp-content\/uploads\/2021\/02\/Deportacje.jpg\" alt=\"\" width=\"625\" height=\"452\" class=\"alignnone size-full wp-image-24398\" srcset=\"https:\/\/www.noworudzianin.pl\/WWW\/wp-content\/uploads\/2021\/02\/Deportacje.jpg 625w, https:\/\/www.noworudzianin.pl\/WWW\/wp-content\/uploads\/2021\/02\/Deportacje-300x217.jpg 300w\" sizes=\"(max-width: 625px) 100vw, 625px\" \/><\/a><\/p>\n<p><strong>Kolejne deportacje mia\u0142y miejsce 13-14 kwietnia <\/strong>oraz w okresie maj-lipiec 1940 roku. Ostatnia odby\u0142a si\u0119 w maju i czerwcu 1941, tu\u017c przed atakiem Niemiec na ZSRR. Pierwsze trzy dzieli\u0142 przedzia\u0142 dw\u00f3ch miesi\u0119cy niezb\u0119dny na dojazd przygotowanych wcze\u015bniej sk\u0142ad\u00f3w z zes\u0142a\u0144cami do miejsc przymusowego ich osiedlenia i powr\u00f3t po now\u0105 grup\u0119. W tym czasie przygotowywano wszystkie niezb\u0119dne rozkazy i plany odno\u015bnie przebiegu akcji i miejsc rozlokowania kolejnych kontyngent\u00f3w. Przeci\u0119tny sk\u0142ad sk\u0142ada\u0107 si\u0119 mia\u0142 z 55 wagon\u00f3w towarowych do przewozu ludno\u015bci, 1 osobowego dla konwoju, 4 towarowych do przewozu ci\u0119\u017cszego baga\u017cu oraz 1 sanitarnego. W jednym wagonie (dwuosiowym) teoretycznie powinno jecha\u0107 nie wi\u0119cej ni\u017c 25-30 os\u00f3b. Tak wi\u0119c typowy transport obejmowa\u0107 winien ok. 1200-1500 os\u00f3b. Z ka\u017cdym transportem winien te\u017c jecha\u0107 poza konwojem felczer i dwie piel\u0119gniarki, za\u015b podczas drogi codziennie konw\u00f3j winien wyda\u0107 deportowanym jeden gor\u0105cy posi\u0142ek i 800g chleba na osob\u0119. Jednak wszystkie te zarz\u0105dzenia pozosta\u0142y jedynie na papierze, a warunki jazdy zale\u017ca\u0142y wy\u0142\u0105cznie od dobrej woli wojsk konwojuj\u0105cych. Wiele os\u00f3b, w tym dzieci, nie do\u017cywa\u0142o celu transportu w nieludzkich warunkach. Wi\u0119kszo\u015b\u0107 jednak umiera\u0142a na miejscu w surowym klimacie i cz\u0119sto kator\u017cniczej pracy pod nadzorem sowieckich bezlitosnych siepaczy.<\/p>\n<p><a href=\"https:\/\/www.noworudzianin.pl\/WWW\/wp-content\/uploads\/2021\/02\/deportacje-5.jpg\"><img loading=\"lazy\" decoding=\"async\" src=\"https:\/\/www.noworudzianin.pl\/WWW\/wp-content\/uploads\/2021\/02\/deportacje-5.jpg\" alt=\"\" width=\"560\" height=\"399\" class=\"alignnone size-full wp-image-24396\" srcset=\"https:\/\/www.noworudzianin.pl\/WWW\/wp-content\/uploads\/2021\/02\/deportacje-5.jpg 560w, https:\/\/www.noworudzianin.pl\/WWW\/wp-content\/uploads\/2021\/02\/deportacje-5-300x214.jpg 300w\" sizes=\"(max-width: 560px) 100vw, 560px\" \/><\/a><\/p>\n<p><a href=\"https:\/\/www.noworudzianin.pl\/WWW\/wp-content\/uploads\/2021\/02\/deportacje-1-3.jpeg\"><img loading=\"lazy\" decoding=\"async\" src=\"https:\/\/www.noworudzianin.pl\/WWW\/wp-content\/uploads\/2021\/02\/deportacje-1-3.jpeg\" alt=\"\" width=\"830\" height=\"450\" class=\"alignnone size-full wp-image-24389\" srcset=\"https:\/\/www.noworudzianin.pl\/WWW\/wp-content\/uploads\/2021\/02\/deportacje-1-3.jpeg 830w, https:\/\/www.noworudzianin.pl\/WWW\/wp-content\/uploads\/2021\/02\/deportacje-1-3-300x163.jpeg 300w, https:\/\/www.noworudzianin.pl\/WWW\/wp-content\/uploads\/2021\/02\/deportacje-1-3-630x342.jpeg 630w, https:\/\/www.noworudzianin.pl\/WWW\/wp-content\/uploads\/2021\/02\/deportacje-1-3-768x416.jpeg 768w\" sizes=\"(max-width: 830px) 100vw, 830px\" \/><\/a><\/p>\n<p>Wed\u0142ug szacunk\u00f3w w\u0142adz RP na emigracji, w wyniku wyw\u00f3zek zorganizowanych w latach 1940-1941 do syberyjskich \u0142agr\u00f3w trafi\u0142o oko\u0142o milion os\u00f3b cywilnych, cho\u0107 w dokumentach sowieckich m\u00f3wi si\u0119 o 320 tys. wywiezionych. Cz\u0119\u015b\u0107 z nich z \u0142agr\u00f3w wydosta\u0142a si\u0119 dzi\u0119ki formowanej na terenie ZSRS (po zawarciu uk\u0142adu Sikorski-Majski) armii gen. W\u0142adys\u0142awa Andersa.<br \/>\nDeportacje ludno\u015bci polskiej w g\u0142\u0105b ZSRS z lat 1940-1941 nie by\u0142y ostatnimi. Po wkroczeniu Armii Czerwonej w 1944 roku na teren okupowanej przez Niemc\u00f3w Polski, warunk\u00f3w \u017cycia w surowym klimacie syberyjskich step\u00f3w do\u015bwiadczyli m.in. wywiezieni do \u0142agr\u00f3w \u017co\u0142nierze AK oraz ludno\u015b\u0107 cywilna z zaj\u0119tego przez Sowiet\u00f3w terytorium. Gros deportowanych wr\u00f3ci\u0142o do kraju w ramach przeprowadzanych do ko\u0144ca lat 50 XX wieku akcji repatriacyjnych.<\/p>\n<p><a href=\"https:\/\/www.noworudzianin.pl\/WWW\/wp-content\/uploads\/2021\/02\/deportacje-3.jpg\"><img loading=\"lazy\" decoding=\"async\" src=\"https:\/\/www.noworudzianin.pl\/WWW\/wp-content\/uploads\/2021\/02\/deportacje-3.jpg\" alt=\"\" width=\"1280\" height=\"720\" class=\"alignnone size-full wp-image-24395\" srcset=\"https:\/\/www.noworudzianin.pl\/WWW\/wp-content\/uploads\/2021\/02\/deportacje-3.jpg 1280w, https:\/\/www.noworudzianin.pl\/WWW\/wp-content\/uploads\/2021\/02\/deportacje-3-300x169.jpg 300w, https:\/\/www.noworudzianin.pl\/WWW\/wp-content\/uploads\/2021\/02\/deportacje-3-630x354.jpg 630w, https:\/\/www.noworudzianin.pl\/WWW\/wp-content\/uploads\/2021\/02\/deportacje-3-768x432.jpg 768w\" sizes=\"(max-width: 1280px) 100vw, 1280px\" \/><\/a><\/p>\n<p><a href=\"https:\/\/www.noworudzianin.pl\/WWW\/wp-content\/uploads\/2021\/02\/deportacje-2.jpg\"><img loading=\"lazy\" decoding=\"async\" src=\"https:\/\/www.noworudzianin.pl\/WWW\/wp-content\/uploads\/2021\/02\/deportacje-2.jpg\" alt=\"\" width=\"720\" height=\"405\" class=\"alignnone size-full wp-image-24394\" srcset=\"https:\/\/www.noworudzianin.pl\/WWW\/wp-content\/uploads\/2021\/02\/deportacje-2.jpg 720w, https:\/\/www.noworudzianin.pl\/WWW\/wp-content\/uploads\/2021\/02\/deportacje-2-300x169.jpg 300w, https:\/\/www.noworudzianin.pl\/WWW\/wp-content\/uploads\/2021\/02\/deportacje-2-630x354.jpg 630w\" sizes=\"(max-width: 720px) 100vw, 720px\" \/><\/a><\/p>\n","protected":false},"excerpt":{"rendered":"<p>W 81 rocznic\u0119 kwietniowych deportacji, przedstawiciele Ko\u0142a Zwi\u0105zku Sybirak\u00f3w w Nowej Rudzie oddadz\u0105 ho\u0142d Ofiarom Zbrodni Katy\u0144skiej oraz Sybirakom w<\/p>\n","protected":false},"author":6,"featured_media":24981,"comment_status":"open","ping_status":"closed","sticky":false,"template":"","format":"standard","meta":{"om_disable_all_campaigns":false,"_monsterinsights_skip_tracking":false,"_monsterinsights_sitenote_active":false,"_monsterinsights_sitenote_note":"","_monsterinsights_sitenote_category":0,"_uf_show_specific_survey":0,"_uf_disable_surveys":false,"footnotes":""},"categories":[2,40,29,6],"tags":[6579,20,5,6736,6577,1579,6735],"aioseo_notices":[],"amp_enabled":true,"_links":{"self":[{"href":"https:\/\/www.noworudzianin.pl\/WWW\/wp-json\/wp\/v2\/posts\/24977"}],"collection":[{"href":"https:\/\/www.noworudzianin.pl\/WWW\/wp-json\/wp\/v2\/posts"}],"about":[{"href":"https:\/\/www.noworudzianin.pl\/WWW\/wp-json\/wp\/v2\/types\/post"}],"author":[{"embeddable":true,"href":"https:\/\/www.noworudzianin.pl\/WWW\/wp-json\/wp\/v2\/users\/6"}],"replies":[{"embeddable":true,"href":"https:\/\/www.noworudzianin.pl\/WWW\/wp-json\/wp\/v2\/comments?post=24977"}],"version-history":[{"count":3,"href":"https:\/\/www.noworudzianin.pl\/WWW\/wp-json\/wp\/v2\/posts\/24977\/revisions"}],"predecessor-version":[{"id":24980,"href":"https:\/\/www.noworudzianin.pl\/WWW\/wp-json\/wp\/v2\/posts\/24977\/revisions\/24980"}],"wp:featuredmedia":[{"embeddable":true,"href":"https:\/\/www.noworudzianin.pl\/WWW\/wp-json\/wp\/v2\/media\/24981"}],"wp:attachment":[{"href":"https:\/\/www.noworudzianin.pl\/WWW\/wp-json\/wp\/v2\/media?parent=24977"}],"wp:term":[{"taxonomy":"category","embeddable":true,"href":"https:\/\/www.noworudzianin.pl\/WWW\/wp-json\/wp\/v2\/categories?post=24977"},{"taxonomy":"post_tag","embeddable":true,"href":"https:\/\/www.noworudzianin.pl\/WWW\/wp-json\/wp\/v2\/tags?post=24977"}],"curies":[{"name":"wp","href":"https:\/\/api.w.org\/{rel}","templated":true}]}}