{"id":25215,"date":"2021-05-17T14:21:39","date_gmt":"2021-05-17T12:21:39","guid":{"rendered":"https:\/\/www.noworudzianin.pl\/WWW\/?p=25215"},"modified":"2021-05-17T14:21:39","modified_gmt":"2021-05-17T12:21:39","slug":"utw-dzien-polskiej-niezapominajki","status":"publish","type":"post","link":"https:\/\/www.noworudzianin.pl\/WWW\/2021\/05\/17\/utw-dzien-polskiej-niezapominajki\/","title":{"rendered":"UTW \u2013 Dzie\u0144 Polskiej Niezapominajki"},"content":{"rendered":"<p><strong>Obchodzony corocznie od 2002 roku. Obchody Dnia Niezapominajki zapocz\u0105tkowa\u0142 redaktor Programu I Polskiego Radia \u2013 Andrzej Zalewski, pomys\u0142odawca i autor audycji Ekoradio<\/strong><\/p>\n<p>Niezapominajka, to malutki, najcz\u0119\u015bciej niebieski kwiatek z \u201e\u017c\u00f3\u0142tym oczkiem\u201d rosn\u0105cy w zasadzie wsz\u0119dzie. A sk\u0105d si\u0119 wzi\u0119\u0142a nazwa? O tym oczywi\u015bcie m\u00f3wi legenda. Pan B\u00f3g (lub greccy bogowie \u2013 bo z greckiego niezapominajka to \u201emysie uszko\u201d) tworzy\u0142 \u015bwiat, to nadawa\u0142 tak\u017ce nazwy r\u00f3\u017cnym kwiatkom. Spotka\u0142 pi\u0119kny czerwony kwiatek i powiedzia\u0142 \u2013 ty b\u0119dziesz maczkiem, spotka\u0142 ciemnoniebieskie kuleczki na \u0142ody\u017cce \u2013 powiedzia\u0142, b\u0119dziesz szafirkiem, spotka\u0142 \u017c\u00f3\u0142ty \u2013 powiedzia\u0142 b\u0119dziesz \u017conkilem&#8230; W ko\u0144cu odezwa\u0142 si\u0119 ma\u0142y, niepozorny, niebieski kwiatek \u2013 a ja? Zapomnia\u0142e\u015b o mnie Panie? Na to B\u00f3g odpowiedzia\u0142 \u2013 no tak \u2013 b\u0119dziesz wi\u0119c niezapominajk\u0105. I tak ju\u017c zosta\u0142o. \u201eIntencja \u015awi\u0119ta Polskiej Niezapominajki jest jedna: niech niezapominajka zbli\u017ca ludzi i uczy wzajemnej serdeczno\u015bci. \u015awi\u0119to Niezapominajki, to \u015bwi\u0119to ludzi serdecznych\u201d \u2013 powiedzia\u0142 niegdy\u015b Andrzej Zalewski.<br \/>\nTo \u015bwi\u0119to, tych kt\u00f3rzy kochaj\u0105 przyrod\u0119, chc\u0105 j\u0105 pozna\u0107 i zachowa\u0107 dla potomno\u015bci, kolokwialnie m\u00f3wi\u0105c. A my, s\u0142uchacze NUTW uczcili\u015bmy to \u015bwi\u0119to posprz\u0105taniem \u201espacerowego odcinka\u201d drogi na ROD \u201ePod Ska\u0142k\u0105\u201d na os. Wojska Polskiego. Z tak\u0105 inicjatyw\u0105 wyst\u0105pi\u0142a szefowa NUTW \u2013 Karolina Popiel i liderka grupy \u201eEkoseniorek\u201d \u2013 Teresa Fere\u017cy\u0144ska. Nie wszystkim \u015bmieciom dali\u015bmy rad\u0119, bo te\u017c pomys\u0142owo\u015b\u0107 na wyrzucanie niepotrzebnych rzeczy na dzia\u0142kow\u0105 drog\u0119 jest godne \u201epogratulowania\u201d! \u017beby wynie\u015b\u0107 na t\u0119 drog\u0119 fotel, po\u0142amane krzes\u0142o albo ceramiczn\u0105, ci\u0119\u017ck\u0105 sp\u0142uczk\u0119 \u0142azienkow\u0105, to opr\u00f3cz \u201egenialnego\u201d pomys\u0142u, trzeba mie\u0107 te\u017c nie lada krzep\u0119. A ca\u0142e mn\u00f3stwo foliowych opakowa\u0144, butelek, puszek i innych r\u00f3\u017cno\u015bci&#8230; a przecie\u017c kub\u0142y na \u015bmieci s\u0105 100-200 mer\u00f3w obok! Na tym kr\u00f3tkim odcinku \u015bmieciami nape\u0142nili\u015bmy kilka sporych work\u00f3w. Nasza akcja zako\u0144czy\u0142a si\u0119 przy biurze ROD \u201ePod Ska\u0142k\u0105\u201d, gdzie zostali\u015bmy zaproszeni przez pani\u0105 prezes Krystyn\u0119 Kusiak oraz wiceprezesa Ryszarda Antosa. Tu wys\u0142uchali\u015bmy opowie\u015bci Teresy Fere\u017cy\u0144skiej o niezapominajkowych ciekawostkach i legendach oraz obejrzeli\u015bmy pi\u0119kne przedmioty r\u0119kodzie\u0142a wykonane przez pani\u0105 Krystyn\u0119 w ramach swojej pasji \u2013 aby nic si\u0119 nie zmarnowa\u0142o. Tylko pozazdro\u015bci\u0107 pomys\u0142owo\u015bci i&#8230; cierpliwo\u015bci. Na zako\u0144czenie wszyscy zostali obdarowani drobnymi \u201eprzyrodniczymi\u201d upominkami w postaci kolorowych motylk\u00f3w i ptaszk\u00f3w do przypi\u0119cia np. na firank\u0119. Pop\u0142yn\u0119\u0142a te\u017c piosenka o niezapominajkach \u2013 kwiatkach z bajki, co to rosn\u0105 nad potoczkiem i patrz\u0105 \u017cabim oczkiem&#8230; No i oczywi\u015bcie wszyscy cieszyli si\u0119 ze wsp\u00f3lnie sp\u0119dzonego czasu na \u015bwie\u017cym powietrzu. Nawet pogoda nam dopisa\u0142a.<br \/>\n<em>Anna Szczepan, Noworudzki UTW<\/em><br \/>\n<a href=\"https:\/\/www.noworudzianin.pl\/WWW\/wp-content\/uploads\/2021\/05\/niezap01.jpg\"><img loading=\"lazy\" decoding=\"async\" src=\"https:\/\/www.noworudzianin.pl\/WWW\/wp-content\/uploads\/2021\/05\/niezap01.jpg\" alt=\"\" width=\"800\" height=\"600\" class=\"alignnone size-full wp-image-25217\" srcset=\"https:\/\/www.noworudzianin.pl\/WWW\/wp-content\/uploads\/2021\/05\/niezap01.jpg 800w, https:\/\/www.noworudzianin.pl\/WWW\/wp-content\/uploads\/2021\/05\/niezap01-300x225.jpg 300w, https:\/\/www.noworudzianin.pl\/WWW\/wp-content\/uploads\/2021\/05\/niezap01-630x473.jpg 630w, https:\/\/www.noworudzianin.pl\/WWW\/wp-content\/uploads\/2021\/05\/niezap01-768x576.jpg 768w\" sizes=\"(max-width: 800px) 100vw, 800px\" \/><\/a><\/p>\n<p><a href=\"https:\/\/www.noworudzianin.pl\/WWW\/wp-content\/uploads\/2021\/05\/niezap02.jpg\"><img loading=\"lazy\" decoding=\"async\" src=\"https:\/\/www.noworudzianin.pl\/WWW\/wp-content\/uploads\/2021\/05\/niezap02.jpg\" alt=\"\" width=\"600\" height=\"800\" class=\"alignnone size-full wp-image-25218\" srcset=\"https:\/\/www.noworudzianin.pl\/WWW\/wp-content\/uploads\/2021\/05\/niezap02.jpg 600w, https:\/\/www.noworudzianin.pl\/WWW\/wp-content\/uploads\/2021\/05\/niezap02-225x300.jpg 225w\" sizes=\"(max-width: 600px) 100vw, 600px\" \/><\/a><\/p>\n<p><a href=\"https:\/\/www.noworudzianin.pl\/WWW\/wp-content\/uploads\/2021\/05\/niezap04.jpg\"><img loading=\"lazy\" decoding=\"async\" src=\"https:\/\/www.noworudzianin.pl\/WWW\/wp-content\/uploads\/2021\/05\/niezap04.jpg\" alt=\"\" width=\"600\" height=\"800\" class=\"alignnone size-full wp-image-25219\" srcset=\"https:\/\/www.noworudzianin.pl\/WWW\/wp-content\/uploads\/2021\/05\/niezap04.jpg 600w, https:\/\/www.noworudzianin.pl\/WWW\/wp-content\/uploads\/2021\/05\/niezap04-225x300.jpg 225w\" sizes=\"(max-width: 600px) 100vw, 600px\" \/><\/a><\/p>\n<p><a href=\"https:\/\/www.noworudzianin.pl\/WWW\/wp-content\/uploads\/2021\/05\/niezap06.jpg\"><img loading=\"lazy\" decoding=\"async\" src=\"https:\/\/www.noworudzianin.pl\/WWW\/wp-content\/uploads\/2021\/05\/niezap06.jpg\" alt=\"\" width=\"600\" height=\"800\" class=\"alignnone size-full wp-image-25220\" srcset=\"https:\/\/www.noworudzianin.pl\/WWW\/wp-content\/uploads\/2021\/05\/niezap06.jpg 600w, https:\/\/www.noworudzianin.pl\/WWW\/wp-content\/uploads\/2021\/05\/niezap06-225x300.jpg 225w\" sizes=\"(max-width: 600px) 100vw, 600px\" \/><\/a><\/p>\n<p><a href=\"https:\/\/www.noworudzianin.pl\/WWW\/wp-content\/uploads\/2021\/05\/niezap08.jpg\"><img loading=\"lazy\" decoding=\"async\" src=\"https:\/\/www.noworudzianin.pl\/WWW\/wp-content\/uploads\/2021\/05\/niezap08.jpg\" alt=\"\" width=\"800\" height=\"600\" class=\"alignnone size-full wp-image-25221\" srcset=\"https:\/\/www.noworudzianin.pl\/WWW\/wp-content\/uploads\/2021\/05\/niezap08.jpg 800w, https:\/\/www.noworudzianin.pl\/WWW\/wp-content\/uploads\/2021\/05\/niezap08-300x225.jpg 300w, https:\/\/www.noworudzianin.pl\/WWW\/wp-content\/uploads\/2021\/05\/niezap08-630x473.jpg 630w, https:\/\/www.noworudzianin.pl\/WWW\/wp-content\/uploads\/2021\/05\/niezap08-768x576.jpg 768w\" sizes=\"(max-width: 800px) 100vw, 800px\" \/><\/a><\/p>\n<p><a href=\"https:\/\/www.noworudzianin.pl\/WWW\/wp-content\/uploads\/2021\/05\/niezap09a.jpg\"><img loading=\"lazy\" decoding=\"async\" src=\"https:\/\/www.noworudzianin.pl\/WWW\/wp-content\/uploads\/2021\/05\/niezap09a.jpg\" alt=\"\" width=\"2019\" height=\"955\" class=\"alignnone size-full wp-image-25222\" srcset=\"https:\/\/www.noworudzianin.pl\/WWW\/wp-content\/uploads\/2021\/05\/niezap09a.jpg 2019w, https:\/\/www.noworudzianin.pl\/WWW\/wp-content\/uploads\/2021\/05\/niezap09a-300x142.jpg 300w, https:\/\/www.noworudzianin.pl\/WWW\/wp-content\/uploads\/2021\/05\/niezap09a-630x298.jpg 630w, https:\/\/www.noworudzianin.pl\/WWW\/wp-content\/uploads\/2021\/05\/niezap09a-768x363.jpg 768w, https:\/\/www.noworudzianin.pl\/WWW\/wp-content\/uploads\/2021\/05\/niezap09a-1536x727.jpg 1536w\" sizes=\"(max-width: 2019px) 100vw, 2019px\" \/><\/a><\/p>\n<p><a href=\"https:\/\/www.noworudzianin.pl\/WWW\/wp-content\/uploads\/2021\/05\/niezap09b.jpg\"><img loading=\"lazy\" decoding=\"async\" src=\"https:\/\/www.noworudzianin.pl\/WWW\/wp-content\/uploads\/2021\/05\/niezap09b.jpg\" alt=\"\" width=\"800\" height=\"600\" class=\"alignnone size-full wp-image-25223\" srcset=\"https:\/\/www.noworudzianin.pl\/WWW\/wp-content\/uploads\/2021\/05\/niezap09b.jpg 800w, https:\/\/www.noworudzianin.pl\/WWW\/wp-content\/uploads\/2021\/05\/niezap09b-300x225.jpg 300w, https:\/\/www.noworudzianin.pl\/WWW\/wp-content\/uploads\/2021\/05\/niezap09b-630x473.jpg 630w, https:\/\/www.noworudzianin.pl\/WWW\/wp-content\/uploads\/2021\/05\/niezap09b-768x576.jpg 768w\" sizes=\"(max-width: 800px) 100vw, 800px\" \/><\/a><\/p>\n<p><a href=\"https:\/\/www.noworudzianin.pl\/WWW\/wp-content\/uploads\/2021\/05\/niezap09c.jpg\"><img loading=\"lazy\" decoding=\"async\" src=\"https:\/\/www.noworudzianin.pl\/WWW\/wp-content\/uploads\/2021\/05\/niezap09c.jpg\" alt=\"\" width=\"600\" height=\"800\" class=\"alignnone size-full wp-image-25224\" srcset=\"https:\/\/www.noworudzianin.pl\/WWW\/wp-content\/uploads\/2021\/05\/niezap09c.jpg 600w, https:\/\/www.noworudzianin.pl\/WWW\/wp-content\/uploads\/2021\/05\/niezap09c-225x300.jpg 225w\" sizes=\"(max-width: 600px) 100vw, 600px\" \/><\/a><\/p>\n<p><a href=\"https:\/\/www.noworudzianin.pl\/WWW\/wp-content\/uploads\/2021\/05\/niezap10.jpg\"><img loading=\"lazy\" decoding=\"async\" src=\"https:\/\/www.noworudzianin.pl\/WWW\/wp-content\/uploads\/2021\/05\/niezap10.jpg\" alt=\"\" width=\"800\" height=\"555\" class=\"alignnone size-full wp-image-25225\" srcset=\"https:\/\/www.noworudzianin.pl\/WWW\/wp-content\/uploads\/2021\/05\/niezap10.jpg 800w, https:\/\/www.noworudzianin.pl\/WWW\/wp-content\/uploads\/2021\/05\/niezap10-300x208.jpg 300w, https:\/\/www.noworudzianin.pl\/WWW\/wp-content\/uploads\/2021\/05\/niezap10-630x437.jpg 630w, https:\/\/www.noworudzianin.pl\/WWW\/wp-content\/uploads\/2021\/05\/niezap10-768x533.jpg 768w, https:\/\/www.noworudzianin.pl\/WWW\/wp-content\/uploads\/2021\/05\/niezap10-392x272.jpg 392w, https:\/\/www.noworudzianin.pl\/WWW\/wp-content\/uploads\/2021\/05\/niezap10-130x90.jpg 130w\" sizes=\"(max-width: 800px) 100vw, 800px\" \/><\/a><\/p>\n","protected":false},"excerpt":{"rendered":"<p>Obchodzony corocznie od 2002 roku. Obchody Dnia Niezapominajki zapocz\u0105tkowa\u0142 redaktor Programu I Polskiego Radia \u2013 Andrzej Zalewski, pomys\u0142odawca i autor<\/p>\n","protected":false},"author":6,"featured_media":25216,"comment_status":"open","ping_status":"closed","sticky":false,"template":"","format":"standard","meta":{"om_disable_all_campaigns":false,"_monsterinsights_skip_tracking":false,"_monsterinsights_sitenote_active":false,"_monsterinsights_sitenote_note":"","_monsterinsights_sitenote_category":0,"_uf_show_specific_survey":0,"_uf_disable_surveys":false,"footnotes":""},"categories":[2,6,2116,218,23,4359],"tags":[6806,818,817,6807,6805,20,5,6810,6809,6808,1646,6804],"aioseo_notices":[],"amp_enabled":true,"_links":{"self":[{"href":"https:\/\/www.noworudzianin.pl\/WWW\/wp-json\/wp\/v2\/posts\/25215"}],"collection":[{"href":"https:\/\/www.noworudzianin.pl\/WWW\/wp-json\/wp\/v2\/posts"}],"about":[{"href":"https:\/\/www.noworudzianin.pl\/WWW\/wp-json\/wp\/v2\/types\/post"}],"author":[{"embeddable":true,"href":"https:\/\/www.noworudzianin.pl\/WWW\/wp-json\/wp\/v2\/users\/6"}],"replies":[{"embeddable":true,"href":"https:\/\/www.noworudzianin.pl\/WWW\/wp-json\/wp\/v2\/comments?post=25215"}],"version-history":[{"count":1,"href":"https:\/\/www.noworudzianin.pl\/WWW\/wp-json\/wp\/v2\/posts\/25215\/revisions"}],"predecessor-version":[{"id":25226,"href":"https:\/\/www.noworudzianin.pl\/WWW\/wp-json\/wp\/v2\/posts\/25215\/revisions\/25226"}],"wp:featuredmedia":[{"embeddable":true,"href":"https:\/\/www.noworudzianin.pl\/WWW\/wp-json\/wp\/v2\/media\/25216"}],"wp:attachment":[{"href":"https:\/\/www.noworudzianin.pl\/WWW\/wp-json\/wp\/v2\/media?parent=25215"}],"wp:term":[{"taxonomy":"category","embeddable":true,"href":"https:\/\/www.noworudzianin.pl\/WWW\/wp-json\/wp\/v2\/categories?post=25215"},{"taxonomy":"post_tag","embeddable":true,"href":"https:\/\/www.noworudzianin.pl\/WWW\/wp-json\/wp\/v2\/tags?post=25215"}],"curies":[{"name":"wp","href":"https:\/\/api.w.org\/{rel}","templated":true}]}}