{"id":25259,"date":"2021-05-25T10:23:24","date_gmt":"2021-05-25T08:23:24","guid":{"rendered":"https:\/\/www.noworudzianin.pl\/WWW\/?p=25259"},"modified":"2021-05-25T10:39:34","modified_gmt":"2021-05-25T08:39:34","slug":"sygnal-milosierdzia-2","status":"publish","type":"post","link":"https:\/\/www.noworudzianin.pl\/WWW\/2021\/05\/25\/sygnal-milosierdzia-2\/","title":{"rendered":"Sygna\u0142 mi\u0142osierdzia"},"content":{"rendered":"<p><strong>\u201eSygna\u0142 mi\u0142osierdzia\u201d to koncert uwielbienia w uroczysto\u015b\u0107 Bo\u017cego Cia\u0142a, kt\u00f3ry odbywa si\u0119 w Nowej Rudzie-S\u0142upcu<\/strong><!--more--><\/p>\n<p>Inicjatywa ta, inspirowana corocznym koncertem w Rzeszowie pt. \u201eJednego Serca, Jednego Ducha\u201d, rodzi\u0142a si\u0119 w g\u0142owach organizator\u00f3w \u2013 ks. Krzysztofa Iwaniszyna oraz lokalnej m\u0142odzie\u017cy zrzeszonej w Katolickim Stowarzyszeniu M\u0142odzie\u017cy. Jednak musia\u0142a dojrze\u0107, by mog\u0142a zosta\u0107 rzeczywi\u015bcie realizowana. Wierzymy, \u017ce przez muzyk\u0119, \u015bwiadectwo, wsp\u00f3lnot\u0119 i S\u0142owo ka\u017cdy do\u015bwiadczy tchnienia i mocy Najwy\u017cszego. Fala uwielbienia Boga w Naj\u015bwi\u0119tszym Sakramencie rozlewa si\u0119 po ca\u0142ej Polsce, bo B\u00f3g jest godzien wszelkiej chwa\u0142y.<br \/>\nWydarzenie sk\u0142ada si\u0119 z 2 etap\u00f3w: warsztat\u00f3w i koncertu fina\u0142owego. Warsztaty muzyczne dla instrumentalist\u00f3w i muzyk\u00f3w maj\u0105 na celu nauk\u0119 wsp\u00f3\u0142pracy d\u0105\u017c\u0105cej do jednolitego i pi\u0119knego wsp\u00f3\u0142brzmienia w dwu-, trzy- i czterog\u0142osie. Pog\u0142\u0119biaj\u0105 warsztat muzyczny i instrumentalny uczestnik\u00f3w, wyczulaj\u0105 na r\u00f3\u017cnorodno\u015b\u0107 barwy poszczeg\u00f3lnych g\u0142os\u00f3w i ich indywidualnego brzmienia. Przygotowuj\u0105 instrumentalist\u00f3w i wokalist\u00f3w do wykonania repertuaru w czasie koncertu fina\u0142owego. Warsztaty prowadzone s\u0105 pod okiem profesjonalnych dyrygent\u00f3w i instrumentalist\u00f3w. Ch\u0119tni do udzia\u0142u w warsztatach muzycznych, ka\u017cdego roku zg\u0142aszaj\u0105 si\u0119 do orkiestry lub ch\u00f3ru poprzez rejestracj\u0119 na stronie internetowej. Uczestnicy otrzymuj\u0105 nuty, teksty i nagrania repertuaru odpowiednio dla sopran\u00f3w, alt\u00f3w, tenor\u00f3w i bas\u00f3w. Dzi\u0119ki temu udzia\u0142 w przedsi\u0119wzi\u0119ciu mo\u017ce wzi\u0105\u0107 ka\u017cdy ch\u0119tny, bez wzgl\u0119du na miejsce zamieszkania. W czasie wsp\u00f3lnych pr\u00f3b uczestnicy spotykaj\u0105 si\u0119 i \u0107wicz\u0105 wykonanie repertuaru na koncert fina\u0142owy. Spotkania odbywaj\u0105 si\u0119 zgodnie z przes\u0142anym wszystkim uczestnikom harmonogramem w Miejskim O\u015brodku Kultury w Nowej Rudzie-S\u0142upcu.<br \/>\nKulminacyjnym momentem Sygna\u0142u Mi\u0142osierdzia jest koncert fina\u0142owy w Nowej Rudzie-S\u0142upcu, odbywaj\u0105cy si\u0119 z udzia\u0142em licznej publiczno\u015bci. Z roku na rok cieszy si\u0119 on coraz wi\u0119kszym powodzeniem, staj\u0105c si\u0119 jednym z najlepiej rozpoznawalnych wydarze\u0144 zwi\u0105zanych z muzyk\u0105 chrze\u015bcija\u0144sk\u0105 na mapie Dolnego \u015al\u0105ska i Polski. W tym roku b\u0119dzie mia\u0142 miejsce 3 czerwca, w uroczysto\u015b\u0107 Bo\u017cego Cia\u0142a, o godz. 19.30 na terenie CTS-u w Nowej Rudzie-S\u0142upcu.<\/p>\n<p><a href=\"https:\/\/www.noworudzianin.pl\/WWW\/wp-content\/uploads\/2021\/05\/SM2021-Plakat-1.jpg\"><img loading=\"lazy\" decoding=\"async\" src=\"https:\/\/www.noworudzianin.pl\/WWW\/wp-content\/uploads\/2021\/05\/SM2021-Plakat-1.jpg\" alt=\"\" width=\"1692\" height=\"2351\" class=\"alignnone size-full wp-image-25265\" srcset=\"https:\/\/www.noworudzianin.pl\/WWW\/wp-content\/uploads\/2021\/05\/SM2021-Plakat-1.jpg 1692w, https:\/\/www.noworudzianin.pl\/WWW\/wp-content\/uploads\/2021\/05\/SM2021-Plakat-1-216x300.jpg 216w, https:\/\/www.noworudzianin.pl\/WWW\/wp-content\/uploads\/2021\/05\/SM2021-Plakat-1-630x875.jpg 630w, https:\/\/www.noworudzianin.pl\/WWW\/wp-content\/uploads\/2021\/05\/SM2021-Plakat-1-768x1067.jpg 768w, https:\/\/www.noworudzianin.pl\/WWW\/wp-content\/uploads\/2021\/05\/SM2021-Plakat-1-1105x1536.jpg 1105w, https:\/\/www.noworudzianin.pl\/WWW\/wp-content\/uploads\/2021\/05\/SM2021-Plakat-1-1474x2048.jpg 1474w\" sizes=\"(max-width: 1692px) 100vw, 1692px\" \/><\/a><\/p>\n<p><strong><a href=\"https:\/\/www.noworudzianin.pl\/WWW\/2020\/09\/25\/sygnal-milosierdzia\/\" rel=\"noopener\" target=\"_blank\">W ubieg\u0142ym roku, w niedziel\u0119 20 wrze\u015bnia, w Nowej Rudzie-S\u0142upcu odby\u0142a si\u0119 3 edycja koncertu Sygna\u0142 Mi\u0142osierdzia \u2013 zobacz tutaj.<\/a><\/strong><\/p>\n","protected":false},"excerpt":{"rendered":"<p>\u201eSygna\u0142 mi\u0142osierdzia\u201d to koncert uwielbienia w uroczysto\u015b\u0107 Bo\u017cego Cia\u0142a, kt\u00f3ry odbywa si\u0119 w Nowej Rudzie-S\u0142upcu<\/p>\n","protected":false},"author":6,"featured_media":25261,"comment_status":"open","ping_status":"closed","sticky":false,"template":"","format":"standard","meta":{"om_disable_all_campaigns":false,"_monsterinsights_skip_tracking":false,"_monsterinsights_sitenote_active":false,"_monsterinsights_sitenote_note":"","_monsterinsights_sitenote_category":0,"_uf_show_specific_survey":0,"_uf_disable_surveys":false,"footnotes":""},"categories":[2,2382,1363,6,32,23,2117],"tags":[1098,1010,20,5,6027,6820],"aioseo_notices":[],"amp_enabled":true,"_links":{"self":[{"href":"https:\/\/www.noworudzianin.pl\/WWW\/wp-json\/wp\/v2\/posts\/25259"}],"collection":[{"href":"https:\/\/www.noworudzianin.pl\/WWW\/wp-json\/wp\/v2\/posts"}],"about":[{"href":"https:\/\/www.noworudzianin.pl\/WWW\/wp-json\/wp\/v2\/types\/post"}],"author":[{"embeddable":true,"href":"https:\/\/www.noworudzianin.pl\/WWW\/wp-json\/wp\/v2\/users\/6"}],"replies":[{"embeddable":true,"href":"https:\/\/www.noworudzianin.pl\/WWW\/wp-json\/wp\/v2\/comments?post=25259"}],"version-history":[{"count":7,"href":"https:\/\/www.noworudzianin.pl\/WWW\/wp-json\/wp\/v2\/posts\/25259\/revisions"}],"predecessor-version":[{"id":25269,"href":"https:\/\/www.noworudzianin.pl\/WWW\/wp-json\/wp\/v2\/posts\/25259\/revisions\/25269"}],"wp:featuredmedia":[{"embeddable":true,"href":"https:\/\/www.noworudzianin.pl\/WWW\/wp-json\/wp\/v2\/media\/25261"}],"wp:attachment":[{"href":"https:\/\/www.noworudzianin.pl\/WWW\/wp-json\/wp\/v2\/media?parent=25259"}],"wp:term":[{"taxonomy":"category","embeddable":true,"href":"https:\/\/www.noworudzianin.pl\/WWW\/wp-json\/wp\/v2\/categories?post=25259"},{"taxonomy":"post_tag","embeddable":true,"href":"https:\/\/www.noworudzianin.pl\/WWW\/wp-json\/wp\/v2\/tags?post=25259"}],"curies":[{"name":"wp","href":"https:\/\/api.w.org\/{rel}","templated":true}]}}