{"id":25281,"date":"2021-05-28T19:25:04","date_gmt":"2021-05-28T17:25:04","guid":{"rendered":"https:\/\/www.noworudzianin.pl\/WWW\/?p=25281"},"modified":"2021-05-28T19:25:04","modified_gmt":"2021-05-28T17:25:04","slug":"swiatowy-dzien-bez-tytoniu-2021","status":"publish","type":"post","link":"https:\/\/www.noworudzianin.pl\/WWW\/2021\/05\/28\/swiatowy-dzien-bez-tytoniu-2021\/","title":{"rendered":"\u015awiatowy Dzie\u0144 bez Tytoniu 2021"},"content":{"rendered":"<p><strong>Pa\u0144stwowy Powiatowy Inspektor Sanitarny w K\u0142odzku przypomina, \u017ce 31 maja na ca\u0142ym \u015bwiecie obchodzony jest \u015awiatowy Dzie\u0144 bez Tytoniu<\/strong><\/p>\n<p>Tegoroczna kampania \u015awiatowego Dnia bez Tytoniu 2021 ma na celu wzmocnienie pozycji i wsparcie os\u00f3b pal\u0105cych w ich drodze do rzucenia palenia. Rzucenie palenia tytoniu jest trudnym wyzwaniem zw\u0142aszcza w obliczu dodatkowego stresu spo\u0142ecznego i gospodarczego, kt\u00f3ry nast\u0105pi\u0142 w wyniku pandemii. Jednak naukowcy podkre\u015blaj\u0105, \u017ce palacze s\u0105 bardziej sk\u0142onni ni\u017c osoby niepal\u0105ce do powa\u017cnych skutk\u00f3w COVID-19. Zalecaj\u0105 wi\u0119c uwzgl\u0119dnienie zaprzestania palenia jako jednego z element\u00f3w strategii walki z COVID-19 poniewa\u017c palenie zwi\u0119ksza zar\u00f3wno prawdopodobie\u0144stwo wyst\u0105pienia objaw\u00f3w, jak i ich wi\u0119ksze nasilenie oraz ryzyko hospitalizacji. Osoby pal\u0105ce, a tak\u017ce osoby nara\u017cone na bierne wdychanie dymu papierosowego, maj\u0105 uszkodzony przez toksyny dymu tytoniowego nab\u0142onek oskrzeli i p\u0142uc, kt\u00f3ry jest naturaln\u0105 barier\u0105 ochronn\u0105 przed drobnoustrojami, w tym przed koronawirusem. Bardzo gro\u017ane jest r\u00f3wnie\u017c to, \u017ce palenie sprzyja zakrzepom, kt\u00f3re zwi\u0119kszaj\u0105 ryzyko wyst\u0119powania zawa\u0142\u00f3w serca i udar\u00f3w m\u00f3zgu u palaczy. Dlatego tak wa\u017cne dla zdrowia jest rzucenie palenia. Osoby uzale\u017cnione od tytoniu po pomoc mog\u0105 zg\u0142osi\u0107 si\u0119 do lekarza rodzinnego lub specjalistycznych poradni. Mo\u017cliwo\u015b\u0107 uzyskania nieodp\u0142atnej pomocy osobom pal\u0105cym lub poszukuj\u0105cym pomocy dla swoich bliskich oferuje r\u00f3wnie\u017c Telefoniczna Poradnia Pomocy Pal\u0105cym dzia\u0142aj\u0105ca pod numerami: 801 108 108.<\/p>\n","protected":false},"excerpt":{"rendered":"<p>Pa\u0144stwowy Powiatowy Inspektor Sanitarny w K\u0142odzku przypomina, \u017ce 31 maja na ca\u0142ym \u015bwiecie obchodzony jest \u015awiatowy Dzie\u0144 bez Tytoniu Tegoroczna<\/p>\n","protected":false},"author":6,"featured_media":25282,"comment_status":"open","ping_status":"closed","sticky":false,"template":"","format":"standard","meta":{"om_disable_all_campaigns":false,"_monsterinsights_skip_tracking":false,"_monsterinsights_sitenote_active":false,"_monsterinsights_sitenote_note":"","_monsterinsights_sitenote_category":0,"_uf_show_specific_survey":0,"_uf_disable_surveys":false,"footnotes":""},"categories":[2,29,9,6,281],"tags":[20,5,6826,6827,6825,6824,6823],"aioseo_notices":[],"amp_enabled":true,"_links":{"self":[{"href":"https:\/\/www.noworudzianin.pl\/WWW\/wp-json\/wp\/v2\/posts\/25281"}],"collection":[{"href":"https:\/\/www.noworudzianin.pl\/WWW\/wp-json\/wp\/v2\/posts"}],"about":[{"href":"https:\/\/www.noworudzianin.pl\/WWW\/wp-json\/wp\/v2\/types\/post"}],"author":[{"embeddable":true,"href":"https:\/\/www.noworudzianin.pl\/WWW\/wp-json\/wp\/v2\/users\/6"}],"replies":[{"embeddable":true,"href":"https:\/\/www.noworudzianin.pl\/WWW\/wp-json\/wp\/v2\/comments?post=25281"}],"version-history":[{"count":1,"href":"https:\/\/www.noworudzianin.pl\/WWW\/wp-json\/wp\/v2\/posts\/25281\/revisions"}],"predecessor-version":[{"id":25283,"href":"https:\/\/www.noworudzianin.pl\/WWW\/wp-json\/wp\/v2\/posts\/25281\/revisions\/25283"}],"wp:featuredmedia":[{"embeddable":true,"href":"https:\/\/www.noworudzianin.pl\/WWW\/wp-json\/wp\/v2\/media\/25282"}],"wp:attachment":[{"href":"https:\/\/www.noworudzianin.pl\/WWW\/wp-json\/wp\/v2\/media?parent=25281"}],"wp:term":[{"taxonomy":"category","embeddable":true,"href":"https:\/\/www.noworudzianin.pl\/WWW\/wp-json\/wp\/v2\/categories?post=25281"},{"taxonomy":"post_tag","embeddable":true,"href":"https:\/\/www.noworudzianin.pl\/WWW\/wp-json\/wp\/v2\/tags?post=25281"}],"curies":[{"name":"wp","href":"https:\/\/api.w.org\/{rel}","templated":true}]}}