{"id":2552,"date":"2017-02-04T15:55:03","date_gmt":"2017-02-04T14:55:03","guid":{"rendered":"http:\/\/www.noworudzianin.pl\/WWW\/?p=2552"},"modified":"2023-08-12T18:01:47","modified_gmt":"2023-08-12T16:01:47","slug":"kto-za-to-wszystko-odpowiada","status":"publish","type":"post","link":"https:\/\/www.noworudzianin.pl\/WWW\/2017\/02\/04\/kto-za-to-wszystko-odpowiada\/","title":{"rendered":"Kto za to wszystko odpowiada?"},"content":{"rendered":"<p><script src=\"https:\/\/apis.google.com\/js\/platform.js\" async defer>\n  {lang: 'pl'}\n<\/script><\/p>\n<div class=\"g-plusone\" data-annotation=\"inline\" data-width=\"300\"><\/div>\n<p><iframe loading=\"lazy\" style=\"border: none; overflow: hidden;\" src=\"https:\/\/www.facebook.com\/plugins\/like.php?href=https%3A%2F%2Fwww.facebook.com%2FNoworudzianin%2F&amp;width=450&amp;layout=standard&amp;action=like&amp;size=large&amp;show_faces=true&amp;share=true&amp;height=80&amp;appId=245775052109201\" width=\"450\" height=\"80\" frameborder=\"0\" scrolling=\"no\"><\/iframe><\/p>\n<p><strong>\u201ePoka\u017cemy t\u0119 propozycj\u0119, kt\u00f3ra zosta\u0142a zaproponowana radzie miejskiej. (\u2026) Jedna du\u017ca szko\u0142a w centrum miasta jest najkorzystniejszym posuni\u0119ciem\u201d <!--more--><\/strong><\/p>\n<p>\u2013 z Tomaszem Kili\u0144skim, burmistrzem Nowej Rudy, rozmawia Wojciech Grzybowski<\/p>\n<p>\u2013 Uchwa\u0142a w sprawie zamiaru likwidacji Szko\u0142y Podstawowej Nr 3 zosta\u0142a przyj\u0119ta i wywo\u0142uje wiele negatywnych komentarzy.<br \/>\n\u2013 Ka\u017cda likwidacja wywo\u0142uje sprzeciw, szczeg\u00f3lnie, \u017ce wielu ludzi nie rozumie o co chodzi. Przede wszystkim, w zwi\u0105zku z tym co si\u0119 dzieje, nale\u017c\u0105 si\u0119 mieszka\u0144com wyja\u015bnienia: dlaczego teraz i dlaczego w takim tempie. Zacznijmy od pocz\u0105tku \u2013 sprzeczne przekazy od pani minister edukacji narodowej, podawanie nieprawdziwych relacji przez media i przez osoby, kt\u00f3re nie wiedz\u0105 na czym ta reforma o\u015bwiaty polega \u2013 wszystko to wywo\u0142uje zamieszanie.<br \/>\n\u2013 Mo\u017ce wi\u0119c nie nale\u017ca\u0142o podejmowa\u0107 takiej uchwa\u0142y?<br \/>\n\u2013 Dla \u201eTr\u00f3jki\u201d i \u201eDw\u00f3jki\u201d, po zlikwidowaniu gimnazjum, nie zmieni\u0142oby si\u0119 na t\u0119 chwil\u0119 nic, ale reforma polega na do\u0142o\u017ceniu dw\u00f3ch rocznik\u00f3w do szk\u00f3\u0142 podstawowych i tutaj zaczyna si\u0119 problem. Szko\u0142y nie b\u0119d\u0105 w stanie si\u0119 pomie\u015bci\u0107 w swoich obiektach. Z uwagi na za\u0142o\u017cenia reformy, baz\u0119 lokalow\u0105 wymienionych plac\u00f3wek i sytuacj\u0119 demograficzn\u0105, jedynym rozwi\u0105zaniem by\u0142oby wprowadzenie dwuzmianowego systemu nauki, co w spos\u00f3b znacz\u0105cy wp\u0142yn\u0119\u0142oby negatywnie nie tylko na kwestie organizacyjne, ale g\u0142\u00f3wnie na warunki edukacji dzieci.<br \/>\n\u2013 St\u0105d taki kierunek zmian?<br \/>\n\u2013 Istnieje rozwi\u0105zanie problemu, wi\u0105\u017c\u0105ce si\u0119 ze zmian\u0105 sieci szk\u00f3\u0142. Dlatego szukali\u015bmy wariantu, kt\u00f3ry pozwoli nam na utworzenie o\u015bmio- czy dziewi\u0119cioklasowej szko\u0142y podstawowej. Rozwi\u0105zanie zosta\u0142o wypracowane wsp\u00f3lnie przez dyrektor\u00f3w szk\u00f3\u0142 podstawowych i gimnazjum. Jest to mo\u017cliwe tylko w budynkach gimnazjum przy ul. Kopernika, w kt\u00f3rym funkcjonuje obecnie Gimnazjum Nr 1, kt\u00f3re w ci\u0105gu najbli\u017cszych 2 lat przestanie istnie\u0107. W sk\u0142ad tego kompleksu wchodz\u0105 dwa du\u017ce budynki. Maj\u0105 odpowiedni\u0105 liczb\u0119 pomieszcze\u0144 dydaktycznych, jest aula, sala gimnastyczna wraz z dwoma boiskami kompleksu \u201eOrlik\u201d, zamierzamy utworzy\u0107 w szkole sto\u0142\u00f3wk\u0119. To ogromna, najlepsza z dost\u0119pnych baza w centrum miasta.<br \/>\n\u2013 Ale dlaczego ma to odby\u0107 si\u0119 kosztem likwidacji \u201eTr\u00f3jki\u201d?<br \/>\n\u2013 Tak naprawd\u0119 docelowo chcemy przenie\u015b\u0107 dwie szko\u0142y podstawowe w jedno miejsce. Niestety, zgodnie z prawem jedn\u0105 trzeba zlikwidowa\u0107, gdy\u017c reforma nie pozwala na \u0142\u0105czenie dw\u00f3ch szk\u00f3\u0142 podstawowych z gimnazjum. Powiedzmy sobie jasno, kto za to wszystko odpowiada. W og\u00f3le nie rozmawialiby\u015bmy dzisiaj o czymkolwiek, gdyby nie tak zaproponowana reforma o\u015bwiaty. S\u0142yszymy \u2013 nic si\u0119 nie zmieni, szko\u0142y nie b\u0119d\u0105 likwidowane, b\u0119d\u0105 lepsze standardy nauczania, pozostan\u0105 ma\u0142e szko\u0142y, nauczyciele nie strac\u0105 pracy. To wszystko nieprawda. Ju\u017c s\u0105 w Polsce i na Dolnym \u015al\u0105sku przypadki likwidacji, czy propozycje nauki na dwie zmiany. Proponujemy najlepsze moim zdaniem dla centrum Nowej Rudy rozwi\u0105zanie \u2013 docelowo jedna du\u017ca szko\u0142a.<br \/>\n\u2013 Czy dor\u0119czanie zawiadomie\u0144 dla rodzic\u00f3w dzieci ucz\u0105cych si\u0119 w \u201eTr\u00f3jce\u201d, o uchwale w sprawie zamiaru likwidacji szko\u0142y, odby\u0142o si\u0119 we w\u0142a\u015bciwy spos\u00f3b? Pisma dostarcza\u0142a stra\u017c miejska&#8230;<br \/>\n\u2013 Kr\u00f3tki czas jaki nam dano na zaproponowanie zmian, zgodnie z prawem, wymusza takie rozwi\u0105zania. Przypomn\u0119, 9 stycznia prezydent podpisa\u0142 ustaw\u0119 o reformie o\u015bwiaty. Uchwa\u0142a noworudzkiej rady miejskiej jest intencyjn\u0105 i rozpoczyna proces konsultacji z rodzicami, ze zwi\u0105zkami zawodowymi i nauczycielami. Uchwa\u0142a o zamiarze likwidacji trafi\u0142a te\u017c do dolno\u015bl\u0105skiego kuratora o\u015bwiaty, kt\u00f3ry wyda opini\u0119 \u2013 pozytywn\u0105 lub negatywn\u0105 i co wa\u017cne, wi\u0105\u017c\u0105c\u0105 dla rady gminy w sprawie likwidacji. Wszystko to musimy przeprowadzi\u0107 do ko\u0144ca lutego, a sie\u0107 szk\u00f3\u0142 ma by\u0107 przyj\u0119ta w Polsce uchwa\u0142ami rad gmin do 31 marca. Dlatego te dzia\u0142ania zosta\u0142y skr\u00f3cone w czasie. Tak si\u0119 nie powinno robi\u0107 reformy o\u015bwiaty. To nie nasza wina. Jeste\u015bmy postawieni przed faktem dokonanym i prosz\u0119 nie mie\u0107 do mnie i do rady miasta pretensji, \u017ce tak szybko to musimy przeprowadza\u0107. Oczywi\u015bcie mogli\u015bmy nic nie robi\u0107, ale oznacza\u0142oby to, \u017ce od wrze\u015bnia b\u0119dziemy mieli dwuzmianowo\u015b\u0107 w szko\u0142ach.<br \/>\n\u2013 Czy by\u0142 brany pod uwag\u0119 wariant powrotu do trzech szk\u00f3\u0142 podstawowych w centrum \u2013 do stanu sprzed 1999 roku?<br \/>\n\u2013 Ten wariant jest niemo\u017cliwy do realizacji z powodu za ma\u0142ej ilo\u015bci uczni\u00f3w. Mog\u0142oby doj\u015b\u0107 do sytuacji, kiedy mamy trzy szko\u0142y, a tylko dwie klasy w roczniku. Musimy pami\u0119ta\u0107, \u017ce mamy ponaddwukrotnie mniej dzieci w szko\u0142ach ni\u017c kilkana\u015bcie lat temu. Druga opcja, zamykamy za dwa lata gimnazjum, szko\u0142y zostaj\u0105 u siebie i nie mieszcz\u0105 si\u0119 po roku w swoich obiektach. Je\u015bli nawet \u201eDw\u00f3jka\u201d przenosi si\u0119 do gimnazjum, to \u201eTr\u00f3jka\u201d staje si\u0119 szko\u0142\u0105 dwuzmianow\u0105, bez odpowiedniego zaplecza i standard\u00f3w. My\u015blmy o przysz\u0142o\u015bci edukacji w Nowej Rudzie ze szczeg\u00f3ln\u0105 trosk\u0105 o poziom i jako\u015b\u0107 nauczania naszych dzieci. Mam nadziej\u0119, \u017ce rodzice maj\u0105 \u015bwiadomo\u015b\u0107 i potrzeb\u0119, by ich dzieci uczy\u0142y si\u0119 w jak najlepszych warunkach w szko\u0142ach o w\u0142a\u015bciwym standardzie, dobrze wyposa\u017conych. Pami\u0119tajmy te\u017c, \u017ce proponowane zmiany, czyli jedna du\u017ca szko\u0142a, daje zatrudnienie wszystkim nauczycielom przynajmniej przez dwa lata.<br \/>\n\u2013 Ale przecie\u017c ministerstwo edukacji zaplanowa\u0142o wsparcie finansowe dla samorz\u0105d\u00f3w w tej reformie o\u015bwiaty, czyli by\u0142yby mo\u017cliwo\u015bci rozbudowy \u201eTr\u00f3jki\u201d, modernizacji bazy nauczania. Nie mo\u017cna by\u0142oby z tych \u015brodk\u00f3w skorzysta\u0107?<br \/>\n\u2013 My\u015bl\u0119, \u017ce przy istniej\u0105cych obiektach w centrum Nowej Rudy, takie rozwi\u0105zanie nie znajdzie akceptacji. Zamykamy gimnazjum, pozostawiamy puste budynki lepiej przygotowane, a bierzemy si\u0119 za rozbudow\u0119 czy modernizacj\u0119. Gdzie znajdziemy pieni\u0105dze na tak\u0105 inwestycj\u0119, gdy wsparcie pa\u0144stwa to tylko 168 mln z\u0142 z rezerwy subwencji o\u015bwiatowej w skali ca\u0142ego kraju? To nierealne.<br \/>\n\u2013 Czy podczas styczniowego spotkania z gronem pedagogicznym \u201eTr\u00f3jki\u201d, przed podj\u0119ciem uchwa\u0142y o zamiarze likwidacji, pad\u0142y ze strony nauczycieli, rodzic\u00f3w, propozycje innych rozwi\u0105za\u0144?<br \/>\n\u2013 Nie by\u0142o, p\u00f3ki co, \u017cadnych propozycji. Przedstawili\u015bmy nasz\u0105 koncepcje zmiany sieci szk\u00f3\u0142 w obliczu wprowadzanej reformy o\u015bwiaty. Odpowiada\u0142em na pytania, t\u0142umaczy\u0142em, prosi\u0142em o pomys\u0142y, uwagi i rozwi\u0105zania.<br \/>\n\u2013 Przed nami spotkanie (7 lutego) w Szkole Podstawowej Nr 3. Jakie b\u0119d\u0105 propozycje miasta?<br \/>\n\u2013 Poka\u017cemy t\u0119 propozycj\u0119, kt\u00f3ra zosta\u0142a zaproponowana radzie miejskiej. Wska\u017cemy, \u017ce rozwi\u0105zanie dla szk\u00f3\u0142 w Drogos\u0142awiu i S\u0142upcu jest do przyj\u0119cia. Jedna du\u017ca szko\u0142a w centrum miasta jest najkorzystniejszym posuni\u0119ciem.<br \/>\n\u2013 Co b\u0119dzie, je\u015bli jednak Roman Kowalczyk, dolno\u015bl\u0105ski kurator o\u015bwiaty, powie \u201enie\u201d dla likwidacji \u201eTr\u00f3jki\u201d?<br \/>\n\u2013 Oczywi\u015bcie liczymy si\u0119 z tak\u0105 mo\u017cliwo\u015bci\u0105. Wtedy nie b\u0119dzie innego wyj\u015bcia. W Szkole Podstawowej Nr 3 dzieci b\u0119d\u0105 musia\u0142y uczy\u0107 si\u0119 na dwie zmiany. Tak nie mo\u017cna budowa\u0107 nowoczesnej edukacji, a nasze dzieci zostan\u0105 jej pozbawione.<br \/>\n\u2013 Dzi\u0119kuj\u0119 za rozmow\u0119.<br \/>\n\u2013 Dzi\u0119kuj\u0119 bardzo.<\/p>\n<p><span style=\"color: #0000ff;\">Numer 266 tygodnika &#8222;Noworudzianin&#8221;\u00a0<\/span><br \/>\n<script language=\"JavaScript\"><\/p>\n<p><!--\nfunction FP_swapImg() {\/\/v1.0\n var doc=document,args=arguments,elm,n; doc.$imgSwaps=new Array(); for(n=2; n<args.length;\n n+=2) { elm=FP_getObjectByID(args[n]); if(elm) { doc.$imgSwaps[doc.$imgSwaps.length]=elm;\n elm.$src=elm.src; elm.src=args[n+1]; } }\n}\nfunction FP_preloadImgs() {\/\/v1.0\n var d=document,a=arguments; if(!d.FP_imgs) d.FP_imgs=new Array();\n for(var i=0; i<a.length; i++) { d.FP_imgs[i]=new Image; d.FP_imgs[i].src=a[i]; }\n}\nfunction FP_getObjectByID(id,o) {\/\/v1.0\n var c,el,els,f,m,n; if(!o)o=document; if(o.getElementById) el=o.getElementById(id);\n else if(o.layers) c=o.layers; else if(o.all) el=o.all[id]; if(el) return el;\n if(o.id==id || o.name==id) return o; if(o.childNodes) c=o.childNodes; if(c)\n for(n=0; n<c.length; n++) { el=FP_getObjectByID(id,c[n]); if(el) return el; }\n f=o.forms; if(f) for(n=0; n<f.length; n++) { els=f[n].elements;\n for(m=0; m<els.length; m++){ el=FP_getObjectByID(id,els[n]); if(el) return el; } } return null; } \/\/ -->\n<\/script><\/p>\n<p align=\"center\"><a href=\"http:\/\/www.noworudzianin.pl\/WWW\/images\/266_b.jpg\" target=\"_blank\" rel=\"noopener\"><br \/>\n<img loading=\"lazy\" decoding=\"async\" src=\"http:\/\/www.noworudzianin.pl\/WWW\/images\/266_b_small.jpg\" width=\"221\" height=\"300\" border=\"1\" \/><\/a><br \/>\n<span style=\"font-family: Verdana;\">Numer 266<br \/>\n<span style=\"font-size: small;\">3-9 lutego 2017 r.<\/span><\/span><\/p>\n","protected":false},"excerpt":{"rendered":"<p>\u201ePoka\u017cemy t\u0119 propozycj\u0119, kt\u00f3ra zosta\u0142a zaproponowana radzie miejskiej. (\u2026) Jedna du\u017ca szko\u0142a w centrum miasta jest najkorzystniejszym posuni\u0119ciem\u201d<\/p>\n","protected":false},"author":6,"featured_media":2553,"comment_status":"open","ping_status":"open","sticky":false,"template":"","format":"standard","meta":{"om_disable_all_campaigns":false,"_monsterinsights_skip_tracking":false,"_monsterinsights_sitenote_active":false,"_monsterinsights_sitenote_note":"","_monsterinsights_sitenote_category":0,"_uf_show_specific_survey":0,"_uf_disable_surveys":false,"footnotes":""},"categories":[2,6,426,23,128],"tags":[538,541,20,539,5,501,540,462],"aioseo_notices":[],"amp_enabled":true,"_links":{"self":[{"href":"https:\/\/www.noworudzianin.pl\/WWW\/wp-json\/wp\/v2\/posts\/2552"}],"collection":[{"href":"https:\/\/www.noworudzianin.pl\/WWW\/wp-json\/wp\/v2\/posts"}],"about":[{"href":"https:\/\/www.noworudzianin.pl\/WWW\/wp-json\/wp\/v2\/types\/post"}],"author":[{"embeddable":true,"href":"https:\/\/www.noworudzianin.pl\/WWW\/wp-json\/wp\/v2\/users\/6"}],"replies":[{"embeddable":true,"href":"https:\/\/www.noworudzianin.pl\/WWW\/wp-json\/wp\/v2\/comments?post=2552"}],"version-history":[{"count":6,"href":"https:\/\/www.noworudzianin.pl\/WWW\/wp-json\/wp\/v2\/posts\/2552\/revisions"}],"predecessor-version":[{"id":27538,"href":"https:\/\/www.noworudzianin.pl\/WWW\/wp-json\/wp\/v2\/posts\/2552\/revisions\/27538"}],"wp:featuredmedia":[{"embeddable":true,"href":"https:\/\/www.noworudzianin.pl\/WWW\/wp-json\/wp\/v2\/media\/2553"}],"wp:attachment":[{"href":"https:\/\/www.noworudzianin.pl\/WWW\/wp-json\/wp\/v2\/media?parent=2552"}],"wp:term":[{"taxonomy":"category","embeddable":true,"href":"https:\/\/www.noworudzianin.pl\/WWW\/wp-json\/wp\/v2\/categories?post=2552"},{"taxonomy":"post_tag","embeddable":true,"href":"https:\/\/www.noworudzianin.pl\/WWW\/wp-json\/wp\/v2\/tags?post=2552"}],"curies":[{"name":"wp","href":"https:\/\/api.w.org\/{rel}","templated":true}]}}