{"id":25534,"date":"2021-06-23T09:47:17","date_gmt":"2021-06-23T07:47:17","guid":{"rendered":"https:\/\/www.noworudzianin.pl\/WWW\/?p=25534"},"modified":"2021-06-23T09:47:37","modified_gmt":"2021-06-23T07:47:37","slug":"sowiogorski-weekend-biegowy-coraz-blizej-3-i-4-lipca-zapraszamy-do-ludwikowic-klodzkich","status":"publish","type":"post","link":"https:\/\/www.noworudzianin.pl\/WWW\/2021\/06\/23\/sowiogorski-weekend-biegowy-coraz-blizej-3-i-4-lipca-zapraszamy-do-ludwikowic-klodzkich\/","title":{"rendered":"Sowiog\u00f3rski weekend biegowy coraz bli\u017cej. 3 i 4 lipca zapraszamy do Ludwikowic K\u0142odzkich"},"content":{"rendered":"<p>Wreszcie zanosi si\u0119 na to, \u017ce sportowa rywalizacja w biegach g\u00f3rskich wraca do normalno\u015bci<!--more-->. Oczywi\u015bcie organizatorzy s\u0105 wci\u0105\u017c przygotowani na \u015bcis\u0142y sanitarny re\u017cim i list\u0119 nadal obowi\u0105zuj\u0105cych obostrze\u0144, ale nie da si\u0119 ukry\u0107, \u017ce w por\u00f3wnaniu z ubieg\u0142ym rokiem, ten rzeczywi\u015bcie przyni\u00f3s\u0142 ju\u017c powiew biegowej i organizacyjnej wolno\u015bci. Rok temu, uciekaj\u0105c przed pandemi\u0105, przek\u0142adali\u015bmy oba sowiog\u00f3rskie biegi z maja na wrzesie\u0144, a w tym roku r\u00f3wnie\u017c nie uda\u0142o si\u0119 pobiec w zaplanowanym terminie. Jednak 3 i 4 lipca biegniemy ju\u017c na pewno, a zapisy na obie imprezy dzia\u0142aj\u0105 tylko do godziny 23:59 w pi\u0105tek, 25 czerwca.<\/p>\n<p>Limit zg\u0142osze\u0144 w sobotnim biegu na 10 km to 250 os\u00f3b i lada moment zostanie on osi\u0105gni\u0119ty.<\/p>\n<p>Je\u015bli chodzi o p\u00f3\u0142maraton, to pierwotnie r\u00f3wnie\u017c mieli\u015bmy tu ograniczenie do 250 os\u00f3b, ale w zwi\u0105zku z rosn\u0105cym zainteresowaniem tym biegiem i luzowaniem sanitarnych obostrze\u0144, organizatorzy najpierw zwi\u0119kszyli pul\u0119 do 350, a potem a\u017c do 400! I, co tu du\u017co m\u00f3wi\u0107, do tej granicy r\u00f3wnie\u017c ju\u017c si\u0119 zbli\u017camy!<\/p>\n<p>Baz\u0105 obu bieg\u00f3w b\u0119dzie boisko sportowe przy ul. Kasprowicza w Ludwikowicach K\u0142odzkich \u2013 tam znajdowa\u0107 si\u0119 b\u0119dzie start i meta przez kolejne dwa dni. Startujemy o 11:00 \u2013 i w sobot\u0119, i w niedziel\u0119.<\/p>\n<p>Sowiog\u00f3rska Dycha to szybki, wymagaj\u0105cy technicznie bieg g\u00f3rski, odkrywaj\u0105cy przed biegaczami atrakcje masywu Gontowej. To bieg z histori\u0105 II wojny \u015bwiatowej w tle \u2013 trasa przecina szereg poniemieckich umocnie\u0144, konstrukcji i tajemniczych miejsc, kt\u00f3rych przecie\u017c w G\u00f3rach Sowich sporo.<\/p>\n<p>P\u00f3\u0142maraton Sowiog\u00f3rski to ju\u017c klasyczny kawa\u0142 d\u0142ugiego i solidnego g\u00f3rskiego biegania, a trasa wyprowadza w najpi\u0119kniejsze i najwy\u017csze partie G\u00f3r Sowich, z Wielk\u0105 Sow\u0105 na czele. Przy projektowaniu tej trasy r\u00f3wnie\u017c my\u015blano o tym aby udost\u0119pni\u0107 do biegania zupe\u0142nie nowe miejsca, dodaj\u0105c je do tych ju\u017c znanych i popularnych.<\/p>\n<p>Oba biegi staj\u0105 si\u0119 ju\u017c nie lada konkurencj\u0105 dla sztandarowej imprezy biegowej Ludwikowic K\u0142odzkich i Gminy Nowa Ruda, czyli 12. Enervit Biegu na Wielk\u0105 Sow\u0119. Najlepszy polski bieg alpejski odb\u0119dzie si\u0119 w tym roku 8 sierpnia, a zapisy oczywi\u015bcie te\u017c ju\u017c dzia\u0142aj\u0105!<\/p>\n<p>Je\u015bli kto\u015b my\u015bli jeszcze o starcie w jednym lub drugim biegu (lub w obu, bo takich zawodnik\u00f3w, kt\u00f3rzy biegn\u0105 dzie\u0144 po dniu jest coraz wi\u0119cej), to naprawd\u0119 warto si\u0119 po\u015bpieszy\u0107 \u017ceby znale\u017a\u0107 si\u0119 na li\u015bcie startowej.<\/p>\n<p>Zapisy na Sowiog\u00f3rsk\u0105 Dych\u0119: <a href=\"https:\/\/online.datasport.pl\/zapisy\/portal\/zawody.php?zawody=6004\">https:\/\/online.datasport.pl\/zapisy\/portal\/zawody.php?zawody=6004<\/a><\/p>\n<p>i na P\u00f3\u0142maraton Sowiog\u00f3rski: <a href=\"https:\/\/online.datasport.pl\/zapisy\/portal\/zawody.php?zawody=6003\">https:\/\/online.datasport.pl\/zapisy\/portal\/zawody.php?zawody=6003<\/a><\/p>\n<p>Organizatorami sowiog\u00f3rskich bieg\u00f3w g\u00f3rskich s\u0105 W\u00f3jt Gminy Nowa Ruda Adrianna Mierzejewska i Centrum Kultury Gminy Nowa Ruda w Ludwikowicach K\u0142odzkich<\/p>\n<p>Wi\u0119cej na <a href=\"https:\/\/biegajwgorachsowich.pl\/\">https:\/\/biegajwgorachsowich.pl<\/a> i <a href=\"https:\/\/www.facebook.com\/BiegajWGorachSowich\">https:\/\/www.facebook.com\/BiegajWGorachSowich<\/a><\/p>\n<p>&nbsp;<\/p>\n","protected":false},"excerpt":{"rendered":"<p>Wreszcie zanosi si\u0119 na to, \u017ce sportowa rywalizacja w biegach g\u00f3rskich wraca do normalno\u015bci<\/p>\n","protected":false},"author":4,"featured_media":25535,"comment_status":"open","ping_status":"closed","sticky":false,"template":"","format":"standard","meta":{"om_disable_all_campaigns":false,"_monsterinsights_skip_tracking":false,"_monsterinsights_sitenote_active":false,"_monsterinsights_sitenote_note":"","_monsterinsights_sitenote_category":0,"_uf_show_specific_survey":0,"_uf_disable_surveys":false,"footnotes":""},"categories":[2,29,46],"tags":[6894,6895,5951,6893],"aioseo_notices":[],"amp_enabled":true,"_links":{"self":[{"href":"https:\/\/www.noworudzianin.pl\/WWW\/wp-json\/wp\/v2\/posts\/25534"}],"collection":[{"href":"https:\/\/www.noworudzianin.pl\/WWW\/wp-json\/wp\/v2\/posts"}],"about":[{"href":"https:\/\/www.noworudzianin.pl\/WWW\/wp-json\/wp\/v2\/types\/post"}],"author":[{"embeddable":true,"href":"https:\/\/www.noworudzianin.pl\/WWW\/wp-json\/wp\/v2\/users\/4"}],"replies":[{"embeddable":true,"href":"https:\/\/www.noworudzianin.pl\/WWW\/wp-json\/wp\/v2\/comments?post=25534"}],"version-history":[{"count":2,"href":"https:\/\/www.noworudzianin.pl\/WWW\/wp-json\/wp\/v2\/posts\/25534\/revisions"}],"predecessor-version":[{"id":25537,"href":"https:\/\/www.noworudzianin.pl\/WWW\/wp-json\/wp\/v2\/posts\/25534\/revisions\/25537"}],"wp:featuredmedia":[{"embeddable":true,"href":"https:\/\/www.noworudzianin.pl\/WWW\/wp-json\/wp\/v2\/media\/25535"}],"wp:attachment":[{"href":"https:\/\/www.noworudzianin.pl\/WWW\/wp-json\/wp\/v2\/media?parent=25534"}],"wp:term":[{"taxonomy":"category","embeddable":true,"href":"https:\/\/www.noworudzianin.pl\/WWW\/wp-json\/wp\/v2\/categories?post=25534"},{"taxonomy":"post_tag","embeddable":true,"href":"https:\/\/www.noworudzianin.pl\/WWW\/wp-json\/wp\/v2\/tags?post=25534"}],"curies":[{"name":"wp","href":"https:\/\/api.w.org\/{rel}","templated":true}]}}