{"id":25676,"date":"2021-06-30T08:55:17","date_gmt":"2021-06-30T06:55:17","guid":{"rendered":"https:\/\/www.noworudzianin.pl\/WWW\/?p=25676"},"modified":"2021-06-30T08:55:17","modified_gmt":"2021-06-30T06:55:17","slug":"wieczorne-kino-na-plazy-w-nowej-rudzie","status":"publish","type":"post","link":"https:\/\/www.noworudzianin.pl\/WWW\/2021\/06\/30\/wieczorne-kino-na-plazy-w-nowej-rudzie\/","title":{"rendered":"Wieczorne kino na pla\u017cy w Nowej Rudzie"},"content":{"rendered":"<p>We wtorek 29. czerwca w godzinach wieczornych tu\u017c przed wej\u015bciem do Miejskiego O\u015brodka Kultury w Nowej Rudzie mia\u0142o miejsce niecodzienne wydarzenie.<br \/>\nPo\u015br\u00f3d piaszczystej pla\u017cy, le\u017cak\u00f3w, szumu morza, kolorowych kwiat\u00f3w, po zachodzie s\u0142o\u0144ca, w ciep\u0142y i przyjemny wiecz\u00f3r w doborowym towarzystwie&#8230; nie, to nie pocz\u0105tek opisu wczas\u00f3w w \u0141ebie, Mi\u0119dzyzdrojach czy Sopocie a autentyczny plener na kt\u00f3rym zainicjowano <em>Filmowe Lato na Pograniczu<\/em>.<\/p>\n<p><a href=\"https:\/\/www.noworudzianin.pl\/WWW\/wp-content\/uploads\/2021\/06\/DSC_2974-scaled.jpg\"><img loading=\"lazy\" decoding=\"async\" class=\"alignnone size-large wp-image-25687\" src=\"https:\/\/www.noworudzianin.pl\/WWW\/wp-content\/uploads\/2021\/06\/DSC_2974-630x420.jpg\" alt=\"\" width=\"630\" height=\"420\" srcset=\"https:\/\/www.noworudzianin.pl\/WWW\/wp-content\/uploads\/2021\/06\/DSC_2974-630x420.jpg 630w, https:\/\/www.noworudzianin.pl\/WWW\/wp-content\/uploads\/2021\/06\/DSC_2974-300x200.jpg 300w, https:\/\/www.noworudzianin.pl\/WWW\/wp-content\/uploads\/2021\/06\/DSC_2974-768x512.jpg 768w, https:\/\/www.noworudzianin.pl\/WWW\/wp-content\/uploads\/2021\/06\/DSC_2974-1536x1024.jpg 1536w, https:\/\/www.noworudzianin.pl\/WWW\/wp-content\/uploads\/2021\/06\/DSC_2974-2048x1365.jpg 2048w\" sizes=\"(max-width: 630px) 100vw, 630px\" \/><\/a><\/p>\n<p><iframe loading=\"lazy\" style=\"border: none; overflow: hidden;\" src=\"https:\/\/www.facebook.com\/plugins\/video.php?height=476&amp;href=https%3A%2F%2Fwww.facebook.com%2FNoworudzianin%2Fvideos%2F381638496883434%2F&amp;show_text=true&amp;width=267&amp;t=0\" width=\"267\" height=\"591\" frameborder=\"0\" scrolling=\"no\" allowfullscreen=\"allowfullscreen\"><\/iframe><\/p>\n<p>Tego wieczora swoj\u0105 premier\u0119 w tym miejscu mia\u0142o oskarowe dzie\u0142o kinowe <em>La la land<\/em>. Widzowie oklaskami dzi\u0119kowali na koniec projekcji.<br \/>\n<iframe loading=\"lazy\" title=\"YouTube video player\" src=\"https:\/\/www.youtube.com\/embed\/yglvln6SYsU\" width=\"560\" height=\"315\" frameborder=\"0\" allowfullscreen=\"allowfullscreen\"><\/iframe><\/p>\n<p><span style=\"color: #ff0000;\"><strong>WST\u0118P NA TEN I KOLEJNE FILMY JEST BEZP\u0141ATNY!<\/strong><\/span><\/p>\n<p><a href=\"https:\/\/www.noworudzianin.pl\/WWW\/wp-content\/uploads\/2021\/06\/DSC_2968-scaled.jpg\"><img loading=\"lazy\" decoding=\"async\" class=\"alignnone size-thumbnail wp-image-25678\" src=\"https:\/\/www.noworudzianin.pl\/WWW\/wp-content\/uploads\/2021\/06\/DSC_2968-150x150.jpg\" alt=\"\" width=\"150\" height=\"150\" \/><\/a> <a href=\"https:\/\/www.noworudzianin.pl\/WWW\/wp-content\/uploads\/2021\/06\/DSC_2969-scaled.jpg\"><img loading=\"lazy\" decoding=\"async\" class=\"alignnone size-thumbnail wp-image-25679\" src=\"https:\/\/www.noworudzianin.pl\/WWW\/wp-content\/uploads\/2021\/06\/DSC_2969-150x150.jpg\" alt=\"\" width=\"150\" height=\"150\" \/><\/a> <a href=\"https:\/\/www.noworudzianin.pl\/WWW\/wp-content\/uploads\/2021\/06\/DSC_2970-scaled.jpg\"><img loading=\"lazy\" decoding=\"async\" class=\"alignnone size-thumbnail wp-image-25680\" src=\"https:\/\/www.noworudzianin.pl\/WWW\/wp-content\/uploads\/2021\/06\/DSC_2970-150x150.jpg\" alt=\"\" width=\"150\" height=\"150\" \/><\/a> <a href=\"https:\/\/www.noworudzianin.pl\/WWW\/wp-content\/uploads\/2021\/06\/DSC_2971-scaled.jpg\"><img loading=\"lazy\" decoding=\"async\" class=\"alignnone size-thumbnail wp-image-25681\" src=\"https:\/\/www.noworudzianin.pl\/WWW\/wp-content\/uploads\/2021\/06\/DSC_2971-150x150.jpg\" alt=\"\" width=\"150\" height=\"150\" \/><\/a> <a href=\"https:\/\/www.noworudzianin.pl\/WWW\/wp-content\/uploads\/2021\/06\/DSC_2972-scaled.jpg\"><img loading=\"lazy\" decoding=\"async\" class=\"alignnone size-thumbnail wp-image-25682\" src=\"https:\/\/www.noworudzianin.pl\/WWW\/wp-content\/uploads\/2021\/06\/DSC_2972-150x150.jpg\" alt=\"\" width=\"150\" height=\"150\" \/><\/a> <a href=\"https:\/\/www.noworudzianin.pl\/WWW\/wp-content\/uploads\/2021\/06\/DSC_2973-scaled.jpg\"><img loading=\"lazy\" decoding=\"async\" class=\"alignnone size-thumbnail wp-image-25683\" src=\"https:\/\/www.noworudzianin.pl\/WWW\/wp-content\/uploads\/2021\/06\/DSC_2973-150x150.jpg\" alt=\"\" width=\"150\" height=\"150\" \/><\/a> <a href=\"https:\/\/www.noworudzianin.pl\/WWW\/wp-content\/uploads\/2021\/06\/DSC_2975-scaled.jpg\"><img loading=\"lazy\" decoding=\"async\" class=\"alignnone size-thumbnail wp-image-25684\" src=\"https:\/\/www.noworudzianin.pl\/WWW\/wp-content\/uploads\/2021\/06\/DSC_2975-150x150.jpg\" alt=\"\" width=\"150\" height=\"150\" \/><\/a> <a href=\"https:\/\/www.noworudzianin.pl\/WWW\/wp-content\/uploads\/2021\/06\/DSC_2977-scaled.jpg\"><img loading=\"lazy\" decoding=\"async\" class=\"alignnone size-thumbnail wp-image-25685\" src=\"https:\/\/www.noworudzianin.pl\/WWW\/wp-content\/uploads\/2021\/06\/DSC_2977-150x150.jpg\" alt=\"\" width=\"150\" height=\"150\" \/><\/a><\/p>\n<p>&#8211; Mamy w Nowej Rudzie dost\u0119p do morza &#8211; z u\u015bmiechem rozpocz\u0105\u0142 Wojciech Ko\u0142odziej, dyrektor Miejskiego O\u015brodka Kultury w Nowej Rudzie. &#8211; 88 ton piasku, 40 tytu\u0142\u00f3w filmowych z kinematografii polskiej, czeskiej i \u015bwiatowej. Kino lekkie, \u0142atwe i przyjemne. To dla starszych. Dla m\u0142odszych mamy przygotowane bajeczki w kinie w innych terminach. M\u0142odsze osoby mog\u0105 r\u00f3wnie\u017c przyj\u015b\u0107 sobie na t\u0119 pla\u017c\u0119 ka\u017cdego wakacyjnego dnia do po\u0142udnia i \u015bwietnie si\u0119 bawi\u0107 graj\u0105c w pi\u0142k\u0119, rzucaj\u0105c rzutkami, graj\u0105c w kr\u0119gle. Pla\u017ca jest dzi\u0119ki temu dwufunkcyjna. To przedsi\u0119wzi\u0119cie zaistnia\u0142o dzi\u0119ki funduszom unijnym i nie b\u0119dzie to wydarzenie tylko jednoroczne, wpisze si\u0119 na sta\u0142e w kalendarz &#8211; doda\u0142.<\/p>\n<p><span style=\"color: #0000ff;\"><strong>JE\u017bELI PODOBA CI\u0118 SI\u0118 NASZA PRACA<\/strong><\/span> i to co robimy na blogu noworudzianin.pl i naszych profilach spo\u0142eczno\u015bciowych, mo\u017cesz teraz nas wesprze\u0107. To pomo\u017ce nam rozwija\u0107 si\u0119, dociera\u0107 do nowych miejsc i temat\u00f3w oraz zakupi\u0107 sprz\u0119t aby jako\u015b\u0107 nagra\u0144 by\u0142a lepsza. Dzi\u0119kujemy!<br \/>\n<iframe loading=\"lazy\" src=\"https:\/\/patronite.pl\/widget\/Noworudzianin\/541559\/small\/000000\/FFFFFF\" width=\"600\" height=\"450\" frameborder=\"0\" scrolling=\"no\"><\/iframe><\/p>\n<p><span style=\"color: #ff0000;\">REPERTUAR I TERMINY<\/span><\/p>\n<p><a href=\"https:\/\/www.noworudzianin.pl\/WWW\/wp-content\/uploads\/2021\/06\/209487769_4302393726471001_5859936046494106595_n.jpg\"><img loading=\"lazy\" decoding=\"async\" class=\"alignnone size-large wp-image-25689\" src=\"https:\/\/www.noworudzianin.pl\/WWW\/wp-content\/uploads\/2021\/06\/209487769_4302393726471001_5859936046494106595_n-630x880.jpg\" alt=\"\" width=\"630\" height=\"880\" srcset=\"https:\/\/www.noworudzianin.pl\/WWW\/wp-content\/uploads\/2021\/06\/209487769_4302393726471001_5859936046494106595_n-630x880.jpg 630w, https:\/\/www.noworudzianin.pl\/WWW\/wp-content\/uploads\/2021\/06\/209487769_4302393726471001_5859936046494106595_n-215x300.jpg 215w, https:\/\/www.noworudzianin.pl\/WWW\/wp-content\/uploads\/2021\/06\/209487769_4302393726471001_5859936046494106595_n-768x1073.jpg 768w, https:\/\/www.noworudzianin.pl\/WWW\/wp-content\/uploads\/2021\/06\/209487769_4302393726471001_5859936046494106595_n-1100x1536.jpg 1100w, https:\/\/www.noworudzianin.pl\/WWW\/wp-content\/uploads\/2021\/06\/209487769_4302393726471001_5859936046494106595_n.jpg 1466w\" sizes=\"(max-width: 630px) 100vw, 630px\" \/><\/a><\/p>\n<p><strong>ILO\u015a\u0106 MIEJSC OGRANICZONA<\/strong> dlatego warto dokona\u0107 rezerwacji miejsca (le\u017caka)<span class=\"pq6dq46d tbxw36s4 knj5qynh kvgmc6g5 ditlmg2l oygrvhab nvdbi5me sf5mxxl7 gl3lb2sf hhz5lgdu\"><img loading=\"lazy\" decoding=\"async\" src=\"https:\/\/static.xx.fbcdn.net\/images\/emoji.php\/v9\/t69\/1\/16\/1f4eb.png\" alt=\"\ud83d\udceb\" width=\"16\" height=\"16\" \/><\/span>\u00a0<span class=\"pq6dq46d tbxw36s4 knj5qynh kvgmc6g5 ditlmg2l oygrvhab nvdbi5me sf5mxxl7 gl3lb2sf hhz5lgdu\"><img loading=\"lazy\" decoding=\"async\" src=\"https:\/\/static.xx.fbcdn.net\/images\/emoji.php\/v9\/t9e\/1\/16\/27a1.png\" alt=\"\u27a1\ufe0f\" width=\"16\" height=\"16\" \/><\/span>\u00a0<a href=\"http:\/\/bilety.nowaruda.pl\/MSI\/mvc\/pl\" target=\"_blank\" rel=\"noopener\">http:\/\/bilety.nowaruda.pl\/MSI\/mvc\/pl<\/a><br \/>\nChcesz by\u0107 na bie\u017c\u0105co? Do\u0142\u0105cz do wydarzenia!\u00a0<span class=\"pq6dq46d tbxw36s4 knj5qynh kvgmc6g5 ditlmg2l oygrvhab nvdbi5me sf5mxxl7 gl3lb2sf hhz5lgdu\"><img loading=\"lazy\" decoding=\"async\" src=\"https:\/\/static.xx.fbcdn.net\/images\/emoji.php\/v9\/t9e\/1\/16\/27a1.png\" alt=\"\u27a1\ufe0f\" width=\"16\" height=\"16\" \/><\/span>\u00a0<a class=\"oajrlxb2 g5ia77u1 qu0x051f esr5mh6w e9989ue4 r7d6kgcz rq0escxv nhd2j8a9 nc684nl6 p7hjln8o kvgmc6g5 cxmmr5t8 oygrvhab hcukyx3x jb3vyjys rz4wbd8a qt6c0cv9 a8nywdso i1ao9s8h esuyzwwr f1sip0of lzcic4wl py34i1dx gpro0wi8\" tabindex=\"0\" role=\"link\" href=\"https:\/\/fb.me\/e\/1m9hLKq55\" target=\"_blank\" rel=\"nofollow noopener\">https:\/\/fb.me\/e\/1m9hLKq55<\/a><\/p>\n<p><a href=\"https:\/\/www.noworudzianin.pl\/WWW\/wp-content\/uploads\/2021\/06\/209944064_4189746797727670_7513233297033742638_n.jpg\"><img loading=\"lazy\" decoding=\"async\" class=\"alignnone size-full wp-image-25688\" src=\"https:\/\/www.noworudzianin.pl\/WWW\/wp-content\/uploads\/2021\/06\/209944064_4189746797727670_7513233297033742638_n.jpg\" alt=\"\" width=\"542\" height=\"768\" srcset=\"https:\/\/www.noworudzianin.pl\/WWW\/wp-content\/uploads\/2021\/06\/209944064_4189746797727670_7513233297033742638_n.jpg 542w, https:\/\/www.noworudzianin.pl\/WWW\/wp-content\/uploads\/2021\/06\/209944064_4189746797727670_7513233297033742638_n-212x300.jpg 212w\" sizes=\"(max-width: 542px) 100vw, 542px\" \/><\/a><\/p>\n","protected":false},"excerpt":{"rendered":"<p>We wtorek 29. czerwca w godzinach wieczornych tu\u017c przed wej\u015bciem do Miejskiego O\u015brodka Kultury w Nowej Rudzie mia\u0142o miejsce niecodzienne<\/p>\n","protected":false},"author":4,"featured_media":25677,"comment_status":"open","ping_status":"closed","sticky":false,"template":"","format":"standard","meta":{"om_disable_all_campaigns":false,"_monsterinsights_skip_tracking":false,"_monsterinsights_sitenote_active":false,"_monsterinsights_sitenote_note":"","_monsterinsights_sitenote_category":0,"_uf_show_specific_survey":0,"_uf_disable_surveys":false,"footnotes":""},"categories":[2,2963,6,32],"tags":[6945,6946,36,2268,20,6944,35],"aioseo_notices":[],"amp_enabled":true,"_links":{"self":[{"href":"https:\/\/www.noworudzianin.pl\/WWW\/wp-json\/wp\/v2\/posts\/25676"}],"collection":[{"href":"https:\/\/www.noworudzianin.pl\/WWW\/wp-json\/wp\/v2\/posts"}],"about":[{"href":"https:\/\/www.noworudzianin.pl\/WWW\/wp-json\/wp\/v2\/types\/post"}],"author":[{"embeddable":true,"href":"https:\/\/www.noworudzianin.pl\/WWW\/wp-json\/wp\/v2\/users\/4"}],"replies":[{"embeddable":true,"href":"https:\/\/www.noworudzianin.pl\/WWW\/wp-json\/wp\/v2\/comments?post=25676"}],"version-history":[{"count":3,"href":"https:\/\/www.noworudzianin.pl\/WWW\/wp-json\/wp\/v2\/posts\/25676\/revisions"}],"predecessor-version":[{"id":25691,"href":"https:\/\/www.noworudzianin.pl\/WWW\/wp-json\/wp\/v2\/posts\/25676\/revisions\/25691"}],"wp:featuredmedia":[{"embeddable":true,"href":"https:\/\/www.noworudzianin.pl\/WWW\/wp-json\/wp\/v2\/media\/25677"}],"wp:attachment":[{"href":"https:\/\/www.noworudzianin.pl\/WWW\/wp-json\/wp\/v2\/media?parent=25676"}],"wp:term":[{"taxonomy":"category","embeddable":true,"href":"https:\/\/www.noworudzianin.pl\/WWW\/wp-json\/wp\/v2\/categories?post=25676"},{"taxonomy":"post_tag","embeddable":true,"href":"https:\/\/www.noworudzianin.pl\/WWW\/wp-json\/wp\/v2\/tags?post=25676"}],"curies":[{"name":"wp","href":"https:\/\/api.w.org\/{rel}","templated":true}]}}