{"id":26095,"date":"2021-08-18T06:33:43","date_gmt":"2021-08-18T04:33:43","guid":{"rendered":"https:\/\/www.noworudzianin.pl\/WWW\/?p=26095"},"modified":"2021-08-18T06:34:04","modified_gmt":"2021-08-18T04:34:04","slug":"trwa-rekrutacja-wolontariuszek-i-wolontariuszy-szlachetnej-paczki-oraz-akademii-przyszlosci-dolacz-juz-dzis","status":"publish","type":"post","link":"https:\/\/www.noworudzianin.pl\/WWW\/2021\/08\/18\/trwa-rekrutacja-wolontariuszek-i-wolontariuszy-szlachetnej-paczki-oraz-akademii-przyszlosci-dolacz-juz-dzis\/","title":{"rendered":"Trwa rekrutacja wolontariuszek i wolontariuszy Szlachetnej Paczki oraz Akademii Przysz\u0142o\u015bci. Do\u0142\u0105cz ju\u017c dzi\u015b"},"content":{"rendered":"<p><b>Wolontariuszki i wolontariusze poszukiwani! Szlachetna Paczka i Akademia Przysz\u0142o\u015bci dzia\u0142aj\u0105 ca\u0142y rok. By pomaga\u0107, organizatorzy obydwu program\u00f3w chc\u0105 zrekrutowa\u0107 osoby, kt\u00f3re maj\u0105 potrzeb\u0119 zmiany \u2013 w \u017cyciu zar\u00f3wno swoim, jak i innych. W nadchodz\u0105cych edycjach Paczka i Akademia b\u0119d\u0105 potrzebowa\u0142y ponad 14 tys. lider\u00f3w i wolontariuszy. Wejd\u017a na <\/b><a href=\"http:\/\/www.superw.pl\/\" target=\"_blank\" rel=\"noopener\"><b>www.superw.pl<\/b><\/a><b>, wy\u015blij zg\u0142oszenie i zosta\u0144 jednym <\/b><b>z nich!\u00a0<\/b><\/p>\n<p><span style=\"font-weight: 400;\">Trwa rekrutacja wolontariuszek i wolontariuszy Szlachetnej Paczki oraz Akademii Przysz\u0142o\u015bci. Dzi\u0119ki nim m\u0105dra pomoc co roku dociera do potrzebuj\u0105cych. W\u0142\u0105czy\u0107 mog\u0105 si\u0119 wszystkie osoby, kt\u00f3re:\u00a0<\/span><\/p>\n<ul>\n<li style=\"font-weight: 400;\" aria-level=\"1\"><span style=\"font-weight: 400;\">chc\u0105 pomaga\u0107,\u00a0<\/span><\/li>\n<li style=\"font-weight: 400;\" aria-level=\"1\"><span style=\"font-weight: 400;\">chc\u0105 by\u0107 potrzebne,\u00a0<\/span><\/li>\n<li style=\"font-weight: 400;\" aria-level=\"1\"><span style=\"font-weight: 400;\">chc\u0105 zrobi\u0107 co\u015b, co ma znaczenie,\u00a0<\/span><\/li>\n<li style=\"font-weight: 400;\" aria-level=\"1\"><span style=\"font-weight: 400;\">chc\u0105 czu\u0107 rado\u015b\u0107 z pomagania,\u00a0<\/span><\/li>\n<li style=\"font-weight: 400;\" aria-level=\"1\"><span style=\"font-weight: 400;\">chc\u0105 mie\u0107 wp\u0142yw na zmian\u0119 \u017cycia innych ludzi w swojej okolicy.\u00a0<\/span><\/li>\n<\/ul>\n<p><span style=\"font-weight: 400;\">Wolontariusz Szlachetnej Paczki wp\u0142ywa na realn\u0105 zmian\u0119 w \u017cyciu konkretnych rodzin <\/span><span style=\"font-weight: 400;\">w potrzebie, a w Akademii Przysz\u0142o\u015bci \u2013 wspiera dzieci, kt\u00f3re w siebie nie wierz\u0105. Wolontariat <\/span><span style=\"font-weight: 400;\">w Paczce i Akademii to spos\u00f3b na warto\u015bciowe sp\u0119dzanie wolnego czasu i szansa na zdobycie cennych umiej\u0119tno\u015bci oraz do\u015bwiadcze\u0144.\u00a0\u00a0<\/span><\/p>\n<p><span style=\"font-weight: 400;\">Pomagaj\u0105c innym, mo\u017cemy zrobi\u0107 co\u015b dobrego dla siebie i jednocze\u015bnie zmieni\u0107 \u017cycie potrzebuj\u0105cych. Zg\u0142o\u015b si\u0119 na <\/span><a href=\"http:\/\/www.superw.pl\/\"><span style=\"font-weight: 400;\">www.superw.pl<\/span><\/a><span style=\"font-weight: 400;\"> \u2013 aby zacz\u0105\u0107 m\u0105drze pomaga\u0107, wystarczy wype\u0142ni\u0107 kr\u00f3tki formularz.\u00a0<\/span><\/p>\n<p><iframe loading=\"lazy\" title=\"YouTube video player\" src=\"https:\/\/www.youtube.com\/embed\/xotZ0nO4Aro\" width=\"700\" height=\"394\" frameborder=\"0\" allowfullscreen=\"allowfullscreen\"><span data-mce-type=\"bookmark\" style=\"display: inline-block; width: 0px; overflow: hidden; line-height: 0;\" class=\"mce_SELRES_start\">\ufeff<\/span><\/iframe><\/p>\n<p><b>Pomagaj\u0105, bo to daje im si\u0142\u0119\u00a0<\/b><\/p>\n<p><span style=\"font-weight: 400;\">\u2013 Wolontariat jest dla mnie tym, co mog\u0119 da\u0107 drugiemu cz\u0142owiekowi \u2013 m\u00f3wi wolontariuszka Szlachetnej Paczki Marysia. \u2013 To czas, rozmowa, inne spojrzenie na sytuacj\u0119. Wolontariat to co\u015b, co ka\u017cdy z nas mo\u017ce ofiarowa\u0107 bez dodatkowych zasob\u00f3w. Pozwoli\u0142 mi doceni\u0107 to, co mam. Pomagam, bo czas, kt\u00f3ry daj\u0119 innym, jest bezcenny, nie da si\u0119 go przeliczy\u0107. Pomagam. Nie tylko w Paczce, ale tak\u017ce w \u017cyciu codziennym.\u00a0<\/span><\/p>\n<p><span style=\"font-weight: 400;\">To w\u0142a\u015bnie dlatego warto zainteresowa\u0107 si\u0119 wolontariatem w Paczce lub Akademii. Wolontariuszki i wolontariusze dzia\u0142aj\u0105 w my\u015bl idei: pomagam, bo to daje mi si\u0142\u0119. Wolontariat jest dla tych, kt\u00f3rzy szukaj\u0105 odskoczni, zaj\u0119cia, kt\u00f3re da im poczucie wp\u0142ywu. Nasz\u0105 codzienno\u015bci\u0105 w pandemii rz\u0105dzi niepewno\u015b\u0107. Wolontariat w Paczce czy Akademii to spos\u00f3b na bezradno\u015b\u0107, propozycja, dzi\u0119ki kt\u00f3rej mo\u017cemy poczu\u0107, \u017ce odzyskujemy kontrol\u0119 nad tym, co dzieje si\u0119 wok\u00f3\u0142. Zg\u0142osi\u0107 mo\u017cna si\u0119 do jednej z dw\u00f3ch r\u00f3l \u2013 lidera lub wolontariusza. Czym\u00a0 si\u0119 r\u00f3\u017cni\u0105?\u00a0<\/span><\/p>\n<p><span style=\"font-weight: 400;\">Wolontariuszki i wolontariusze Szlachetnej Paczki zbieraj\u0105 historie potrzebuj\u0105cych rodzin, diagnozuj\u0105 ich potrzeby, buduj\u0105 relacje. To dzi\u0119ki nim darczy\u0144cy mog\u0105 przygotowa\u0107 konkretn\u0105 i dedykowan\u0105 pomoc, a rodziny \u2013 odzyska\u0107 nadziej\u0119 na zmian\u0119. Wolontariuszki i wolontariusze Akademii Przysz\u0142o\u015bci staj\u0105 si\u0119 dla swoich ma\u0142ych student\u00f3w towarzyszami w drodze do budowania poczucia w\u0142asnej warto\u015bci. Dzi\u0119ki cotygodniowym spotkaniom dzieci zaczynaj\u0105 dostrzega\u0107 swoje mocne strony, odkrywa\u0107 talenty i pokonywa\u0107 kolejne bariery.\u00a0<\/span><\/p>\n<p><span style=\"font-weight: 400;\">Liderki i liderzy to wolontariusze, kt\u00f3rzy koordynuj\u0105 prac\u0119 w danym rejonie czy kolegium. Dzi\u0119ki swojemu zaanga\u017cowaniu liderzy stwarzaj\u0105 szans\u0119 na\u202fzmian\u0119 historii \u017cycia najbardziej potrzebuj\u0105cych ze\u202fswojej okolicy i umo\u017cliwiaj\u0105 dzieciom odzyskanie wiary w siebie. S\u0105 pierwszym impulsem do\u202fzmiany. To oni organizuj\u0105 struktur\u0119 pomocy w ponad 600 rejonach Paczki i 200 kolegiach Akademii, dlatego poszukiwani s\u0105 w pierwszej kolejno\u015bci.\u00a0<\/span><\/p>\n<p><span style=\"font-weight: 400;\">Ty te\u017c mo\u017cesz pom\u00f3c! Wejd\u017a na <\/span><a href=\"http:\/\/www.superw.pl\/\"><span style=\"font-weight: 400;\">www.superw.pl<\/span><\/a><span style=\"font-weight: 400;\"> i zosta\u0144 wolontariuszk\u0105 b\u0105d\u017a wolontariuszem Szlachetnej Paczki lub Akademii Przysz\u0142o\u015bci.\u00a0<\/span><\/p>\n<p><iframe loading=\"lazy\" title=\"YouTube video player\" src=\"https:\/\/www.youtube.com\/embed\/BsnZf8qxweg\" width=\"700\" height=\"394\" frameborder=\"0\" allowfullscreen=\"allowfullscreen\"><span data-mce-type=\"bookmark\" style=\"display: inline-block; width: 0px; overflow: hidden; line-height: 0;\" class=\"mce_SELRES_start\">\ufeff<\/span><\/iframe><\/p>\n<p><b>\u017beby zmieni\u0107 komu\u015b \u017cycie\u00a0<\/b><\/p>\n<p><span style=\"font-weight: 400;\">\u2013 Pomagam, bo gdy to robi\u0119, sama ze sob\u0105 czuj\u0119 si\u0119 lepiej. Oddaj\u0119 to, co dosta\u0142am kiedy\u015b \u2013 m\u00f3wi Joanna Sadzik, prezeska Stowarzyszenia WIOSNA, organizatora Szlachetnej Paczki i Akademii Przysz\u0142o\u015bci. \u2013 Szukamy takich os\u00f3b, kt\u00f3re chc\u0105 poczu\u0107 si\u0119 potrzebne, kt\u00f3re chc\u0105 mie\u0107 wp\u0142yw na otaczaj\u0105c\u0105 rzeczywisto\u015b\u0107.\u00a0\u00a0<\/span><\/p>\n<p><span style=\"font-weight: 400;\">Wolontariat to wyraz troski o innych, b\u0119d\u0105cych cz\u0119\u015bci\u0105 lokalnej spo\u0142eczno\u015bci. Poprzez swoje dzia\u0142ania wolontariusz uruchamia realn\u0105 zmian\u0119 spo\u0142eczn\u0105 w najbli\u017cszym otoczeniu. By m\u00f3c pomaga\u0107 rodzinom lub dziecku z okolicy, warto wys\u0142a\u0107 zg\u0142oszenie jak najszybciej.\u00a0\u00a0<\/span><\/p>\n<p><span style=\"font-weight: 400;\">\u2013 Po co? \u2013 pyta Joanna Sadzik i od razu odpowiada. \u2013 Po to, \u017ceby zmieni\u0107\u202fco\u015b w \u017cyciu rodziny ze swojej okolicy, kt\u00f3ra teraz sobie nie radzi. Po to te\u017c, by zmieni\u0107 co\u015b w \u017cyciu dziecka, kt\u00f3re nie wierzy w siebie, nie radzi sobie w szkole i przez to ma problemy w \u017cyciu spo\u0142ecznym. Po prostu: \u017ceby zmieni\u0107 komu\u015b \u017cycie.\u00a0<\/span><\/p>\n<p><span style=\"font-weight: 400;\">Szlachetna Paczka to jeden z najwi\u0119kszych i najskuteczniejszych program\u00f3w spo\u0142ecznych w Polsce. Dzi\u0119ki po\u0142\u0105czeniu wra\u017cliwo\u015bci ochotnik\u00f3w oraz systemowym, wdra\u017canym od lat rozwi\u0105zaniom m\u0105drej pomocy, tylko w zesz\u0142ej edycji Paczka dotar\u0142a do ponad 14 tys. rodzin. Akademia Przysz\u0142o\u015bci to siostrzany program Paczki, kt\u00f3ry od 2003 roku stanowi bezpieczn\u0105 i tw\u00f3rcz\u0105 przestrze\u0144 dla dzieci. Podczas zesz\u0142ej edycji wsparcie w budowaniu w\u0142asnej warto\u015bci otrzyma\u0142o 1 650 podopiecznych Akademii.\u00a0<\/span><\/p>\n<p><span style=\"font-weight: 400;\">Ty te\u017c mo\u017cesz pom\u00f3c potrzebuj\u0105cym odmieni\u0107 ich los! Zosta\u0144 wolontariuszk\u0105 lub wolontariuszem Szlachetnej Paczki b\u0105d\u017a Akademii Przysz\u0142o\u015bci na\u202f<\/span><a href=\"http:\/\/www.superw.pl\/\"><span style=\"font-weight: 400;\">www.superw.pl<\/span><\/a><span style=\"font-weight: 400;\">.<\/span><\/p>\n<p><span style=\"font-weight: 400;\"><a href=\"https:\/\/www.noworudzianin.pl\/WWW\/wp-content\/uploads\/2021\/08\/Pomagam-bo_grafika.jpg\"><img loading=\"lazy\" decoding=\"async\" class=\"alignnone size-large wp-image-26098\" src=\"https:\/\/www.noworudzianin.pl\/WWW\/wp-content\/uploads\/2021\/08\/Pomagam-bo_grafika-630x263.jpg\" alt=\"\" width=\"630\" height=\"263\" srcset=\"https:\/\/www.noworudzianin.pl\/WWW\/wp-content\/uploads\/2021\/08\/Pomagam-bo_grafika-630x263.jpg 630w, https:\/\/www.noworudzianin.pl\/WWW\/wp-content\/uploads\/2021\/08\/Pomagam-bo_grafika-300x125.jpg 300w, https:\/\/www.noworudzianin.pl\/WWW\/wp-content\/uploads\/2021\/08\/Pomagam-bo_grafika.jpg 720w\" sizes=\"(max-width: 630px) 100vw, 630px\" \/><\/a> <\/span><br \/>\n_________________________________________________________________________________________________________________<br \/>\n<span style=\"color: #0000ff;\"><strong>JE\u017bELI PODOBA CI\u0118 SI\u0118 NASZA PRACA<\/strong><\/span> i to co robimy na blogu noworudzianin.pl i profilach spo\u0142eczno\u015bciowych, prosimy o wsparcie. To pomo\u017ce nam rozwija\u0107 si\u0119, dociera\u0107 do nowych miejsc i temat\u00f3w oraz zakupi\u0107 potrzebny sprz\u0119t do realizacji nagra\u0144 w jeszcze lepszej jako\u015bci. Dzi\u0119kuj\u0119! Wi\u0119cej informacji pod linkami <a href=\"https:\/\/zrzutka.pl\/z\/noworudzianin\" target=\"_blank\" rel=\"noopener\">zrzutka.pl\/Noworudzianin<\/a> oraz <a href=\"https:\/\/patronite.pl\/Noworudzianin\" target=\"_blank\" rel=\"noopener\">patronite.pl\/Noworudzianin<\/a><\/p>\n<p>Wszystkie mo\u017cliwo\u015bci wspierania Noworudzianina oraz rozliczenia z wydanych Waszych pieni\u0119dzy opisane s\u0105 na stronie: <a href=\"https:\/\/bit.ly\/3hz54dS\" target=\"_blank\" rel=\"noopener\">https:\/\/bit.ly\/3hz54dS<\/a>. Liczy si\u0119 ka\u017cda z\u0142ot\u00f3wka, udost\u0119pnienie, lajk, dobre s\u0142owo i u\u015bmiech. Pozdrawiamy serdecznie.<\/p>\n<div>\n<table>\n<tbody>\n<tr>\n<td align=\"center\" width=\"350\"><iframe loading=\"lazy\" src=\"https:\/\/patronite.pl\/widget\/Noworudzianin\/541559\/small\/000000\/FFFFFF\" width=\"100%\" height=\"450\" frameborder=\"0\" scrolling=\"no\"><\/iframe><\/td>\n<td align=\"center\" width=\"350\">\n<div style=\"position: relative; height: 442px; overflow: hidden;\"><iframe loading=\"lazy\" style=\"position: absolute; top: 0; left: 0; width: 100%; height: 100%;\" src=\"https:\/\/zrzutka.pl\/ktt44m\/widget\/13\" width=\"100%\" height=\"100%\" frameborder=\"0\" scrolling=\"no\"><\/iframe><\/div>\n<\/td>\n<\/tr>\n<\/tbody>\n<\/table>\n<\/div>\n","protected":false},"excerpt":{"rendered":"<p>Wolontariuszki i wolontariusze poszukiwani! Szlachetna Paczka i Akademia Przysz\u0142o\u015bci dzia\u0142aj\u0105 ca\u0142y rok. By pomaga\u0107, organizatorzy obydwu program\u00f3w chc\u0105 zrekrutowa\u0107 osoby,<\/p>\n","protected":false},"author":4,"featured_media":26099,"comment_status":"open","ping_status":"closed","sticky":false,"template":"","format":"standard","meta":{"om_disable_all_campaigns":false,"_monsterinsights_skip_tracking":false,"_monsterinsights_sitenote_active":false,"_monsterinsights_sitenote_note":"","_monsterinsights_sitenote_category":0,"_uf_show_specific_survey":0,"_uf_disable_surveys":false,"footnotes":""},"categories":[2,29,9,6,131],"tags":[7027,1678,7026],"aioseo_notices":[],"amp_enabled":true,"_links":{"self":[{"href":"https:\/\/www.noworudzianin.pl\/WWW\/wp-json\/wp\/v2\/posts\/26095"}],"collection":[{"href":"https:\/\/www.noworudzianin.pl\/WWW\/wp-json\/wp\/v2\/posts"}],"about":[{"href":"https:\/\/www.noworudzianin.pl\/WWW\/wp-json\/wp\/v2\/types\/post"}],"author":[{"embeddable":true,"href":"https:\/\/www.noworudzianin.pl\/WWW\/wp-json\/wp\/v2\/users\/4"}],"replies":[{"embeddable":true,"href":"https:\/\/www.noworudzianin.pl\/WWW\/wp-json\/wp\/v2\/comments?post=26095"}],"version-history":[{"count":2,"href":"https:\/\/www.noworudzianin.pl\/WWW\/wp-json\/wp\/v2\/posts\/26095\/revisions"}],"predecessor-version":[{"id":26101,"href":"https:\/\/www.noworudzianin.pl\/WWW\/wp-json\/wp\/v2\/posts\/26095\/revisions\/26101"}],"wp:featuredmedia":[{"embeddable":true,"href":"https:\/\/www.noworudzianin.pl\/WWW\/wp-json\/wp\/v2\/media\/26099"}],"wp:attachment":[{"href":"https:\/\/www.noworudzianin.pl\/WWW\/wp-json\/wp\/v2\/media?parent=26095"}],"wp:term":[{"taxonomy":"category","embeddable":true,"href":"https:\/\/www.noworudzianin.pl\/WWW\/wp-json\/wp\/v2\/categories?post=26095"},{"taxonomy":"post_tag","embeddable":true,"href":"https:\/\/www.noworudzianin.pl\/WWW\/wp-json\/wp\/v2\/tags?post=26095"}],"curies":[{"name":"wp","href":"https:\/\/api.w.org\/{rel}","templated":true}]}}