{"id":26124,"date":"2021-08-20T06:10:57","date_gmt":"2021-08-20T04:10:57","guid":{"rendered":"https:\/\/www.noworudzianin.pl\/WWW\/?p=26124"},"modified":"2021-08-20T06:10:57","modified_gmt":"2021-08-20T04:10:57","slug":"zaproszenie-na-koncert-w-martinkovicach-czechy","status":"publish","type":"post","link":"https:\/\/www.noworudzianin.pl\/WWW\/2021\/08\/20\/zaproszenie-na-koncert-w-martinkovicach-czechy\/","title":{"rendered":"Zaproszenie na koncert w Mart\u00ednkovicach (Czechy)"},"content":{"rendered":"<p>Sobota, 21 sierpnia, b\u0119dzie nale\u017ce\u0107 do s\u0142owackich wykonawc\u00f3w festiwalu <em>Skarby Ziemi Broumovskiej<\/em> &#8211; Kwartetu Moyzesa i solistki festiwalu, waltornistki Zuzany Rzounkowej. <\/p>\n<p>Miejsce: Ko\u015bci\u00f3\u0142 \u015bw. Ji\u0159\u00ed i Martina, Mart\u00ednkovice<br \/>\nPocz\u0105tek: 21.08.2021, godz. 18:00<\/p>\n<p><a href=\"https:\/\/www.noworudzianin.pl\/WWW\/wp-content\/uploads\/2021\/08\/117217125_1247341355615257_3629894767188241607_n-1.jpg\"><img loading=\"lazy\" decoding=\"async\" src=\"https:\/\/www.noworudzianin.pl\/WWW\/wp-content\/uploads\/2021\/08\/117217125_1247341355615257_3629894767188241607_n-1-630x444.jpg\" alt=\"\" width=\"630\" height=\"444\" class=\"alignnone size-large wp-image-26129\" srcset=\"https:\/\/www.noworudzianin.pl\/WWW\/wp-content\/uploads\/2021\/08\/117217125_1247341355615257_3629894767188241607_n-1-630x444.jpg 630w, https:\/\/www.noworudzianin.pl\/WWW\/wp-content\/uploads\/2021\/08\/117217125_1247341355615257_3629894767188241607_n-1-300x211.jpg 300w, https:\/\/www.noworudzianin.pl\/WWW\/wp-content\/uploads\/2021\/08\/117217125_1247341355615257_3629894767188241607_n-1-768x541.jpg 768w, https:\/\/www.noworudzianin.pl\/WWW\/wp-content\/uploads\/2021\/08\/117217125_1247341355615257_3629894767188241607_n-1.jpg 1203w\" sizes=\"(max-width: 630px) 100vw, 630px\" \/><\/a><\/p>\n<p>Wst\u0119p na koncert jest dobrowolny, doch\u00f3d przeznaczony na pomoc ko\u015bcio\u0142om. Ze wzgl\u0119du na obowi\u0105zuj\u0105ce przepisy rz\u0105dowe pojemno\u015b\u0107 ko\u015bcio\u0142\u00f3w dla odwiedzaj\u0105cych jest ograniczona do 75%. Organizatorzy zwracaj\u0105 si\u0119 r\u00f3wnie\u017c do zwiedzaj\u0105cych o przestrzeganie obowi\u0105zuj\u0105cego regulaminu udzia\u0142u w koncercie. Osoby zainteresowane koncertami mog\u0105 zg\u0142asza\u0107 si\u0119 na adres <a href=\"mailto:tereza.kramplova@zapoklady.cz\" rel=\"noopener\" target=\"_blank\">tereza.kramplova@zapoklady.cz<\/a>, je\u015bli s\u0105 zainteresowane zabezpieczeniem miejsca.<\/p>\n<p><a href=\"https:\/\/www.noworudzianin.pl\/WWW\/wp-content\/uploads\/2021\/08\/41620945_269900746980245_2576019447386996736_n-1.jpg\"><img loading=\"lazy\" decoding=\"async\" src=\"https:\/\/www.noworudzianin.pl\/WWW\/wp-content\/uploads\/2021\/08\/41620945_269900746980245_2576019447386996736_n-1-630x472.jpg\" alt=\"\" width=\"630\" height=\"472\" class=\"alignnone size-large wp-image-26126\" srcset=\"https:\/\/www.noworudzianin.pl\/WWW\/wp-content\/uploads\/2021\/08\/41620945_269900746980245_2576019447386996736_n-1-630x472.jpg 630w, https:\/\/www.noworudzianin.pl\/WWW\/wp-content\/uploads\/2021\/08\/41620945_269900746980245_2576019447386996736_n-1-300x225.jpg 300w, https:\/\/www.noworudzianin.pl\/WWW\/wp-content\/uploads\/2021\/08\/41620945_269900746980245_2576019447386996736_n-1-768x575.jpg 768w, https:\/\/www.noworudzianin.pl\/WWW\/wp-content\/uploads\/2021\/08\/41620945_269900746980245_2576019447386996736_n-1.jpg 1200w\" sizes=\"(max-width: 630px) 100vw, 630px\" \/><\/a><\/p>\n<p>Od momentu za\u0142o\u017cenia w 1975 roku Kwartet Moyzesa jest jedn\u0105 z najwa\u017cniejszych grup kameralnych na S\u0142owacji. Ju\u017c w trakcie studi\u00f3w zesp\u00f3\u0142 zdoby\u0142 tytu\u0142 laureata licznych konkurs\u00f3w (Evian), w 1998 roku otrzyma\u0142 Nagrod\u0119 Kompozytor\u00f3w Brazylijskich za nagranie p\u0142yty z brazylijsk\u0105 muzyk\u0105 kameraln\u0105 (G. Bauer, G. Crowl). W latach 1986-2005 kwartet nale\u017ca\u0142 do zespo\u0142\u00f3w artystycznych Filharmonii S\u0142owackiej. Wyst\u0119powa\u0142 niemal we wszystkich krajach Europy, Japonii, Indiach, Maroku, USA, Kanadzie, na Wyspach Owczych i na Kubie. Zesp\u00f3\u0142 posiada wiele nagr\u00f3d, z kt\u00f3rych najwa\u017cniejsza to nagroda Ministerstwa Kultury Republiki S\u0142owackiej. Repertuar zespo\u0142u obejmuje muzyk\u0119 ze wszystkich okres\u00f3w stylistycznych, w tym wsp\u00f3\u0142czesn\u0105 muzyk\u0119 krajow\u0105, a wielu s\u0142owackich autor\u00f3w zespo\u0142u dedykowa\u0142o swoje utwory. Kwartet ma na swoim koncie ponad czterdzie\u015bci p\u0142yt CD, nagrywa dla radia i telewizji, nagrywa tak\u017ce muzyk\u0119 do film\u00f3w.<\/p>\n<p><iframe loading=\"lazy\" width=\"700\" height=\"394\" src=\"https:\/\/www.youtube.com\/embed\/R8soW8__0QA\" title=\"YouTube video player\" frameborder=\"0\" allow=\"accelerometer; autoplay; clipboard-write; encrypted-media; gyroscope; picture-in-picture\" allowfullscreen><\/iframe><\/p>\n<p>W sk\u0142ad kwartetu wchodz\u0105:<br \/>\nskrzypce Jozef Horv\u00e1th, Franti\u0161ek T\u00f6r\u00f6k<br \/>\nalt\u00f3wka Alexander Lakato\u0161<br \/>\nwiolonczela alt\u00f3wka J\u00e1n Sl\u00e1vik<\/p>\n<p><a href=\"https:\/\/www.noworudzianin.pl\/WWW\/wp-content\/uploads\/2021\/08\/DSC_5273-scaled.jpg\"><img loading=\"lazy\" decoding=\"async\" src=\"https:\/\/www.noworudzianin.pl\/WWW\/wp-content\/uploads\/2021\/08\/DSC_5273-630x948.jpg\" alt=\"\" width=\"630\" height=\"948\" class=\"alignnone size-large wp-image-26127\" srcset=\"https:\/\/www.noworudzianin.pl\/WWW\/wp-content\/uploads\/2021\/08\/DSC_5273-630x948.jpg 630w, https:\/\/www.noworudzianin.pl\/WWW\/wp-content\/uploads\/2021\/08\/DSC_5273-199x300.jpg 199w, https:\/\/www.noworudzianin.pl\/WWW\/wp-content\/uploads\/2021\/08\/DSC_5273-768x1155.jpg 768w, https:\/\/www.noworudzianin.pl\/WWW\/wp-content\/uploads\/2021\/08\/DSC_5273-1021x1536.jpg 1021w, https:\/\/www.noworudzianin.pl\/WWW\/wp-content\/uploads\/2021\/08\/DSC_5273-1362x2048.jpg 1362w, https:\/\/www.noworudzianin.pl\/WWW\/wp-content\/uploads\/2021\/08\/DSC_5273-scaled.jpg 1702w\" sizes=\"(max-width: 630px) 100vw, 630px\" \/><\/a><\/p>\n<p><strong>Program koncertu:<\/strong><br \/>\nWolfgang Amadeus Mozart: Kwintet Es-dur na waltorni\u0119, skrzypce, dwie alt\u00f3wki i wiolonczel\u0119 KV 407<br \/>\n1. Allegro<br \/>\n2. Andante<br \/>\n3. Rondo. Allegro<\/p>\n<p><iframe loading=\"lazy\" width=\"700\" height=\"394\" src=\"https:\/\/www.youtube.com\/embed\/nl5UjUmWDKU\" title=\"YouTube video player\" frameborder=\"0\" allow=\"accelerometer; autoplay; clipboard-write; encrypted-media; gyroscope; picture-in-picture\" allowfullscreen><\/iframe><\/p>\n<p>Egon Kr\u00e1k: Spiritus tuus in nobis, kwartet smyczkowy<\/p>\n<p>Anton\u00edn Dvo\u0159\u00e1k: Kwartet smyczkowy nr 12 op. 96 F-dur \u201eameryka\u0144ski\u201d<br \/>\n1. Allegro ma non troppo<br \/>\n2. Lento<br \/>\n3. Molto vivace<br \/>\n4. Fina\u0142. Vivace ma non troppo<\/p>\n<p><strong>Covid-19 \/ Obecna sytuacja i przepisy<\/strong><br \/>\nZdrowie i bezpiecze\u0144stwo wszystkich odwiedzaj\u0105cych festiwal jest dla nas bardzo wa\u017cne. W zwi\u0105zku z tym, odwiedzaj\u0105c koncerty, prosimy o przestrzeganie obecnych \u015brodk\u00f3w wyznaczonych przez rz\u0105d:<\/p>\n<p>1. W celu ochrony dr\u00f3g oddechowych konieczne jest posiadanie maseczki przez ca\u0142y czas trwania koncertu<br \/>\n2. 21 dni po pierwszej dawce szczepienia nie trzeba wykonywa\u0107 bada\u0144<br \/>\n3. Odporno\u015b\u0107 jest wa\u017cna przez 180 dni<br \/>\n4. lub negatywny wynik testu PCR nie starszy ni\u017c 7 dni, badanie nie jest wymagane dla dzieci poni\u017cej 6 roku \u017cycia<br \/>\n5. o\u015bwiadczenie przedstawiciela ustawowego o negatywnym te\u015bcie wykonanym w szkole lub plac\u00f3wce szkolnej.<\/p>\n<figure id=\"attachment_26128\" aria-describedby=\"caption-attachment-26128\" style=\"width: 630px\" class=\"wp-caption alignnone\"><a href=\"https:\/\/www.noworudzianin.pl\/WWW\/wp-content\/uploads\/2021\/08\/DSC_5171-scaled.jpg\"><img loading=\"lazy\" decoding=\"async\" src=\"https:\/\/www.noworudzianin.pl\/WWW\/wp-content\/uploads\/2021\/08\/DSC_5171-630x419.jpg\" alt=\"\" width=\"630\" height=\"419\" class=\"size-large wp-image-26128\" srcset=\"https:\/\/www.noworudzianin.pl\/WWW\/wp-content\/uploads\/2021\/08\/DSC_5171-630x419.jpg 630w, https:\/\/www.noworudzianin.pl\/WWW\/wp-content\/uploads\/2021\/08\/DSC_5171-300x199.jpg 300w, https:\/\/www.noworudzianin.pl\/WWW\/wp-content\/uploads\/2021\/08\/DSC_5171-768x511.jpg 768w, https:\/\/www.noworudzianin.pl\/WWW\/wp-content\/uploads\/2021\/08\/DSC_5171-1536x1021.jpg 1536w, https:\/\/www.noworudzianin.pl\/WWW\/wp-content\/uploads\/2021\/08\/DSC_5171-2048x1362.jpg 2048w\" sizes=\"(max-width: 630px) 100vw, 630px\" \/><\/a><figcaption id=\"caption-attachment-26128\" class=\"wp-caption-text\">Foto (c) Martin MARENCIN 2005<\/figcaption><\/figure>\n<p>Ze wzgl\u0119du na obowi\u0105zuj\u0105ce przepisy rz\u0105dowe, pojemno\u015b\u0107 ko\u015bcio\u0142\u00f3w dla odwiedzaj\u0105cych jest ograniczona do 75%. Ze wzgl\u0119du na po\u0142\u0105czenie \u015brodk\u00f3w epidemiologicznych i dobrowolno\u015bci wst\u0119pu organizator przyjmuje od publiczno\u015bci rezerwacje na poszczeg\u00f3lne koncerty do wyczerpania miejsc.<\/p>\n<p>fot. Eduard Timko<br \/>\n_________________________________________________________________________________________________________________<br \/>\n<span style=\"color: #0000ff;\"><strong>JE\u017bELI PODOBA CI\u0118 SI\u0118 NASZA PRACA<\/strong><\/span> i to co robimy na blogu noworudzianin.pl i profilach spo\u0142eczno\u015bciowych, prosimy o wsparcie. To pomo\u017ce nam rozwija\u0107 si\u0119, dociera\u0107 do nowych miejsc i temat\u00f3w oraz zakupi\u0107 potrzebny sprz\u0119t do realizacji nagra\u0144 w jeszcze lepszej jako\u015bci. Dzi\u0119kuj\u0119! Wi\u0119cej informacji pod linkami <a href=\"https:\/\/zrzutka.pl\/z\/noworudzianin\" target=\"_blank\" rel=\"noopener\">zrzutka.pl\/Noworudzianin<\/a> oraz <a href=\"https:\/\/patronite.pl\/Noworudzianin\" target=\"_blank\" rel=\"noopener\">patronite.pl\/Noworudzianin<\/a><\/p>\n<p>Wszystkie mo\u017cliwo\u015bci wspierania Noworudzianina oraz rozliczenia z wydanych Waszych pieni\u0119dzy opisane s\u0105 na stronie: <a href=\"https:\/\/bit.ly\/3hz54dS\" target=\"_blank\" rel=\"noopener\">https:\/\/bit.ly\/3hz54dS<\/a>. Liczy si\u0119 ka\u017cda z\u0142ot\u00f3wka, udost\u0119pnienie, lajk, dobre s\u0142owo i u\u015bmiech. Pozdrawiamy serdecznie.<\/p>\n<div>\n<table>\n<tbody>\n<tr>\n<td align=\"center\" width=\"350\"><iframe loading=\"lazy\" src=\"https:\/\/patronite.pl\/widget\/Noworudzianin\/541559\/small\/000000\/FFFFFF\" width=\"100%\" height=\"450\" frameborder=\"0\" scrolling=\"no\"><\/iframe><\/td>\n<td align=\"center\" width=\"350\">\n<div style=\"position: relative; height: 442px; overflow: hidden;\"><iframe loading=\"lazy\" style=\"position: absolute; top: 0; left: 0; width: 100%; height: 100%;\" src=\"https:\/\/zrzutka.pl\/ktt44m\/widget\/13\" width=\"100%\" height=\"100%\" frameborder=\"0\" scrolling=\"no\"><\/iframe><\/div>\n<\/td>\n<\/tr>\n<\/tbody>\n<\/table>\n<\/div>\n","protected":false},"excerpt":{"rendered":"<p>Sobota, 21 sierpnia, b\u0119dzie nale\u017ce\u0107 do s\u0142owackich wykonawc\u00f3w festiwalu Skarby Ziemi Broumovskiej &#8211; Kwartetu Moyzesa i solistki festiwalu, waltornistki Zuzany<\/p>\n","protected":false},"author":4,"featured_media":26125,"comment_status":"open","ping_status":"closed","sticky":false,"template":"","format":"standard","meta":{"om_disable_all_campaigns":false,"_monsterinsights_skip_tracking":false,"_monsterinsights_sitenote_active":false,"_monsterinsights_sitenote_note":"","_monsterinsights_sitenote_category":0,"_uf_show_specific_survey":0,"_uf_disable_surveys":false,"footnotes":""},"categories":[2,2671,2382,30],"tags":[7055,7001,7054,7056,7053,7052,7050,7051,7057],"aioseo_notices":[],"amp_enabled":true,"_links":{"self":[{"href":"https:\/\/www.noworudzianin.pl\/WWW\/wp-json\/wp\/v2\/posts\/26124"}],"collection":[{"href":"https:\/\/www.noworudzianin.pl\/WWW\/wp-json\/wp\/v2\/posts"}],"about":[{"href":"https:\/\/www.noworudzianin.pl\/WWW\/wp-json\/wp\/v2\/types\/post"}],"author":[{"embeddable":true,"href":"https:\/\/www.noworudzianin.pl\/WWW\/wp-json\/wp\/v2\/users\/4"}],"replies":[{"embeddable":true,"href":"https:\/\/www.noworudzianin.pl\/WWW\/wp-json\/wp\/v2\/comments?post=26124"}],"version-history":[{"count":1,"href":"https:\/\/www.noworudzianin.pl\/WWW\/wp-json\/wp\/v2\/posts\/26124\/revisions"}],"predecessor-version":[{"id":26130,"href":"https:\/\/www.noworudzianin.pl\/WWW\/wp-json\/wp\/v2\/posts\/26124\/revisions\/26130"}],"wp:featuredmedia":[{"embeddable":true,"href":"https:\/\/www.noworudzianin.pl\/WWW\/wp-json\/wp\/v2\/media\/26125"}],"wp:attachment":[{"href":"https:\/\/www.noworudzianin.pl\/WWW\/wp-json\/wp\/v2\/media?parent=26124"}],"wp:term":[{"taxonomy":"category","embeddable":true,"href":"https:\/\/www.noworudzianin.pl\/WWW\/wp-json\/wp\/v2\/categories?post=26124"},{"taxonomy":"post_tag","embeddable":true,"href":"https:\/\/www.noworudzianin.pl\/WWW\/wp-json\/wp\/v2\/tags?post=26124"}],"curies":[{"name":"wp","href":"https:\/\/api.w.org\/{rel}","templated":true}]}}