{"id":26201,"date":"2021-09-10T10:23:09","date_gmt":"2021-09-10T08:23:09","guid":{"rendered":"https:\/\/www.noworudzianin.pl\/WWW\/?p=26201"},"modified":"2021-09-10T10:26:06","modified_gmt":"2021-09-10T08:26:06","slug":"kolejne-punkty-dla-outpoint-rally-team","status":"publish","type":"post","link":"https:\/\/www.noworudzianin.pl\/WWW\/2021\/09\/10\/kolejne-punkty-dla-outpoint-rally-team\/","title":{"rendered":"Kolejne punkty dla OutPoint Rally Team"},"content":{"rendered":"<div class=\"moz-text-html\" lang=\"x-unicode\">\n<div>4 i 5 wrze\u015bnia 2021 odby\u0142a si\u0119 czwarta edycja cyklu <strong>Marten Tarmac Masters<\/strong> z baz\u0105 na fabryce Toyoty w Wa\u0142brzychu. Na starcie stan\u0119\u0142o \u0142\u0105cznie 120 za\u0142\u00f3g z ca\u0142ej polski, w tym \u015bcis\u0142a czo\u0142\u00f3wka Rajdowych Samochodowych Mistrzostw Polski oraz patronowana przez nas za\u0142oga <strong>OutPoint Rally Team<\/strong>. Na zawodnik\u00f3w czeka\u0142y dwa odcinki specjalne przeje\u017cd\u017cane trzykrotnie ka\u017cdy &#8211; OS Obre\u017ca PRL w Ludwikowicach K\u0142odzkich oraz OS Turbo Max w Jedlinie-Zdroju. Zmagania poprzedzi\u0142a ceremonia startu w sobotni wiecz\u00f3r na dziedzi\u0144cu Pa\u0142acu Jedlinka w Jedlinie-Zdroju, gdzie kibice mogli z bliska zobaczy\u0107 za\u0142ogi oraz samochody, w kt\u00f3rych b\u0119d\u0105 si\u0119 \u015bciga\u0107.<\/div>\n<p><\/p>\n<div>Dla OutPoint Rally Team wspieranego przez Grup\u0119 OutPoint z Wa\u0142brzycha, firm\u0119 Punica z Nowej Rudy, Auto Serwis Wojtka Nowaka z Nowej Rudy, Ogrody Szmidla ze \u015awiebodzic i firm\u0119 instalacyjn\u0105 PANTER z Wa\u0142brzycha by\u0142a to runda domowa, podczas kt\u00f3rej najwa\u017cniejszym celem by\u0142o zdobycie mety i tym samym cennych punktow dla zespo\u0142u.<\/div>\n<\/div>\n<div><a href=\"https:\/\/www.noworudzianin.pl\/WWW\/wp-content\/uploads\/2021\/09\/12-1-of-1.jpg\"><img loading=\"lazy\" decoding=\"async\" class=\"alignnone size-large wp-image-26203\" src=\"https:\/\/www.noworudzianin.pl\/WWW\/wp-content\/uploads\/2021\/09\/12-1-of-1-630x420.jpg\" alt=\"\" width=\"630\" height=\"420\" srcset=\"https:\/\/www.noworudzianin.pl\/WWW\/wp-content\/uploads\/2021\/09\/12-1-of-1-630x420.jpg 630w, https:\/\/www.noworudzianin.pl\/WWW\/wp-content\/uploads\/2021\/09\/12-1-of-1-300x200.jpg 300w, https:\/\/www.noworudzianin.pl\/WWW\/wp-content\/uploads\/2021\/09\/12-1-of-1-768x512.jpg 768w, https:\/\/www.noworudzianin.pl\/WWW\/wp-content\/uploads\/2021\/09\/12-1-of-1-1536x1024.jpg 1536w, https:\/\/www.noworudzianin.pl\/WWW\/wp-content\/uploads\/2021\/09\/12-1-of-1-2048x1365.jpg 2048w\" sizes=\"(max-width: 630px) 100vw, 630px\" \/><\/a><\/div>\n<div class=\"moz-text-html\" lang=\"x-unicode\">\n<\/p>\n<div>Domowy odcinek dla Aleksandra Ciuksy &#8211; kierowcy zespo\u0142u w Ludwikowicach K\u0142odzkich bardziej odpowiada\u0142 naszej za\u0142odze, gdy\u017c na nim budowali przewag\u0119 nad rywalami z ty\u0142u oraz utrzymywali<\/div>\n<div>konkurent\u00f3w przed sob\u0105, aby Ci nie &#8222;odjechali&#8221; im za bardzo. Mimo trudnego technicznie, dziurawego i podbijajacego pocz\u0105tku po p\u0142ytach betonowych pobliskiego placu drzewnego trasa z Ludwikowic K\u0142odzkich do Rzeczki &#8222;le\u017ca\u0142a&#8221; naszej ekipie o czym wspomina Alek Ciuksa.<\/div>\n<p><\/p>\n<div><em>Rajd domowy, odcinek oddalony o jakie\u015b 8km od mojego domu &#8211; niby znajomy, ale na placu drzewnym nigdy w \u017cyciu nie by\u0142em i by\u0142 on dla mnie wielk\u0105 niewiadom\u0105. Znajomi opowiadali mi, \u017ce lata wcze\u015bniej odbywa\u0142y si\u0119 tam jakie\u015b KJSiki, ale jednak to nie to samo. Kr\u0119ci\u0107 si\u0119 tylko po tym placu, a wjecha\u0107 na niego, przejecha\u0107 i wyjecha\u0107 na normaln\u0105 drog\u0119 gdzie do mety zostaje jeszcze ok 9km jazdy to kompletnie dwie inne sprawy. Tutaj z\u0142apanie ewentualnego kapcia oznacza\u0142o jazd\u0119 na nim do samej Rzeczki przy BAAARDZO du\u017cej stracie czasowej i mo\u017cliwe, \u017ce sprz\u0119towej. Tak samo wymiana ko\u0142a na odcinku powodowa\u0142aby du\u017c\u0105 strat\u0119 oraz dekoncentracje i na pewno nie pozwoli\u0142aby na zaj\u0119cie 3msc w klasie i zdobyciu a\u017c tylu potrzebnych nam punkt\u00f3w. Sam plac dlatego przeje\u017cd\u017cali\u015bmy na &#8222;paluszkach&#8221; goni\u0105c w pozosta\u0142ej cz\u0119\u015bci trasy, co jak wida\u0107 na czasach i splitach przynosi\u0142o efekty.<\/em><\/div>\n<\/div>\n<div><\/div>\n<div><a href=\"https:\/\/www.noworudzianin.pl\/WWW\/wp-content\/uploads\/2021\/09\/19-1-of-1-scaled.jpg\"><img loading=\"lazy\" decoding=\"async\" class=\"alignnone size-large wp-image-26204\" src=\"https:\/\/www.noworudzianin.pl\/WWW\/wp-content\/uploads\/2021\/09\/19-1-of-1-630x420.jpg\" alt=\"\" width=\"630\" height=\"420\" srcset=\"https:\/\/www.noworudzianin.pl\/WWW\/wp-content\/uploads\/2021\/09\/19-1-of-1-630x420.jpg 630w, https:\/\/www.noworudzianin.pl\/WWW\/wp-content\/uploads\/2021\/09\/19-1-of-1-300x200.jpg 300w, https:\/\/www.noworudzianin.pl\/WWW\/wp-content\/uploads\/2021\/09\/19-1-of-1-768x512.jpg 768w, https:\/\/www.noworudzianin.pl\/WWW\/wp-content\/uploads\/2021\/09\/19-1-of-1-1536x1024.jpg 1536w, https:\/\/www.noworudzianin.pl\/WWW\/wp-content\/uploads\/2021\/09\/19-1-of-1-2048x1365.jpg 2048w\" sizes=\"(max-width: 630px) 100vw, 630px\" \/><\/a><\/div>\n<div class=\"moz-text-html\" lang=\"x-unicode\">\n<div><\/div>\n<div>Domowy za\u015b odcinek dla Filipa B\u0105dkowskiego &#8211; pilota zespo\u0142u w Jedlinie-Zdroju by\u0142 powt\u00f3rzony z roku ubieg\u0142ego. Trasa w\u0105skimi, kr\u0119tymi drogami Jedliny oraz szybki i szeroki podjazd z Olszy\u0144ca do Jedliny przyspo\u017cy\u0142 wiele problem\u00f3w za\u0142ogom i niestety wiele z nich musia\u0142o si\u0119 na nim po\u017cegna\u0107 z dalsz\u0105 jazd\u0105. Na szcz\u0119\u015bcie dla ch\u0142opak\u00f3w z OutPoint Rally Team nie sprawi\u0142 on wi\u0119kszych problem\u00f3w, ale przewaga wypracowywana w Ludwikowicach tutaj zostawa\u0142a skracana przez konkurent\u00f3w z Red Automotive Rally Team i finalnie to oni wygrali z Alkiem i Filipem batali\u0119 o 2 miejsce w klasie o zaledwie 0,8s.<\/div>\n<p><\/p>\n<div><em>Dok\u0142adnie &#8211; domowe zawody, odcinki znane i lubiane, ale w tym roku jakby na przek\u00f3r jazda po Jedlinie nie le\u017ca\u0142a nam, a za to ta nowa konfiguracja OS w Ludwikowicach by\u0142a super. Dlaczego na przek\u00f3r ? A dlatego, \u017ce w latach ubieg\u0142ych to w\u0142asnie OS Turbo by\u0142 tym na kt\u00f3rym dobrze si\u0119 czuli\u015bmy w tym roku by\u0142o inaczej. Walka z Paw\u0142em i Kub\u0105 by\u0142a mocno zaci\u0119ta, tak samo jak nasza walka z ch\u0142opakami z Boles\u0142awca na pierwszej rundzie Tarmaca w Nowej Rudzie i niestety zn\u00f3w czego\u015b zabrak\u0142o &#8211; musimy chyba przedni zderzak ciut bardziej wystawi\u0107 do przodu, \u017ceby <\/em><em>fotokom\u00f3rka szybicej nas \u0142apa\u0142a :). Por\u00f3wnuj\u0105c nasze splity tych dw\u00f3ch odcink\u00f3w ze splitami rywali wida\u0107, \u017ce jechali\u015bmy nieco za wolno w ostatniej fazie jedli\u0144skiego odcinka i to bezpo\u015brednio spowodowa\u0142o utrat\u0119 2 miejsca. Do zjazdu z szerokiej drogi wed\u0142ug split\u00f3w mieli\u015bmy taki sam czas jak Pawe\u0142 i Kuba, co dawa\u0142o nam 3,7s przewagi, kt\u00f3r\u0105 wypracowali\u015bmy na ostatnich Ludwikowicach jednak na w\u0105skim &#8222;spadniu&#8221; do mety w Jedlinie ch\u0142opaki z RART byli od nas szybsi o 4,5s co finalnie da\u0142o im 2 miejsce w naszej klasie z przewag\u0105 nad nami o 0,8s &#8211; To je rally. Wa\u017cne, \u017ce mamy met\u0119 i punkty do klasyfikacji rocznej &#8211; przed nami jeszcze jedna runda na kt\u00f3rej wszystko si\u0119 oka\u017ce.<\/em><\/div>\n<\/div>\n<div><\/div>\n<div><a href=\"https:\/\/www.noworudzianin.pl\/WWW\/wp-content\/uploads\/2021\/09\/22-1-of-1-scaled.jpg\"><img loading=\"lazy\" decoding=\"async\" class=\"alignnone size-large wp-image-26205\" src=\"https:\/\/www.noworudzianin.pl\/WWW\/wp-content\/uploads\/2021\/09\/22-1-of-1-630x420.jpg\" alt=\"\" width=\"630\" height=\"420\" srcset=\"https:\/\/www.noworudzianin.pl\/WWW\/wp-content\/uploads\/2021\/09\/22-1-of-1-630x420.jpg 630w, https:\/\/www.noworudzianin.pl\/WWW\/wp-content\/uploads\/2021\/09\/22-1-of-1-300x200.jpg 300w, https:\/\/www.noworudzianin.pl\/WWW\/wp-content\/uploads\/2021\/09\/22-1-of-1-768x512.jpg 768w, https:\/\/www.noworudzianin.pl\/WWW\/wp-content\/uploads\/2021\/09\/22-1-of-1-1536x1024.jpg 1536w, https:\/\/www.noworudzianin.pl\/WWW\/wp-content\/uploads\/2021\/09\/22-1-of-1-2048x1365.jpg 2048w\" sizes=\"(max-width: 630px) 100vw, 630px\" \/><\/a><\/div>\n<div class=\"moz-text-html\" lang=\"x-unicode\">\n<\/p>\n<div><strong>Wyniki klasy C2Cup RO<\/strong><\/div>\n<div>1. J.Januchta\/M.Matuszczyk 38:42,0<\/div>\n<div>2. P.Smole\u0144\/J.Sawi\u0144ski 39:51,4\u00a0\u00a0 +01:09,4<\/div>\n<div>3. A.Ciuksa\/F.B\u0105dkowski 39:52,2\u00a0 +01:10,2<\/div>\n<div>4. P.Epner\/B.Wieczorek 48:53,5\u00a0\u00a0 +10:11,5<\/div>\n<div>5. K.Radomski\/K.Bober WYCOFANIE<\/div>\n<p><\/p>\n<div><strong>Klasyfikacja roczna po 4 rundach klasy C2Cup RO<\/strong><\/div>\n<div>1. J.Januchta\/M.Matuszczyk 120 pkt<\/div>\n<div>2. P.Epner\/B.Wieczorek 90 pkt<\/div>\n<div>3. A.Ciuksa\/F.B\u0105dkowski 81 pkt<\/div>\n<div>4. P.Smole\u0144\/J.Sawi\u0144ski 63 pkt<\/div>\n<p><\/p>\n<div>Nast\u0119pna, a zarazem ostatnia runda Marten Tarmac Masters zaplanowana jest na 16 i 17 dzie\u0144 pa\u017adziernika z baz\u0105 w Radkowie. Zapraszamy r\u00f3wnie\u017c do odwiedzin facebookowego fanpage&#8217;a OutPoint Rally Team oraz ich instagrama.<\/div>\n<p>Foto: Rozmus Photography<\/p><\/div>\n<p>_________________________________________________________________________________________________________________<br \/>\n<span style=\"color: #0000ff;\"><strong>JE\u017bELI PODOBA CI\u0118 SI\u0118 NASZA PRACA<\/strong><\/span> i to co robimy na blogu noworudzianin.pl i profilach spo\u0142eczno\u015bciowych, prosimy o wsparcie. To pomo\u017ce nam rozwija\u0107 si\u0119, dociera\u0107 do nowych miejsc i temat\u00f3w oraz zakupi\u0107 potrzebny sprz\u0119t do realizacji nagra\u0144 w jeszcze lepszej jako\u015bci. Dzi\u0119kuj\u0119! Wi\u0119cej informacji pod linkami <a href=\"https:\/\/zrzutka.pl\/z\/noworudzianin\" target=\"_blank\" rel=\"noopener\">zrzutka.pl\/Noworudzianin<\/a> oraz <a href=\"https:\/\/patronite.pl\/Noworudzianin\" target=\"_blank\" rel=\"noopener\">patronite.pl\/Noworudzianin<\/a><\/p>\n<p>Wszystkie mo\u017cliwo\u015bci wspierania Noworudzianina oraz rozliczenia z wydanych Waszych pieni\u0119dzy opisane s\u0105 na stronie: <a href=\"https:\/\/bit.ly\/3hz54dS\" target=\"_blank\" rel=\"noopener\">https:\/\/bit.ly\/3hz54dS<\/a>. Liczy si\u0119 ka\u017cda z\u0142ot\u00f3wka, udost\u0119pnienie, lajk, dobre s\u0142owo i u\u015bmiech. Pozdrawiamy serdecznie.<\/p>\n<div>\n<table>\n<tbody>\n<tr>\n<td align=\"center\" width=\"350\"><iframe loading=\"lazy\" src=\"https:\/\/patronite.pl\/widget\/Noworudzianin\/541559\/small\/000000\/FFFFFF\" width=\"100%\" height=\"450\" frameborder=\"0\" scrolling=\"no\"><\/iframe><\/td>\n<td align=\"center\" width=\"350\">\n<div style=\"position: relative; height: 442px; overflow: hidden;\"><iframe loading=\"lazy\" style=\"position: absolute; top: 0; left: 0; width: 100%; height: 100%;\" src=\"https:\/\/zrzutka.pl\/ktt44m\/widget\/13\" width=\"100%\" height=\"100%\" frameborder=\"0\" scrolling=\"no\"><\/iframe><\/div>\n<\/td>\n<\/tr>\n<\/tbody>\n<\/table>\n<\/div>\n","protected":false},"excerpt":{"rendered":"<p>4 i 5 wrze\u015bnia 2021 odby\u0142a si\u0119 czwarta edycja cyklu Marten Tarmac Masters z baz\u0105 na fabryce Toyoty w Wa\u0142brzychu.<\/p>\n","protected":false},"author":4,"featured_media":26202,"comment_status":"open","ping_status":"closed","sticky":false,"template":"","format":"standard","meta":{"om_disable_all_campaigns":false,"_monsterinsights_skip_tracking":false,"_monsterinsights_sitenote_active":false,"_monsterinsights_sitenote_note":"","_monsterinsights_sitenote_category":0,"_uf_show_specific_survey":0,"_uf_disable_surveys":false,"footnotes":""},"categories":[2,46],"tags":[7067,6738,6798,7068],"aioseo_notices":[],"amp_enabled":true,"_links":{"self":[{"href":"https:\/\/www.noworudzianin.pl\/WWW\/wp-json\/wp\/v2\/posts\/26201"}],"collection":[{"href":"https:\/\/www.noworudzianin.pl\/WWW\/wp-json\/wp\/v2\/posts"}],"about":[{"href":"https:\/\/www.noworudzianin.pl\/WWW\/wp-json\/wp\/v2\/types\/post"}],"author":[{"embeddable":true,"href":"https:\/\/www.noworudzianin.pl\/WWW\/wp-json\/wp\/v2\/users\/4"}],"replies":[{"embeddable":true,"href":"https:\/\/www.noworudzianin.pl\/WWW\/wp-json\/wp\/v2\/comments?post=26201"}],"version-history":[{"count":8,"href":"https:\/\/www.noworudzianin.pl\/WWW\/wp-json\/wp\/v2\/posts\/26201\/revisions"}],"predecessor-version":[{"id":26213,"href":"https:\/\/www.noworudzianin.pl\/WWW\/wp-json\/wp\/v2\/posts\/26201\/revisions\/26213"}],"wp:featuredmedia":[{"embeddable":true,"href":"https:\/\/www.noworudzianin.pl\/WWW\/wp-json\/wp\/v2\/media\/26202"}],"wp:attachment":[{"href":"https:\/\/www.noworudzianin.pl\/WWW\/wp-json\/wp\/v2\/media?parent=26201"}],"wp:term":[{"taxonomy":"category","embeddable":true,"href":"https:\/\/www.noworudzianin.pl\/WWW\/wp-json\/wp\/v2\/categories?post=26201"},{"taxonomy":"post_tag","embeddable":true,"href":"https:\/\/www.noworudzianin.pl\/WWW\/wp-json\/wp\/v2\/tags?post=26201"}],"curies":[{"name":"wp","href":"https:\/\/api.w.org\/{rel}","templated":true}]}}