{"id":26329,"date":"2021-10-01T13:23:33","date_gmt":"2021-10-01T11:23:33","guid":{"rendered":"https:\/\/www.noworudzianin.pl\/WWW\/?p=26329"},"modified":"2021-10-01T13:23:33","modified_gmt":"2021-10-01T11:23:33","slug":"polski-dziki-zachod-dolny-slask-miesiac-po-wojnie","status":"publish","type":"post","link":"https:\/\/www.noworudzianin.pl\/WWW\/2021\/10\/01\/polski-dziki-zachod-dolny-slask-miesiac-po-wojnie\/","title":{"rendered":"Polski Dziki Zach\u00f3d. Dolny \u015al\u0105sk miesi\u0105c po wojnie"},"content":{"rendered":"<p>Walim i G\u00f3ry Sowie na Dolnym \u015al\u0105sku nie bez powodu okre\u015blane by\u0142y mianem &#8222;Dzikiego Zachodu&#8221;. Na tzw. Ziemie Odzyskane z r\u00f3\u017cnych stron zje\u017cd\u017cali polscy osadnicy, kt\u00f3rzy musieli zbudowa\u0107 spo\u0142eczno\u015b\u0107 od podstaw. Jednym z pierwszych takich ludzi by\u0142 Kazimierz Wi\u015bniowski.<\/p>\n<p><iframe loading=\"lazy\" width=\"700\" height=\"394\" src=\"https:\/\/www.youtube.com\/embed\/L7w6TFeZUAA\" title=\"YouTube video player\" frameborder=\"0\" allow=\"accelerometer; autoplay; clipboard-write; encrypted-media; gyroscope; picture-in-picture\" allowfullscreen><\/iframe><\/p>\n<p>Dzi\u0119kujemy \u0141ukaszowi Kazek za wsparcie Noworudzianina. Tym bardziej jest nam mi\u0142o, \u017ce jeste\u015bmy fanami jego historycznego kana\u0142u (wsp\u00f3\u0142tworzy go z Mateuszem Kud\u0142\u0105) na YouTube dost\u0119pnego pod adresem: <a href=\"https:\/\/www.youtube.com\/c\/HistoryHiking\/\" target=\"_blank\" rel=\"noopener\">https:\/\/www.youtube.com\/c\/HistoryHiking\/<\/a> kt\u00f3ry dzia\u0142a ju\u017c od ponad roku.<br \/>\nOd dzisiaj, z dum\u0105 i za pozwoleniem autor\u00f3w, b\u0119dziemy publikowa\u0107 kolejne odcinki traktuj\u0105ce o historii G\u00f3r Sowich, Dolnego \u015al\u0105ska i innych miejsc na terenie Polski.<\/p>\n<p><strong>\u0141ukasz Kazek<\/strong>, pasjonat historii, szczeg\u00f3lnie Dolnego \u015al\u0105ska, przewodnik, dziennikarz \u015bledczy w redakcji Noworudzianina&#8230; 31.07.2018 r.<br \/>\nO noworudzkich listach mi\u0142osnych pisali\u015bmy <a href=\"https:\/\/www.noworudzianin.pl\/WWW\/2018\/07\/19\/noworudzkie-listy-milosne\/\" target=\"_'blank'\" rel=\"noopener\">TUTAJ<\/a>. Premiera filmu\u00a0<em>Powiernik<\/em> tej jesieni!<br \/>\n<iframe loading=\"lazy\" style=\"border: none; overflow: hidden;\" src=\"https:\/\/www.facebook.com\/plugins\/video.php?href=https%3A%2F%2Fwww.facebook.com%2FNoworudzianin%2Fvideos%2F1829223400446700%2F&amp;show_text=0&amp;width=800\" width=\"800\" height=\"440\" frameborder=\"0\" scrolling=\"no\" allowfullscreen=\"allowfullscreen\"><\/iframe><\/p>\n<p>_________________________________________________________________________________________________________________<br \/>\n<span style=\"color: #0000ff;\"><strong>JE\u017bELI PODOBA CI\u0118 SI\u0118 NASZA PRACA<\/strong><\/span> i to co robimy na blogu noworudzianin.pl i profilach spo\u0142eczno\u015bciowych, prosimy o wsparcie. To pomo\u017ce nam rozwija\u0107 si\u0119, dociera\u0107 do nowych miejsc i temat\u00f3w oraz zakupi\u0107 potrzebny sprz\u0119t do realizacji nagra\u0144 w jeszcze lepszej jako\u015bci. Dzi\u0119kuj\u0119! Wi\u0119cej informacji pod linkami <a href=\"https:\/\/zrzutka.pl\/z\/noworudzianin\" target=\"_blank\" rel=\"noopener\">zrzutka.pl\/Noworudzianin<\/a> oraz <a href=\"https:\/\/patronite.pl\/Noworudzianin\" target=\"_blank\" rel=\"noopener\">patronite.pl\/Noworudzianin<\/a><\/p>\n<p>Wszystkie mo\u017cliwo\u015bci wspierania Noworudzianina oraz rozliczenia z wydanych Waszych pieni\u0119dzy opisane s\u0105 na stronie: <a href=\"https:\/\/bit.ly\/3hz54dS\" target=\"_blank\" rel=\"noopener\">https:\/\/bit.ly\/3hz54dS<\/a>. Liczy si\u0119 ka\u017cda z\u0142ot\u00f3wka, udost\u0119pnienie, lajk, dobre s\u0142owo i u\u015bmiech. Pozdrawiamy serdecznie.<\/p>\n<div>\n<table>\n<tbody>\n<tr>\n<td align=\"center\" width=\"350\"><iframe loading=\"lazy\" src=\"https:\/\/patronite.pl\/widget\/Noworudzianin\/541559\/small\/000000\/FFFFFF\" width=\"100%\" height=\"450\" frameborder=\"0\" scrolling=\"no\"><\/iframe><\/td>\n<td align=\"center\" width=\"350\">\n<div style=\"position: relative; height: 442px; overflow: hidden;\"><iframe loading=\"lazy\" style=\"position: absolute; top: 0; left: 0; width: 100%; height: 100%;\" src=\"https:\/\/zrzutka.pl\/ktt44m\/widget\/13\" width=\"100%\" height=\"100%\" frameborder=\"0\" scrolling=\"no\"><\/iframe><\/div>\n<\/td>\n<\/tr>\n<\/tbody>\n<\/table>\n<\/div>\n","protected":false},"excerpt":{"rendered":"<p>Walim i G\u00f3ry Sowie na Dolnym \u015al\u0105sku nie bez powodu okre\u015blane by\u0142y mianem &#8222;Dzikiego Zachodu&#8221;. Na tzw. Ziemie Odzyskane z<\/p>\n","protected":false},"author":4,"featured_media":26330,"comment_status":"open","ping_status":"closed","sticky":false,"template":"","format":"standard","meta":{"om_disable_all_campaigns":false,"_monsterinsights_skip_tracking":false,"_monsterinsights_sitenote_active":false,"_monsterinsights_sitenote_note":"","_monsterinsights_sitenote_category":0,"_uf_show_specific_survey":0,"_uf_disable_surveys":false,"footnotes":""},"categories":[2,84,6983],"tags":[7117,6987,7118,2884,7116,7115],"aioseo_notices":[],"amp_enabled":true,"_links":{"self":[{"href":"https:\/\/www.noworudzianin.pl\/WWW\/wp-json\/wp\/v2\/posts\/26329"}],"collection":[{"href":"https:\/\/www.noworudzianin.pl\/WWW\/wp-json\/wp\/v2\/posts"}],"about":[{"href":"https:\/\/www.noworudzianin.pl\/WWW\/wp-json\/wp\/v2\/types\/post"}],"author":[{"embeddable":true,"href":"https:\/\/www.noworudzianin.pl\/WWW\/wp-json\/wp\/v2\/users\/4"}],"replies":[{"embeddable":true,"href":"https:\/\/www.noworudzianin.pl\/WWW\/wp-json\/wp\/v2\/comments?post=26329"}],"version-history":[{"count":1,"href":"https:\/\/www.noworudzianin.pl\/WWW\/wp-json\/wp\/v2\/posts\/26329\/revisions"}],"predecessor-version":[{"id":26331,"href":"https:\/\/www.noworudzianin.pl\/WWW\/wp-json\/wp\/v2\/posts\/26329\/revisions\/26331"}],"wp:featuredmedia":[{"embeddable":true,"href":"https:\/\/www.noworudzianin.pl\/WWW\/wp-json\/wp\/v2\/media\/26330"}],"wp:attachment":[{"href":"https:\/\/www.noworudzianin.pl\/WWW\/wp-json\/wp\/v2\/media?parent=26329"}],"wp:term":[{"taxonomy":"category","embeddable":true,"href":"https:\/\/www.noworudzianin.pl\/WWW\/wp-json\/wp\/v2\/categories?post=26329"},{"taxonomy":"post_tag","embeddable":true,"href":"https:\/\/www.noworudzianin.pl\/WWW\/wp-json\/wp\/v2\/tags?post=26329"}],"curies":[{"name":"wp","href":"https:\/\/api.w.org\/{rel}","templated":true}]}}