{"id":26368,"date":"2021-10-08T07:00:24","date_gmt":"2021-10-08T05:00:24","guid":{"rendered":"https:\/\/www.noworudzianin.pl\/WWW\/?p=26368"},"modified":"2021-10-08T07:00:24","modified_gmt":"2021-10-08T05:00:24","slug":"noworudzki-utw-koncert-dominiki-radwan-i","status":"publish","type":"post","link":"https:\/\/www.noworudzianin.pl\/WWW\/2021\/10\/08\/noworudzki-utw-koncert-dominiki-radwan-i\/","title":{"rendered":"Noworudzki UTW \u2013 koncert Dominiki Radwan i &#8230;"},"content":{"rendered":"<p>W miniony poniedzia\u0142ek (4 pa\u017adziernika) w ramach cotygodniowego wyk\u0142adu, w sali widowiskowej MOK odby\u0142 si\u0119 koncert Dominiki Radwan z okazji Dnia Teatru &#8211; \u201eMonodram muzyczny Dominiki Radwan\u201d. Troch\u0119 monodram, troch\u0119 recital. Dominika troch\u0119 bawi\u0142a si\u0119 muzyk\u0105 i interpretacj\u0105 tekst\u00f3w piosenek \u2013 znanych i lubianych. To by\u0142a bardzo mi\u0142a godzinka. A ca\u0142y koncert piosenkarka zadedykowa\u0142a Karolinie Popiel, kt\u00f3r\u0105 Stanis\u0142aw Andrzej \u015aredzi\u0144ski umie\u015bci\u0142 w gronie \u201eLudzi nios\u0105cych serce na d\u0142oni\u201d. Ten w\u0142a\u015bnie wiersz wpisa\u0142 zamiast dedykacji do swojego nowego tomiku satyr, ofiarowuj\u0105c go naszej Karolinie. Po koncercie s\u0142uchacze Noworudzkiego UTW uroczy\u015bcie podzi\u0119kowali swojej szefowej \u2013 Honorowemu Rektorowi NUTW \u2013 Karolinie Popiel za 15 wsp\u00f3lnie prze\u017cytych lat, postanowi\u0142a bowiem wycofa\u0107 si\u0119 z dotychczasowego bardzo czynnego \u017cycia Noworudzkiego UTW. \u201eKr\u00f3lowa oddaje koron\u0119\u201d jak napisa\u0142a w wierszu jedna z naszych kole\u017canek, ale gruszek w popiele zasypia\u0107 nie b\u0119dzie. Bo przecie\u017c bez edukowania nie mog\u0142aby \u017cy\u0107. B\u0119dzie wi\u0119c nadal Rad\u0105 Programow\u0105 i nadal b\u0119dzie sprawowa\u0107 opiek\u0119 na projektami (KUS, LOKALNE PUNKTY WSPARCIA, NATURA 2000 itd.). Jako podzi\u0119kowanie za te wsp\u00f3lne lata s\u0142uchacze ofiarowali swojej szefowej srebrne serduszko &#8211; przywieszk\u0119, w kt\u00f3rym zamkn\u0119li wszystkie swoje serca. W tym spotkaniu wzi\u0105\u0142 udzia\u0142 r\u00f3wnie\u017c Burmistrz Tomasz Kili\u0144ski a zako\u0144czy\u0142o si\u0119 ono wsp\u00f3ln\u0105 lampk\u0105 szampana.<\/p>\n<p>Anna Szczepan<br \/>\nNoworudzki UTW<\/p>\n<p><a href=\"https:\/\/www.noworudzianin.pl\/WWW\/wp-content\/uploads\/2021\/10\/244472357_921205885474009_1683061162735474223_n-1.jpg\"><img loading=\"lazy\" decoding=\"async\" class=\"alignnone size-medium wp-image-26370\" src=\"https:\/\/www.noworudzianin.pl\/WWW\/wp-content\/uploads\/2021\/10\/244472357_921205885474009_1683061162735474223_n-1-225x300.jpg\" alt=\"\" width=\"225\" height=\"300\" srcset=\"https:\/\/www.noworudzianin.pl\/WWW\/wp-content\/uploads\/2021\/10\/244472357_921205885474009_1683061162735474223_n-1-225x300.jpg 225w, https:\/\/www.noworudzianin.pl\/WWW\/wp-content\/uploads\/2021\/10\/244472357_921205885474009_1683061162735474223_n-1-630x840.jpg 630w, https:\/\/www.noworudzianin.pl\/WWW\/wp-content\/uploads\/2021\/10\/244472357_921205885474009_1683061162735474223_n-1-768x1024.jpg 768w, https:\/\/www.noworudzianin.pl\/WWW\/wp-content\/uploads\/2021\/10\/244472357_921205885474009_1683061162735474223_n-1-1152x1536.jpg 1152w, https:\/\/www.noworudzianin.pl\/WWW\/wp-content\/uploads\/2021\/10\/244472357_921205885474009_1683061162735474223_n-1.jpg 1536w\" sizes=\"(max-width: 225px) 100vw, 225px\" \/><\/a> <a href=\"https:\/\/www.noworudzianin.pl\/WWW\/wp-content\/uploads\/2021\/10\/P1050360.jpg\"><img loading=\"lazy\" decoding=\"async\" class=\"alignnone size-medium wp-image-26371\" src=\"https:\/\/www.noworudzianin.pl\/WWW\/wp-content\/uploads\/2021\/10\/P1050360-300x225.jpg\" alt=\"\" width=\"300\" height=\"225\" srcset=\"https:\/\/www.noworudzianin.pl\/WWW\/wp-content\/uploads\/2021\/10\/P1050360-300x225.jpg 300w, https:\/\/www.noworudzianin.pl\/WWW\/wp-content\/uploads\/2021\/10\/P1050360-630x473.jpg 630w, https:\/\/www.noworudzianin.pl\/WWW\/wp-content\/uploads\/2021\/10\/P1050360-768x576.jpg 768w, https:\/\/www.noworudzianin.pl\/WWW\/wp-content\/uploads\/2021\/10\/P1050360.jpg 800w\" sizes=\"(max-width: 300px) 100vw, 300px\" \/><\/a> <a href=\"https:\/\/www.noworudzianin.pl\/WWW\/wp-content\/uploads\/2021\/10\/P1050361.jpg\"><img loading=\"lazy\" decoding=\"async\" class=\"alignnone size-medium wp-image-26372\" src=\"https:\/\/www.noworudzianin.pl\/WWW\/wp-content\/uploads\/2021\/10\/P1050361-225x300.jpg\" alt=\"\" width=\"225\" height=\"300\" srcset=\"https:\/\/www.noworudzianin.pl\/WWW\/wp-content\/uploads\/2021\/10\/P1050361-225x300.jpg 225w, https:\/\/www.noworudzianin.pl\/WWW\/wp-content\/uploads\/2021\/10\/P1050361.jpg 600w\" sizes=\"(max-width: 225px) 100vw, 225px\" \/><\/a> <a href=\"https:\/\/www.noworudzianin.pl\/WWW\/wp-content\/uploads\/2021\/10\/pl01.jpg\"><img loading=\"lazy\" decoding=\"async\" class=\"alignnone size-medium wp-image-26373\" src=\"https:\/\/www.noworudzianin.pl\/WWW\/wp-content\/uploads\/2021\/10\/pl01-300x160.jpg\" alt=\"\" width=\"300\" height=\"160\" srcset=\"https:\/\/www.noworudzianin.pl\/WWW\/wp-content\/uploads\/2021\/10\/pl01-300x160.jpg 300w, https:\/\/www.noworudzianin.pl\/WWW\/wp-content\/uploads\/2021\/10\/pl01-630x336.jpg 630w, https:\/\/www.noworudzianin.pl\/WWW\/wp-content\/uploads\/2021\/10\/pl01-768x410.jpg 768w, https:\/\/www.noworudzianin.pl\/WWW\/wp-content\/uploads\/2021\/10\/pl01.jpg 963w\" sizes=\"(max-width: 300px) 100vw, 300px\" \/><\/a> <a href=\"https:\/\/www.noworudzianin.pl\/WWW\/wp-content\/uploads\/2021\/10\/pl02.jpg\"><img loading=\"lazy\" decoding=\"async\" class=\"alignnone size-medium wp-image-26374\" src=\"https:\/\/www.noworudzianin.pl\/WWW\/wp-content\/uploads\/2021\/10\/pl02-300x160.jpg\" alt=\"\" width=\"300\" height=\"160\" srcset=\"https:\/\/www.noworudzianin.pl\/WWW\/wp-content\/uploads\/2021\/10\/pl02-300x160.jpg 300w, https:\/\/www.noworudzianin.pl\/WWW\/wp-content\/uploads\/2021\/10\/pl02-630x336.jpg 630w, https:\/\/www.noworudzianin.pl\/WWW\/wp-content\/uploads\/2021\/10\/pl02-768x410.jpg 768w, https:\/\/www.noworudzianin.pl\/WWW\/wp-content\/uploads\/2021\/10\/pl02.jpg 961w\" sizes=\"(max-width: 300px) 100vw, 300px\" \/><\/a><\/p>\n<p>_________________________________________________________________________________________________________________<br \/>\n<span style=\"color: #0000ff;\"><strong>JE\u017bELI PODOBA CI\u0118 SI\u0118 NASZA PRACA<\/strong><\/span> i to co robimy na blogu noworudzianin.pl i profilach spo\u0142eczno\u015bciowych, prosimy o wsparcie. To pomo\u017ce nam rozwija\u0107 si\u0119, dociera\u0107 do nowych miejsc i temat\u00f3w oraz zakupi\u0107 potrzebny sprz\u0119t do realizacji nagra\u0144 w jeszcze lepszej jako\u015bci. Dzi\u0119kuj\u0119! Wi\u0119cej informacji pod linkami <a href=\"https:\/\/zrzutka.pl\/z\/noworudzianin\" target=\"_blank\" rel=\"noopener\">zrzutka.pl\/Noworudzianin<\/a> oraz <a href=\"https:\/\/patronite.pl\/Noworudzianin\" target=\"_blank\" rel=\"noopener\">patronite.pl\/Noworudzianin<\/a><\/p>\n<p>Wszystkie mo\u017cliwo\u015bci wspierania Noworudzianina oraz rozliczenia z wydanych Waszych pieni\u0119dzy opisane s\u0105 na stronie: <a href=\"https:\/\/bit.ly\/3hz54dS\" target=\"_blank\" rel=\"noopener\">https:\/\/bit.ly\/3hz54dS<\/a>. Liczy si\u0119 ka\u017cda z\u0142ot\u00f3wka, udost\u0119pnienie, lajk, dobre s\u0142owo i u\u015bmiech. Pozdrawiamy serdecznie.<\/p>\n<div>\n<table>\n<tbody>\n<tr>\n<td align=\"center\" width=\"350\"><iframe loading=\"lazy\" src=\"https:\/\/patronite.pl\/widget\/Noworudzianin\/541559\/small\/000000\/FFFFFF\" width=\"100%\" height=\"450\" frameborder=\"0\" scrolling=\"no\"><\/iframe><\/td>\n<td align=\"center\" width=\"350\">\n<div style=\"position: relative; height: 442px; overflow: hidden;\"><iframe loading=\"lazy\" style=\"position: absolute; top: 0; left: 0; width: 100%; height: 100%;\" src=\"https:\/\/zrzutka.pl\/ktt44m\/widget\/13\" width=\"100%\" height=\"100%\" frameborder=\"0\" scrolling=\"no\"><\/iframe><\/div>\n<\/td>\n<\/tr>\n<\/tbody>\n<\/table>\n<\/div>\n","protected":false},"excerpt":{"rendered":"<p>W miniony poniedzia\u0142ek (4 pa\u017adziernika) w ramach cotygodniowego wyk\u0142adu, w sali widowiskowej MOK odby\u0142 si\u0119 koncert Dominiki Radwan z okazji<\/p>\n","protected":false},"author":4,"featured_media":26369,"comment_status":"open","ping_status":"closed","sticky":false,"template":"","format":"standard","meta":{"om_disable_all_campaigns":false,"_monsterinsights_skip_tracking":false,"_monsterinsights_sitenote_active":false,"_monsterinsights_sitenote_note":"","_monsterinsights_sitenote_category":0,"_uf_show_specific_survey":0,"_uf_disable_surveys":false,"footnotes":""},"categories":[2,6,32,218,4359],"tags":[7137,818,7136,817,456,7135,684,462],"aioseo_notices":[],"amp_enabled":true,"_links":{"self":[{"href":"https:\/\/www.noworudzianin.pl\/WWW\/wp-json\/wp\/v2\/posts\/26368"}],"collection":[{"href":"https:\/\/www.noworudzianin.pl\/WWW\/wp-json\/wp\/v2\/posts"}],"about":[{"href":"https:\/\/www.noworudzianin.pl\/WWW\/wp-json\/wp\/v2\/types\/post"}],"author":[{"embeddable":true,"href":"https:\/\/www.noworudzianin.pl\/WWW\/wp-json\/wp\/v2\/users\/4"}],"replies":[{"embeddable":true,"href":"https:\/\/www.noworudzianin.pl\/WWW\/wp-json\/wp\/v2\/comments?post=26368"}],"version-history":[{"count":1,"href":"https:\/\/www.noworudzianin.pl\/WWW\/wp-json\/wp\/v2\/posts\/26368\/revisions"}],"predecessor-version":[{"id":26375,"href":"https:\/\/www.noworudzianin.pl\/WWW\/wp-json\/wp\/v2\/posts\/26368\/revisions\/26375"}],"wp:featuredmedia":[{"embeddable":true,"href":"https:\/\/www.noworudzianin.pl\/WWW\/wp-json\/wp\/v2\/media\/26369"}],"wp:attachment":[{"href":"https:\/\/www.noworudzianin.pl\/WWW\/wp-json\/wp\/v2\/media?parent=26368"}],"wp:term":[{"taxonomy":"category","embeddable":true,"href":"https:\/\/www.noworudzianin.pl\/WWW\/wp-json\/wp\/v2\/categories?post=26368"},{"taxonomy":"post_tag","embeddable":true,"href":"https:\/\/www.noworudzianin.pl\/WWW\/wp-json\/wp\/v2\/tags?post=26368"}],"curies":[{"name":"wp","href":"https:\/\/api.w.org\/{rel}","templated":true}]}}