{"id":28587,"date":"2026-01-27T12:05:28","date_gmt":"2026-01-27T11:05:28","guid":{"rendered":"https:\/\/www.noworudzianin.pl\/WWW\/?p=28587"},"modified":"2026-01-30T12:24:47","modified_gmt":"2026-01-30T11:24:47","slug":"srebrne-lancuszki-meskie-pancerka-ponadczasowy-styl-i-meska-elegancja","status":"publish","type":"post","link":"https:\/\/www.noworudzianin.pl\/WWW\/2026\/01\/27\/srebrne-lancuszki-meskie-pancerka-ponadczasowy-styl-i-meska-elegancja\/","title":{"rendered":"Srebrne \u0142a\u0144cuszki m\u0119skie pancerka \u2013 ponadczasowy styl i m\u0119ska elegancja"},"content":{"rendered":"<p><strong>Srebrne \u0142a\u0144cuszki m\u0119skie pancerka od lat ciesz\u0105 si\u0119 nies\u0142abn\u0105c\u0105 popularno\u015bci\u0105 w\u015br\u00f3d m\u0119\u017cczyzn, kt\u00f3rzy ceni\u0105 wyrazist\u0105 bi\u017cuteri\u0119 o uniwersalnym charakterze. Ten typ splotu kojarzy si\u0119 z solidno\u015bci\u0105, trwa\u0142o\u015bci\u0105 oraz pewno\u015bci\u0105 siebie<\/strong><\/p>\n<p>Nic dziwnego, \u017ce pancerka jest jednym z najcz\u0119\u015bciej wybieranych wzor\u00f3w srebrnych \u0142a\u0144cuszk\u00f3w \u2013 pasuje zar\u00f3wno do codziennych stylizacji, jak i bardziej eleganckich zestaw\u00f3w.<\/p>\n<p><strong>Dlaczego srebrna pancerka to dobry wyb\u00f3r?<\/strong><br \/>\nSrebrne \u0142a\u0144cuszki m\u0119skie pancerka <strong><a href=\"https:\/\/reytel.pl\/lancuszki\/filter-and-pancerka-silver\/\" rel=\"noopener\" target=\"_blank\"> https:\/\/reytel.pl\/lancuszki\/filter-and-pancerka-silver <\/a><\/strong> wyr\u00f3\u017cniaj\u0105 si\u0119 charakterystycznym, p\u0142askim splotem, kt\u00f3ry doskonale uk\u0142ada si\u0119 na szyi i jest odporny na uszkodzenia. Srebro to materia\u0142 szlachetny, a jednocze\u015bnie praktyczny \u2013 odpowiednio piel\u0119gnowane zachowuje sw\u00f3j wygl\u0105d przez d\u0142ugie lata. Pancerka jest wyborem dla m\u0119\u017cczyzn, kt\u00f3rzy nie lubi\u0105 kompromis\u00f3w i oczekuj\u0105 od bi\u017cuterii zar\u00f3wno estetyki, jak i trwa\u0142o\u015bci.<\/p>\n<p><strong>Srebrne \u0142a\u0144cuszki m\u0119skie pancerka w ofercie Reytel<\/strong><br \/>\nMarka Reytel oferuje szeroki wyb\u00f3r m\u0119skich \u0142a\u0144cuszk\u00f3w wykonanych z wysokiej jako\u015bci srebra pr\u00f3by 925. Modele dost\u0119pne w kolekcji r\u00f3\u017cni\u0105 si\u0119 grubo\u015bci\u0105, d\u0142ugo\u015bci\u0105 oraz wyko\u0144czeniem, co pozwala idealnie dopasowa\u0107 bi\u017cuteri\u0119 do indywidualnych preferencji.<br \/>\nAktualn\u0105 ofert\u0119 mo\u017cna sprawdzi\u0107 bezpo\u015brednio na stronie:<br \/>\n<strong><a href=\"https:\/\/reytel.pl\/lancuszki\/filter-and-pancerka-silver\/\" rel=\"noopener\" target=\"_blank\"> https:\/\/reytel.pl\/lancuszki\/filter-and-pancerka-silver <\/a><\/strong><br \/>\nWarto zwr\u00f3ci\u0107 uwag\u0119 na staranno\u015b\u0107 wykonania oraz dba\u0142o\u015b\u0107 o detale, kt\u00f3re sprawiaj\u0105, \u017ce produkty Reytel wyr\u00f3\u017cniaj\u0105 si\u0119 na tle konkurencji.<\/p>\n<p><strong>Jak nosi\u0107 srebrn\u0105 pancerk\u0119 na co dzie\u0144?<\/strong><br \/>\nSrebrne \u0142a\u0144cuszki m\u0119skie pancerka \u015bwietnie komponuj\u0105 si\u0119 z prostymi t-shirtami, koszulami, a nawet marynarkami. Mo\u017cna je nosi\u0107 samodzielnie lub w po\u0142\u0105czeniu z zawieszk\u0105, tworz\u0105c bardziej personalny akcent. To bi\u017cuteria, kt\u00f3ra nie wychodzi z mody i podkre\u015bla charakter w\u0142a\u015bciciela, niezale\u017cnie od okazji.<\/p>\n<p><a href=\"https:\/\/www.noworudzianin.pl\/WWW\/wp-content\/uploads\/2026\/01\/Srebrne-lancuszki-meskie-pancerka-Zdjecie-2.jpg\"><img loading=\"lazy\" decoding=\"async\" src=\"https:\/\/www.noworudzianin.pl\/WWW\/wp-content\/uploads\/2026\/01\/Srebrne-lancuszki-meskie-pancerka-Zdjecie-2.jpg\" alt=\"\" width=\"2000\" height=\"2500\" class=\"alignnone size-full wp-image-28589\" srcset=\"https:\/\/www.noworudzianin.pl\/WWW\/wp-content\/uploads\/2026\/01\/Srebrne-lancuszki-meskie-pancerka-Zdjecie-2.jpg 2000w, https:\/\/www.noworudzianin.pl\/WWW\/wp-content\/uploads\/2026\/01\/Srebrne-lancuszki-meskie-pancerka-Zdjecie-2-240x300.jpg 240w, https:\/\/www.noworudzianin.pl\/WWW\/wp-content\/uploads\/2026\/01\/Srebrne-lancuszki-meskie-pancerka-Zdjecie-2-630x788.jpg 630w, https:\/\/www.noworudzianin.pl\/WWW\/wp-content\/uploads\/2026\/01\/Srebrne-lancuszki-meskie-pancerka-Zdjecie-2-768x960.jpg 768w, https:\/\/www.noworudzianin.pl\/WWW\/wp-content\/uploads\/2026\/01\/Srebrne-lancuszki-meskie-pancerka-Zdjecie-2-1229x1536.jpg 1229w, https:\/\/www.noworudzianin.pl\/WWW\/wp-content\/uploads\/2026\/01\/Srebrne-lancuszki-meskie-pancerka-Zdjecie-2-1638x2048.jpg 1638w\" sizes=\"(max-width: 2000px) 100vw, 2000px\" \/><\/a><\/p>\n","protected":false},"excerpt":{"rendered":"<p>Srebrne \u0142a\u0144cuszki m\u0119skie pancerka od lat ciesz\u0105 si\u0119 nies\u0142abn\u0105c\u0105 popularno\u015bci\u0105 w\u015br\u00f3d m\u0119\u017cczyzn, kt\u00f3rzy ceni\u0105 wyrazist\u0105 bi\u017cuteri\u0119 o uniwersalnym charakterze. Ten<\/p>\n","protected":false},"author":6,"featured_media":28588,"comment_status":"open","ping_status":"closed","sticky":false,"template":"","format":"standard","meta":{"om_disable_all_campaigns":false,"_monsterinsights_skip_tracking":false,"_monsterinsights_sitenote_active":false,"_monsterinsights_sitenote_note":"","_monsterinsights_sitenote_category":0,"_uf_show_specific_survey":0,"_uf_disable_surveys":false,"footnotes":""},"categories":[2],"tags":[7449,20,5,7450,7451],"aioseo_notices":[],"amp_enabled":true,"_links":{"self":[{"href":"https:\/\/www.noworudzianin.pl\/WWW\/wp-json\/wp\/v2\/posts\/28587"}],"collection":[{"href":"https:\/\/www.noworudzianin.pl\/WWW\/wp-json\/wp\/v2\/posts"}],"about":[{"href":"https:\/\/www.noworudzianin.pl\/WWW\/wp-json\/wp\/v2\/types\/post"}],"author":[{"embeddable":true,"href":"https:\/\/www.noworudzianin.pl\/WWW\/wp-json\/wp\/v2\/users\/6"}],"replies":[{"embeddable":true,"href":"https:\/\/www.noworudzianin.pl\/WWW\/wp-json\/wp\/v2\/comments?post=28587"}],"version-history":[{"count":6,"href":"https:\/\/www.noworudzianin.pl\/WWW\/wp-json\/wp\/v2\/posts\/28587\/revisions"}],"predecessor-version":[{"id":28596,"href":"https:\/\/www.noworudzianin.pl\/WWW\/wp-json\/wp\/v2\/posts\/28587\/revisions\/28596"}],"wp:featuredmedia":[{"embeddable":true,"href":"https:\/\/www.noworudzianin.pl\/WWW\/wp-json\/wp\/v2\/media\/28588"}],"wp:attachment":[{"href":"https:\/\/www.noworudzianin.pl\/WWW\/wp-json\/wp\/v2\/media?parent=28587"}],"wp:term":[{"taxonomy":"category","embeddable":true,"href":"https:\/\/www.noworudzianin.pl\/WWW\/wp-json\/wp\/v2\/categories?post=28587"},{"taxonomy":"post_tag","embeddable":true,"href":"https:\/\/www.noworudzianin.pl\/WWW\/wp-json\/wp\/v2\/tags?post=28587"}],"curies":[{"name":"wp","href":"https:\/\/api.w.org\/{rel}","templated":true}]}}