{"id":3191,"date":"2017-03-30T16:35:31","date_gmt":"2017-03-30T14:35:31","guid":{"rendered":"http:\/\/www.noworudzianin.pl\/WWW\/?p=3191"},"modified":"2023-08-12T18:33:41","modified_gmt":"2023-08-12T16:33:41","slug":"uniwersytecki-marzec","status":"publish","type":"post","link":"https:\/\/www.noworudzianin.pl\/WWW\/2017\/03\/30\/uniwersytecki-marzec\/","title":{"rendered":"Uniwersytecki marzec"},"content":{"rendered":"<p><script src=\"https:\/\/apis.google.com\/js\/platform.js\" async defer>\n  {lang: 'pl'}\n<\/script><\/p>\n<div class=\"g-plusone\" data-annotation=\"inline\" data-width=\"300\"><\/div>\n<p><iframe loading=\"lazy\" style=\"border: none; overflow: hidden;\" src=\"https:\/\/www.facebook.com\/plugins\/like.php?href=https%3A%2F%2Fwww.facebook.com%2FNoworudzianin%2F&amp;width=450&amp;layout=standard&amp;action=like&amp;size=large&amp;show_faces=true&amp;share=true&amp;height=80&amp;appId=245775052109201\" width=\"450\" height=\"80\" frameborder=\"0\" scrolling=\"no\"><\/iframe><\/p>\n<p>S\u0142uchacze Noworudzkiego Uniwersytetu Trzeciego Wieku bardzo po\u017cytecznie sp\u0119dzali czas, podczas marcowych spotka\u0144 i wyjazd\u00f3w. <!--more--><\/p>\n<p>Ka\u017cdy tydzie\u0144 to inna przygoda, zabawa i nauka jednocze\u015bnie.<\/p>\n<p><a href=\"http:\/\/www.noworudzianin.pl\/WWW\/wp-content\/uploads\/2017\/03\/tworczy1.jpg\"><img loading=\"lazy\" decoding=\"async\" class=\"alignnone size-large wp-image-3195\" src=\"http:\/\/www.noworudzianin.pl\/WWW\/wp-content\/uploads\/2017\/03\/tworczy1-630x759.jpg\" alt=\"\" width=\"630\" height=\"759\" srcset=\"https:\/\/www.noworudzianin.pl\/WWW\/wp-content\/uploads\/2017\/03\/tworczy1-630x759.jpg 630w, https:\/\/www.noworudzianin.pl\/WWW\/wp-content\/uploads\/2017\/03\/tworczy1-249x300.jpg 249w, https:\/\/www.noworudzianin.pl\/WWW\/wp-content\/uploads\/2017\/03\/tworczy1.jpg 664w\" sizes=\"(max-width: 630px) 100vw, 630px\" \/><\/a><\/p>\n<p><img loading=\"lazy\" decoding=\"async\" class=\"alignnone size-large wp-image-3196\" src=\"http:\/\/www.noworudzianin.pl\/WWW\/wp-content\/uploads\/2017\/03\/tworczy2-630x544.jpg\" alt=\"\" width=\"630\" height=\"544\" srcset=\"https:\/\/www.noworudzianin.pl\/WWW\/wp-content\/uploads\/2017\/03\/tworczy2-630x544.jpg 630w, https:\/\/www.noworudzianin.pl\/WWW\/wp-content\/uploads\/2017\/03\/tworczy2-300x259.jpg 300w, https:\/\/www.noworudzianin.pl\/WWW\/wp-content\/uploads\/2017\/03\/tworczy2-768x663.jpg 768w, https:\/\/www.noworudzianin.pl\/WWW\/wp-content\/uploads\/2017\/03\/tworczy2.jpg 800w\" sizes=\"(max-width: 630px) 100vw, 630px\" \/><\/p>\n<p>W poniedzia\u0142ek 20 marca Noworudzki Uniwersytet Trzeciego Wieku go\u015bci\u0142 Beat\u0119 Kras, kt\u00f3ra poprowadzi\u0142a inspiruj\u0105cy i ciekawy wyk\u0142ad po\u0142\u0105czony z prezentacj\u0105 pt. \u201eTw\u00f3rczy senior, czyli o rado\u015bci i uzdrowie\u0144czej sile osobistej tw\u00f3rczo\u015bci\u201d.<\/p>\n<p><a href=\"http:\/\/www.noworudzianin.pl\/WWW\/wp-content\/uploads\/2017\/03\/Uniwersytecki-marzec-1.jpg\"><img loading=\"lazy\" decoding=\"async\" class=\"alignnone size-large wp-image-3194\" src=\"http:\/\/www.noworudzianin.pl\/WWW\/wp-content\/uploads\/2017\/03\/Uniwersytecki-marzec-1-630x473.jpg\" alt=\"\" width=\"630\" height=\"473\" srcset=\"https:\/\/www.noworudzianin.pl\/WWW\/wp-content\/uploads\/2017\/03\/Uniwersytecki-marzec-1-630x473.jpg 630w, https:\/\/www.noworudzianin.pl\/WWW\/wp-content\/uploads\/2017\/03\/Uniwersytecki-marzec-1-300x225.jpg 300w, https:\/\/www.noworudzianin.pl\/WWW\/wp-content\/uploads\/2017\/03\/Uniwersytecki-marzec-1-768x576.jpg 768w, https:\/\/www.noworudzianin.pl\/WWW\/wp-content\/uploads\/2017\/03\/Uniwersytecki-marzec-1.jpg 800w\" sizes=\"(max-width: 630px) 100vw, 630px\" \/><\/a><\/p>\n<p>W pi\u0105tek 24 marca w dzier\u017coniowskiej kr\u0119gielni rozegrana zosta\u0142a pi\u0105ta edycja mi\u0119dzyuniwersyteckich zawod\u00f3w w kr\u0119gle. Gospodarzem spotkania by\u0142 Dzier\u017coniowski Uniwersytet Trzeciego Wieku, a w zawodach wzi\u0119\u0142o udzia\u0142 sze\u015b\u0107 dru\u017cyn: gospodarze, UTW \u201eSudety\u201d z K\u0142odzka, UTW ze \u015awidnicy, dwie dru\u017cyny z \u017barowskiego UTW oraz dru\u017cyna Noworudzkiego Uniwersytetu Trzeciego Wieku.<\/p>\n<p><a href=\"http:\/\/www.noworudzianin.pl\/WWW\/wp-content\/uploads\/2017\/03\/Uniwersytecki-marzec-3.jpg\"><img loading=\"lazy\" decoding=\"async\" class=\"alignnone size-large wp-image-3193\" src=\"http:\/\/www.noworudzianin.pl\/WWW\/wp-content\/uploads\/2017\/03\/Uniwersytecki-marzec-3-630x473.jpg\" alt=\"\" width=\"630\" height=\"473\" srcset=\"https:\/\/www.noworudzianin.pl\/WWW\/wp-content\/uploads\/2017\/03\/Uniwersytecki-marzec-3-630x473.jpg 630w, https:\/\/www.noworudzianin.pl\/WWW\/wp-content\/uploads\/2017\/03\/Uniwersytecki-marzec-3-300x225.jpg 300w, https:\/\/www.noworudzianin.pl\/WWW\/wp-content\/uploads\/2017\/03\/Uniwersytecki-marzec-3-768x576.jpg 768w, https:\/\/www.noworudzianin.pl\/WWW\/wp-content\/uploads\/2017\/03\/Uniwersytecki-marzec-3.jpg 1824w\" sizes=\"(max-width: 630px) 100vw, 630px\" \/><\/a><\/p>\n<p>W czwartek 16 marca, 20-osobowa grupa noworudzkich diabetyk\u00f3w, w\u015br\u00f3d kt\u00f3rych s\u0105 seniorzy z NUTW, wzi\u0119\u0142a udzia\u0142 w III Z\u0142otoryjskich Spotkaniach Diabetologicznych pod has\u0142em \u201eZ\u0142oto naszym dobrem, wiedza bogactwem\u201d.<\/p>\n<p><span style=\"color: #0000ff;\">Wi\u0119cej informacji na str. 30 w numerze 274 tygodnika &#8222;Noworudzianin&#8221;\u00a0<\/span><br \/>\n<script language=\"JavaScript\"><\/p>\n<p><!--\nfunction FP_swapImg() {\/\/v1.0\n var doc=document,args=arguments,elm,n; doc.$imgSwaps=new Array(); for(n=2; n<args.length;\n n+=2) { elm=FP_getObjectByID(args[n]); if(elm) { doc.$imgSwaps[doc.$imgSwaps.length]=elm;\n elm.$src=elm.src; elm.src=args[n+1]; } }\n}\nfunction FP_preloadImgs() {\/\/v1.0\n var d=document,a=arguments; if(!d.FP_imgs) d.FP_imgs=new Array();\n for(var i=0; i<a.length; i++) { d.FP_imgs[i]=new Image; d.FP_imgs[i].src=a[i]; }\n}\nfunction FP_getObjectByID(id,o) {\/\/v1.0\n var c,el,els,f,m,n; if(!o)o=document; if(o.getElementById) el=o.getElementById(id);\n else if(o.layers) c=o.layers; else if(o.all) el=o.all[id]; if(el) return el;\n if(o.id==id || o.name==id) return o; if(o.childNodes) c=o.childNodes; if(c)\n for(n=0; n<c.length; n++) { el=FP_getObjectByID(id,c[n]); if(el) return el; }\n f=o.forms; if(f) for(n=0; n<f.length; n++) { els=f[n].elements;\n for(m=0; m<els.length; m++){ el=FP_getObjectByID(id,els[n]); if(el) return el; } } return null; } \/\/ -->\n<\/script><\/p>\n<p align=\"center\"><a href=\"http:\/\/www.noworudzianin.pl\/WWW\/images\/274_b.jpg\" target=\"_blank\" rel=\"noopener\"><br \/>\n<img loading=\"lazy\" decoding=\"async\" src=\"http:\/\/www.noworudzianin.pl\/WWW\/images\/274_b_small.jpg\" width=\"221\" height=\"300\" border=\"1\" \/><\/a><br \/>\n<span style=\"font-family: Verdana;\">Numer 274<br \/>\n<span style=\"font-size: small;\">31 marca \u2013 6 kwietnia 2017 r.<\/span><\/span><\/p>\n","protected":false},"excerpt":{"rendered":"<p>S\u0142uchacze Noworudzkiego Uniwersytetu Trzeciego Wieku bardzo po\u017cytecznie sp\u0119dzali czas, podczas marcowych spotka\u0144 i wyjazd\u00f3w.<\/p>\n","protected":false},"author":6,"featured_media":3192,"comment_status":"open","ping_status":"open","sticky":false,"template":"","format":"standard","meta":{"om_disable_all_campaigns":false,"_monsterinsights_skip_tracking":false,"_monsterinsights_sitenote_active":false,"_monsterinsights_sitenote_note":"","_monsterinsights_sitenote_category":0,"_uf_show_specific_survey":0,"_uf_disable_surveys":false,"footnotes":""},"categories":[2,32,218],"tags":[20,5,783,4,456,684,787],"aioseo_notices":[],"amp_enabled":true,"_links":{"self":[{"href":"https:\/\/www.noworudzianin.pl\/WWW\/wp-json\/wp\/v2\/posts\/3191"}],"collection":[{"href":"https:\/\/www.noworudzianin.pl\/WWW\/wp-json\/wp\/v2\/posts"}],"about":[{"href":"https:\/\/www.noworudzianin.pl\/WWW\/wp-json\/wp\/v2\/types\/post"}],"author":[{"embeddable":true,"href":"https:\/\/www.noworudzianin.pl\/WWW\/wp-json\/wp\/v2\/users\/6"}],"replies":[{"embeddable":true,"href":"https:\/\/www.noworudzianin.pl\/WWW\/wp-json\/wp\/v2\/comments?post=3191"}],"version-history":[{"count":2,"href":"https:\/\/www.noworudzianin.pl\/WWW\/wp-json\/wp\/v2\/posts\/3191\/revisions"}],"predecessor-version":[{"id":27637,"href":"https:\/\/www.noworudzianin.pl\/WWW\/wp-json\/wp\/v2\/posts\/3191\/revisions\/27637"}],"wp:featuredmedia":[{"embeddable":true,"href":"https:\/\/www.noworudzianin.pl\/WWW\/wp-json\/wp\/v2\/media\/3192"}],"wp:attachment":[{"href":"https:\/\/www.noworudzianin.pl\/WWW\/wp-json\/wp\/v2\/media?parent=3191"}],"wp:term":[{"taxonomy":"category","embeddable":true,"href":"https:\/\/www.noworudzianin.pl\/WWW\/wp-json\/wp\/v2\/categories?post=3191"},{"taxonomy":"post_tag","embeddable":true,"href":"https:\/\/www.noworudzianin.pl\/WWW\/wp-json\/wp\/v2\/tags?post=3191"}],"curies":[{"name":"wp","href":"https:\/\/api.w.org\/{rel}","templated":true}]}}