{"id":3699,"date":"2017-05-18T16:30:49","date_gmt":"2017-05-18T14:30:49","guid":{"rendered":"http:\/\/www.noworudzianin.pl\/WWW\/?p=3699"},"modified":"2017-05-18T17:00:24","modified_gmt":"2017-05-18T15:00:24","slug":"wsi-spokojna-wsi-wesola","status":"publish","type":"post","link":"https:\/\/www.noworudzianin.pl\/WWW\/2017\/05\/18\/wsi-spokojna-wsi-wesola\/","title":{"rendered":"Wsi spokojna, wsi weso\u0142a&#8230;"},"content":{"rendered":"<p><script src=\"https:\/\/apis.google.com\/js\/platform.js\" async defer>\n  {lang: 'pl'}\n<\/script><\/p>\n<div class=\"g-plusone\" data-annotation=\"inline\" data-width=\"300\"><\/div>\n<p><iframe loading=\"lazy\" src=\"https:\/\/www.facebook.com\/plugins\/like.php?href=https%3A%2F%2Fwww.facebook.com%2FNoworudzianin%2F&#038;width=450&#038;layout=standard&#038;action=like&#038;size=large&#038;show_faces=true&#038;share=true&#038;height=80&#038;appId=245775052109201\" width=\"450\" height=\"80\" style=\"border:none;overflow:hidden\" scrolling=\"no\" frameborder=\"0\" allowTransparency=\"true\"><\/iframe><\/p>\n<p>Dwa so\u0142ectwa, dwa zebrania wiejskie \u2013 Koszyn i Bo\u017ck\u00f3w. Dwie\u00a0spo\u0142eczno\u015bci, obok siebie, r\u00f3\u017cni\u0105ce si\u0119 nieco zaanga\u017cowaniem w sprawy wsi.<!--more--><br \/>\nW pi\u0105tkowe popo\u0142udnie, w ubieg\u0142ym tygodniu odby\u0142y si\u0119 dwa zebrania wiejskie, na kt\u00f3re przybyli Adrianna Mierzejewska, w\u00f3jt gminy Nowa Ruda i Grzegorz Nierodka, przewodnicz\u0105cy Rady Gminy Nowa Ruda. Najpierw zawitali do Koszyna, potem pojechali do siebie \u2013 do Bo\u017ckowa.<\/p>\n<p><a href=\"http:\/\/www.noworudzianin.pl\/WWW\/wp-content\/uploads\/2017\/05\/Wsi-spokojna-wsi-weso\u0142a...-2.jpg\"><img loading=\"lazy\" decoding=\"async\" src=\"http:\/\/www.noworudzianin.pl\/WWW\/wp-content\/uploads\/2017\/05\/Wsi-spokojna-wsi-weso\u0142a...-2-630x350.jpg\" alt=\"\" width=\"630\" height=\"350\" class=\"alignnone size-large wp-image-3665\" srcset=\"https:\/\/www.noworudzianin.pl\/WWW\/wp-content\/uploads\/2017\/05\/Wsi-spokojna-wsi-weso\u0142a...-2-630x350.jpg 630w, https:\/\/www.noworudzianin.pl\/WWW\/wp-content\/uploads\/2017\/05\/Wsi-spokojna-wsi-weso\u0142a...-2-300x167.jpg 300w, https:\/\/www.noworudzianin.pl\/WWW\/wp-content\/uploads\/2017\/05\/Wsi-spokojna-wsi-weso\u0142a...-2-768x427.jpg 768w, https:\/\/www.noworudzianin.pl\/WWW\/wp-content\/uploads\/2017\/05\/Wsi-spokojna-wsi-weso\u0142a...-2.jpg 800w\" sizes=\"(max-width: 630px) 100vw, 630px\" \/><\/a><\/p>\n<p><a href=\"http:\/\/www.noworudzianin.pl\/WWW\/wp-content\/uploads\/2017\/05\/Wsi-spokojna-wsi-weso\u0142a...-3.jpg\"><img loading=\"lazy\" decoding=\"async\" src=\"http:\/\/www.noworudzianin.pl\/WWW\/wp-content\/uploads\/2017\/05\/Wsi-spokojna-wsi-weso\u0142a...-3-630x350.jpg\" alt=\"\" width=\"630\" height=\"350\" class=\"alignnone size-large wp-image-3666\" srcset=\"https:\/\/www.noworudzianin.pl\/WWW\/wp-content\/uploads\/2017\/05\/Wsi-spokojna-wsi-weso\u0142a...-3-630x350.jpg 630w, https:\/\/www.noworudzianin.pl\/WWW\/wp-content\/uploads\/2017\/05\/Wsi-spokojna-wsi-weso\u0142a...-3-300x167.jpg 300w, https:\/\/www.noworudzianin.pl\/WWW\/wp-content\/uploads\/2017\/05\/Wsi-spokojna-wsi-weso\u0142a...-3-768x427.jpg 768w, https:\/\/www.noworudzianin.pl\/WWW\/wp-content\/uploads\/2017\/05\/Wsi-spokojna-wsi-weso\u0142a...-3.jpg 800w\" sizes=\"(max-width: 630px) 100vw, 630px\" \/><\/a><\/p>\n<p><span style=\"color: #0000ff;\">Wi\u0119cej informacji na str. 3 w numerze 280 tygodnika &#8222;Noworudzianin&#8221; dost\u0119pnym w<\/span> <a href=\"http:\/\/www.noworudzianin.pl\/WWW\/archiwum\/rok-2017\/\" target=\"_blank\">archiwum<\/a>.<br \/>\n<script language=\"JavaScript\"><\/p>\n<p><!--\nfunction FP_swapImg() {\/\/v1.0\n var doc=document,args=arguments,elm,n; doc.$imgSwaps=new Array(); for(n=2; n<args.length;\n n+=2) { elm=FP_getObjectByID(args[n]); if(elm) { doc.$imgSwaps[doc.$imgSwaps.length]=elm;\n elm.$src=elm.src; elm.src=args[n+1]; } }\n}\nfunction FP_preloadImgs() {\/\/v1.0\n var d=document,a=arguments; if(!d.FP_imgs) d.FP_imgs=new Array();\n for(var i=0; i<a.length; i++) { d.FP_imgs[i]=new Image; d.FP_imgs[i].src=a[i]; }\n}\nfunction FP_getObjectByID(id,o) {\/\/v1.0\n var c,el,els,f,m,n; if(!o)o=document; if(o.getElementById) el=o.getElementById(id);\n else if(o.layers) c=o.layers; else if(o.all) el=o.all[id]; if(el) return el;\n if(o.id==id || o.name==id) return o; if(o.childNodes) c=o.childNodes; if(c)\n for(n=0; n<c.length; n++) { el=FP_getObjectByID(id,c[n]); if(el) return el; }\n f=o.forms; if(f) for(n=0; n<f.length; n++) { els=f[n].elements;\n for(m=0; m<els.length; m++){ el=FP_getObjectByID(id,els[n]); if(el) return el; } }\n return null;\n}\n\/\/ -->\n<\/script><br \/>\n<body onload=\"FP_preloadImgs(\/*url*\/'http:\/\/www.noworudzianin.pl\/WWW\/images\/button53.jpg', \/*url*\/'http:\/\/www.noworudzianin.pl\/WWW\/images\/button52.jpg')\"><\/p>\n<p align=\"center\">\n\t\t\t<a target=\"_blank\" href=\"http:\/\/www.noworudzianin.pl\/WWW\/images\/280_b.jpg\"><br \/>\n\t\t\t<img loading=\"lazy\" decoding=\"async\" border=\"1\" src=\"http:\/\/www.noworudzianin.pl\/WWW\/images\/280_b_small.jpg\" width=\"221\" height=\"300\"><\/a><br \/>\n\t\t\t<font face=\"Verdana\">Numer 280<br \/>\n\t\t\t<font size=\"2\">19-25 maja 2017 r.<\/font><\/font><br \/><a title=\"pobierz e-gazet\u0119\" onclick=\"window.open('\/egazeta\/index.php?n=280','Pobierz_egazete', 'menubar=no,toolbar=no,location=no,directories=no,status=no,scrollbars=no,resizable=no,fullscreen=no,channelmode=no,width=400,height=400').focus(); return false()\"><img loading=\"lazy\" decoding=\"async\" border=\"0\" id=\"img62\" src=\"http:\/\/www.noworudzianin.pl\/WWW\/images\/button51.jpg\" height=\"30\" width=\"150\" alt=\"Pobierz tutaj (pdf)\" onmouseover=\"FP_swapImg(1,0,\/*id*\/'img62',\/*url*\/'http:\/\/www.noworudzianin.pl\/WWW\/images\/button52.jpg')\" onmouseout=\"FP_swapImg(0,0,\/*id*\/'img62',\/*url*\/'http:\/\/www.noworudzianin.pl\/WWW\/images\/button51.jpg')\" onmousedown=\"FP_swapImg(1,0,\/*id*\/'img62',\/*url*\/'http:\/\/www.noworudzianin.pl\/WWW\/images\/button53.jpg')\" onmouseup=\"FP_swapImg(0,0,\/*id*\/'img62',\/*url*\/'http:\/\/www.noworudzianin.pl\/WWW\/images\/button52.jpg')\" fp-style=\"fp-btn: Glass Rectangle 1; fp-font-size: 12; fp-orig: 0\" fp-title=\"Pobierz tutaj (pdf)\"><\/a><\/p>\n","protected":false},"excerpt":{"rendered":"<p>Dwa so\u0142ectwa, dwa zebrania wiejskie \u2013 Koszyn i Bo\u017ck\u00f3w. Dwie\u00a0spo\u0142eczno\u015bci, obok siebie, r\u00f3\u017cni\u0105ce si\u0119 nieco zaanga\u017cowaniem w sprawy wsi.<\/p>\n","protected":false},"author":6,"featured_media":3664,"comment_status":"open","ping_status":"open","sticky":false,"template":"","format":"standard","meta":{"om_disable_all_campaigns":false,"_monsterinsights_skip_tracking":false,"_monsterinsights_sitenote_active":false,"_monsterinsights_sitenote_note":"","_monsterinsights_sitenote_category":0,"_uf_show_specific_survey":0,"_uf_disable_surveys":false,"footnotes":""},"categories":[2,29,426],"tags":[336,86,1031,508,1028,1030,1029,1032],"aioseo_notices":[],"amp_enabled":true,"_links":{"self":[{"href":"https:\/\/www.noworudzianin.pl\/WWW\/wp-json\/wp\/v2\/posts\/3699"}],"collection":[{"href":"https:\/\/www.noworudzianin.pl\/WWW\/wp-json\/wp\/v2\/posts"}],"about":[{"href":"https:\/\/www.noworudzianin.pl\/WWW\/wp-json\/wp\/v2\/types\/post"}],"author":[{"embeddable":true,"href":"https:\/\/www.noworudzianin.pl\/WWW\/wp-json\/wp\/v2\/users\/6"}],"replies":[{"embeddable":true,"href":"https:\/\/www.noworudzianin.pl\/WWW\/wp-json\/wp\/v2\/comments?post=3699"}],"version-history":[{"count":1,"href":"https:\/\/www.noworudzianin.pl\/WWW\/wp-json\/wp\/v2\/posts\/3699\/revisions"}],"predecessor-version":[{"id":3700,"href":"https:\/\/www.noworudzianin.pl\/WWW\/wp-json\/wp\/v2\/posts\/3699\/revisions\/3700"}],"wp:featuredmedia":[{"embeddable":true,"href":"https:\/\/www.noworudzianin.pl\/WWW\/wp-json\/wp\/v2\/media\/3664"}],"wp:attachment":[{"href":"https:\/\/www.noworudzianin.pl\/WWW\/wp-json\/wp\/v2\/media?parent=3699"}],"wp:term":[{"taxonomy":"category","embeddable":true,"href":"https:\/\/www.noworudzianin.pl\/WWW\/wp-json\/wp\/v2\/categories?post=3699"},{"taxonomy":"post_tag","embeddable":true,"href":"https:\/\/www.noworudzianin.pl\/WWW\/wp-json\/wp\/v2\/tags?post=3699"}],"curies":[{"name":"wp","href":"https:\/\/api.w.org\/{rel}","templated":true}]}}