{"id":4012,"date":"2017-06-22T16:36:07","date_gmt":"2017-06-22T14:36:07","guid":{"rendered":"http:\/\/www.noworudzianin.pl\/WWW\/?p=4012"},"modified":"2023-08-12T19:51:47","modified_gmt":"2023-08-12T17:51:47","slug":"racje-i-aberracje","status":"publish","type":"post","link":"https:\/\/www.noworudzianin.pl\/WWW\/2017\/06\/22\/racje-i-aberracje\/","title":{"rendered":"Racje i aberracje"},"content":{"rendered":"<p><script src=\"https:\/\/apis.google.com\/js\/platform.js\" async defer>\n  {lang: 'pl'}\n<\/script><\/p>\n<div class=\"g-plusone\" data-annotation=\"inline\" data-width=\"300\"><\/div>\n<p><iframe loading=\"lazy\" style=\"border: none; overflow: hidden;\" src=\"https:\/\/www.facebook.com\/plugins\/like.php?href=https%3A%2F%2Fwww.facebook.com%2FNoworudzianin%2F&amp;width=450&amp;layout=standard&amp;action=like&amp;size=large&amp;show_faces=true&amp;share=true&amp;height=80&amp;appId=245775052109201\" width=\"450\" height=\"80\" frameborder=\"0\" scrolling=\"no\"><\/iframe><\/p>\n<p>W niedziel\u0119 18 czerwca, w s\u0142upieckiej filii Miejskiej Biblioteki Publicznej w Nowej Rudzie, odby\u0142 si\u0119 wyk\u0142ad Leszka \u017bebrowskiego <!--more--><br \/>\npod tytu\u0142em \u201eBohaterowie i Zdrajcy. Konspiracja w okupowanej Polsce 1939-1945. Kontrowersje wok\u00f3\u0142 Brygady \u015awi\u0119tokrzyskiej Narodowych Si\u0142 Zbrojnych\u201d.<br \/>\nPo wyczerpuj\u0105cym, ponad 3-godzinnym wyk\u0142adzie g\u0142os zabrali zaproszeni go\u015bcie: Genowefa Aleksander, cz\u0142onkini NSZ oraz kapitan J\u00f3zef Oleksiewicz, \u017co\u0142nierz Armii Krajowej i NSZ. W dyskusji g\u0142os zabra\u0142 r\u00f3wnie\u017c Stanis\u0142aw \u0141ukasik.<\/p>\n<p><a href=\"http:\/\/www.noworudzianin.pl\/WWW\/wp-content\/uploads\/2017\/06\/Racje-i-aberracje-2.jpg\"><img loading=\"lazy\" decoding=\"async\" class=\"alignnone size-large wp-image-3984\" src=\"http:\/\/www.noworudzianin.pl\/WWW\/wp-content\/uploads\/2017\/06\/Racje-i-aberracje-2-630x350.jpg\" alt=\"\" width=\"630\" height=\"350\" srcset=\"https:\/\/www.noworudzianin.pl\/WWW\/wp-content\/uploads\/2017\/06\/Racje-i-aberracje-2-630x350.jpg 630w, https:\/\/www.noworudzianin.pl\/WWW\/wp-content\/uploads\/2017\/06\/Racje-i-aberracje-2-300x167.jpg 300w, https:\/\/www.noworudzianin.pl\/WWW\/wp-content\/uploads\/2017\/06\/Racje-i-aberracje-2-768x427.jpg 768w, https:\/\/www.noworudzianin.pl\/WWW\/wp-content\/uploads\/2017\/06\/Racje-i-aberracje-2.jpg 800w\" sizes=\"(max-width: 630px) 100vw, 630px\" \/><\/a><\/p>\n<p><span style=\"color: #0000ff;\">Wi\u0119cej informacji na str. 5 w numerze 285 tygodnika \u201eNoworudzianin\u201d\u00a0<\/span><br \/>\n<script language=\"JavaScript\"><\/p>\n<p><!--\nfunction FP_swapImg() {\/\/v1.0\n var doc=document,args=arguments,elm,n; doc.$imgSwaps=new Array(); for(n=2; n<args.length;\n n+=2) { elm=FP_getObjectByID(args[n]); if(elm) { doc.$imgSwaps[doc.$imgSwaps.length]=elm;\n elm.$src=elm.src; elm.src=args[n+1]; } }\n}\nfunction FP_preloadImgs() {\/\/v1.0\n var d=document,a=arguments; if(!d.FP_imgs) d.FP_imgs=new Array();\n for(var i=0; i<a.length; i++) { d.FP_imgs[i]=new Image; d.FP_imgs[i].src=a[i]; }\n}\nfunction FP_getObjectByID(id,o) {\/\/v1.0\n var c,el,els,f,m,n; if(!o)o=document; if(o.getElementById) el=o.getElementById(id);\n else if(o.layers) c=o.layers; else if(o.all) el=o.all[id]; if(el) return el;\n if(o.id==id || o.name==id) return o; if(o.childNodes) c=o.childNodes; if(c)\n for(n=0; n<c.length; n++) { el=FP_getObjectByID(id,c[n]); if(el) return el; }\n f=o.forms; if(f) for(n=0; n<f.length; n++) { els=f[n].elements;\n for(m=0; m<els.length; m++){ el=FP_getObjectByID(id,els[n]); if(el) return el; } } return null; } \/\/ -->\n<\/script><\/p>\n<p align=\"center\"><a href=\"http:\/\/www.noworudzianin.pl\/WWW\/images\/285_b.jpg\" target=\"_blank\" rel=\"noopener\"><br \/>\n<img loading=\"lazy\" decoding=\"async\" src=\"http:\/\/www.noworudzianin.pl\/WWW\/images\/285_b_small.jpg\" width=\"221\" height=\"300\" border=\"1\" \/><\/a><br \/>\n<span style=\"font-family: Verdana;\">Numer 285<br \/>\n<span style=\"font-size: small;\">23-29 czerwca 2017 r.<\/span><\/span><\/p>\n","protected":false},"excerpt":{"rendered":"<p>W niedziel\u0119 18 czerwca, w s\u0142upieckiej filii Miejskiej Biblioteki Publicznej w Nowej Rudzie, odby\u0142 si\u0119 wyk\u0142ad Leszka \u017bebrowskiego<\/p>\n","protected":false},"author":6,"featured_media":3983,"comment_status":"open","ping_status":"open","sticky":false,"template":"","format":"standard","meta":{"om_disable_all_campaigns":false,"_monsterinsights_skip_tracking":false,"_monsterinsights_sitenote_active":false,"_monsterinsights_sitenote_note":"","_monsterinsights_sitenote_category":0,"_uf_show_specific_survey":0,"_uf_disable_surveys":false,"footnotes":""},"categories":[2,84,6],"tags":[1199,20,5,1180,4,1200],"aioseo_notices":[],"amp_enabled":true,"_links":{"self":[{"href":"https:\/\/www.noworudzianin.pl\/WWW\/wp-json\/wp\/v2\/posts\/4012"}],"collection":[{"href":"https:\/\/www.noworudzianin.pl\/WWW\/wp-json\/wp\/v2\/posts"}],"about":[{"href":"https:\/\/www.noworudzianin.pl\/WWW\/wp-json\/wp\/v2\/types\/post"}],"author":[{"embeddable":true,"href":"https:\/\/www.noworudzianin.pl\/WWW\/wp-json\/wp\/v2\/users\/6"}],"replies":[{"embeddable":true,"href":"https:\/\/www.noworudzianin.pl\/WWW\/wp-json\/wp\/v2\/comments?post=4012"}],"version-history":[{"count":4,"href":"https:\/\/www.noworudzianin.pl\/WWW\/wp-json\/wp\/v2\/posts\/4012\/revisions"}],"predecessor-version":[{"id":27766,"href":"https:\/\/www.noworudzianin.pl\/WWW\/wp-json\/wp\/v2\/posts\/4012\/revisions\/27766"}],"wp:featuredmedia":[{"embeddable":true,"href":"https:\/\/www.noworudzianin.pl\/WWW\/wp-json\/wp\/v2\/media\/3983"}],"wp:attachment":[{"href":"https:\/\/www.noworudzianin.pl\/WWW\/wp-json\/wp\/v2\/media?parent=4012"}],"wp:term":[{"taxonomy":"category","embeddable":true,"href":"https:\/\/www.noworudzianin.pl\/WWW\/wp-json\/wp\/v2\/categories?post=4012"},{"taxonomy":"post_tag","embeddable":true,"href":"https:\/\/www.noworudzianin.pl\/WWW\/wp-json\/wp\/v2\/tags?post=4012"}],"curies":[{"name":"wp","href":"https:\/\/api.w.org\/{rel}","templated":true}]}}